{"id":118498,"date":"2025-09-16T09:53:07","date_gmt":"2025-09-16T09:53:07","guid":{"rendered":"https:\/\/www.europesays.com\/es\/118498\/"},"modified":"2025-09-16T09:53:07","modified_gmt":"2025-09-16T09:53:07","slug":"roberto-molina-el-riojano-que-dio-forma-al-oro-aleman","status":"publish","type":"post","link":"https:\/\/www.europesays.com\/es\/118498\/","title":{"rendered":"Roberto Molina, el riojano que dio forma al oro alem\u00e1n"},"content":{"rendered":"<p>Acababa el partido en Riga y Alemania se proclamaba campe\u00f3n del Eurobasket tras ganar a Turqu\u00eda (83-88) en la gran final. Alemania sumaba a  &#8230; su t\u00edtulo mundial el europeo. El banquillo germano saltaba a la cancha para celebrar el t\u00edtulo. El cuerpo t\u00e9cnico, con un \u00c1lex Mumbr\u00fa muy desmejorado (sufri\u00f3 una pancreatitis aguda justo antes de empezar el torneo que le ha hecho perder ocho kilos en pocos d\u00edas) a los mandos, se fund\u00eda en un emotivo abrazo. En ese staff de m\u00e1xima confianza del t\u00e9cnico catal\u00e1n estaba Roberto Molina. <\/p>\n<p class=\"v-p\">El riojano es uno de los profesionales a los que el exjugador del Juventut y Real Madrid recurre cuando se dispone a afrontar una nueva aventura profesional. Ya lo hizo cuando tom\u00f3 los mandos del Surne Bilbao y de nuevo en su nueva andadura como seleccionador alem\u00e1n.<\/p>\n<p class=\"v-p\">Molina ha ejercido de &#8216;performance coach&#8217; o entrenador de rendimiento y como un miembro m\u00e1s del staff de entrenadores en este Eurobasket, aunque admite que todos han tenido que dar un paso adelante debido a la enfermedad de Mumbr\u00fa. \u00abHe tenido que trabajar mucho a nivel de pista, de activaciones, de ejercicios con jugadores, de an\u00e1lisis de equipos rivales&#8230; He tenido que tomar un poco m\u00e1s de protagonismo como entrenador ayudante\u00bb, desvelaba.<\/p>\n<p>\n\u00abA pesar de todas las incertidumbres y los contratiempos que hemos tenido, hemos conseguido sacar el oro\u00bb\n<\/p>\n<p class=\"v-p\">\u00abContamos con jugadores de mucho nombre, con un list\u00f3n muy alto y aspirando a conseguir grandes cosas\u00bb, adelantaba el logro\u00f1\u00e9s a Diario LA RIOJA d\u00edas antes de abrir el campeonato continental. El oro confirma que esas aspiraciones eran absolutamente leg\u00edtimas y fundadas. Los germanos finalizaron invictos el torneo con el mejor juego del Eurobasket y en la final superaron a una Turqu\u00eda a un alto nivel y en el que Alperen Sengun y Cedi Osman (28 y 23 puntos, respectivamente) complicaron mucho las cosas. \u00abFue un partido que se decidi\u00f3 en los \u00faltimos 50 segundos, de much\u00edsima intensidad, de much\u00edsima estrategia, de una calidad de baloncesto m\u00e1xima a nivel europeo\u00bb, analizaba Molina apenas unas horas despu\u00e9s de colgarse la medalla. <\/p>\n<p class=\"v-p\">Ahora bien, recordaba tambi\u00e9n las dificultades del camino: \u00abS\u00ed que el objetivo ha sido el deseado y mucho m\u00e1s que el deseado porque, a pesar de todas las incertidumbres y los contratiempos que hemos tenido, hemos conseguido sacar el oro. Alemania suma a su t\u00edtulo de campe\u00f3n mundial el de campe\u00f3n europeo y se sit\u00faa en el top mundial, muy arriba. Ha sido dif\u00edcil porque hemos tenido jugadores lesionados, porque el torneo ha estado marcado por la enfermedad de \u00c1lex, que ha hecho que todos tuvi\u00e9semos que hacer un esfuerzo extra por hacer que la estructura y el andamiaje que hab\u00eda montado se mantuviese en pie, haciendo parte de sus funciones ya que, aunque estaba con nosotros, no estaba en plenas facultades\u00bb. \u00abPor tanto \u2013a\u00f1ad\u00eda\u2013, lo he vivido con mucha intensidad, con mucha ilusi\u00f3n, con mucho aprendizaje, porque me ha tocado hacer cosas que no pensaba que me iban a tocar hacer\u00bb.<\/p>\n<p>\n\u00abMe siento un afortunado por estar al m\u00e1ximo nivel, por conocer tantas experiencias y por, adem\u00e1s, lograr ganar\u00bb\n<\/p>\n<p class=\"v-p\">En ese equipo hab\u00eda primeras figuras europeas y mundiales, como Dennis Schroder, Franz Wagner, Daniel Theis o Isaac Bonga, pero Molina se muestra \u00abmuy agradecido. El grupo humano de jugadores me ha sorprendido gratamente por su humildad, disciplina, cercan\u00eda, seriedad&#8230; Son jugadores n\u00famero uno mundiales y hacen que todo salga mejor\u00bb.<\/p>\n<p class=\"v-p\">De vuelta ya a Logro\u00f1o para estar con su mujer y su ni\u00f1a, de apenas 6 meses, todav\u00eda dice sentirse \u00aben una nube, aterrizando del sue\u00f1o que es este Eurobasket\u00bb. \u00abPienso en que he conseguido ganar el europeo con la U16 de Espa\u00f1a y con la U18, el Mundial con la U19, y ahora el Eurobasket con Alemania. Me siento un afortunado por estar al m\u00e1ximo nivel, por conocer tantas experiencias y tantos jugadores y tantas maneras de trabajar y por, adem\u00e1s, conseguir ganar. Hay mucha gente que se tira toda la vida trabajando en esto y no consigue ganar nada\u00bb, apreciaba satisfecho el t\u00e9cnico y preparador f\u00edsico riojano.<\/p>\n","protected":false},"excerpt":{"rendered":"Acababa el partido en Riga y Alemania se proclamaba campe\u00f3n del Eurobasket tras ganar a Turqu\u00eda (83-88) en&hellip;\n","protected":false},"author":2,"featured_media":118499,"comment_status":"","ping_status":"","sticky":false,"template":"","format":"standard","meta":{"footnotes":""},"categories":[269],"tags":[14585,299,298,168,13653,25,24,1142,5809,3371,25163,15613,23,167],"class_list":{"0":"post-118498","1":"post","2":"type-post","3":"status-publish","4":"format-standard","5":"has-post-thumbnail","7":"category-baloncesto","8":"tag-aleman","9":"tag-baloncesto","10":"tag-basketball","11":"tag-deportes","12":"tag-dio","13":"tag-es","14":"tag-espana","15":"tag-forma","16":"tag-molina","17":"tag-oro","18":"tag-riojano","19":"tag-roberto","20":"tag-spain","21":"tag-sports"},"share_on_mastodon":{"url":"","error":""},"_links":{"self":[{"href":"https:\/\/www.europesays.com\/es\/wp-json\/wp\/v2\/posts\/118498","targetHints":{"allow":["GET"]}}],"collection":[{"href":"https:\/\/www.europesays.com\/es\/wp-json\/wp\/v2\/posts"}],"about":[{"href":"https:\/\/www.europesays.com\/es\/wp-json\/wp\/v2\/types\/post"}],"author":[{"embeddable":true,"href":"https:\/\/www.europesays.com\/es\/wp-json\/wp\/v2\/users\/2"}],"replies":[{"embeddable":true,"href":"https:\/\/www.europesays.com\/es\/wp-json\/wp\/v2\/comments?post=118498"}],"version-history":[{"count":0,"href":"https:\/\/www.europesays.com\/es\/wp-json\/wp\/v2\/posts\/118498\/revisions"}],"wp:featuredmedia":[{"embeddable":true,"href":"https:\/\/www.europesays.com\/es\/wp-json\/wp\/v2\/media\/118499"}],"wp:attachment":[{"href":"https:\/\/www.europesays.com\/es\/wp-json\/wp\/v2\/media?parent=118498"}],"wp:term":[{"taxonomy":"category","embeddable":true,"href":"https:\/\/www.europesays.com\/es\/wp-json\/wp\/v2\/categories?post=118498"},{"taxonomy":"post_tag","embeddable":true,"href":"https:\/\/www.europesays.com\/es\/wp-json\/wp\/v2\/tags?post=118498"}],"curies":[{"name":"wp","href":"https:\/\/api.w.org\/{rel}","templated":true}]}}