{"id":118502,"date":"2025-09-16T09:55:07","date_gmt":"2025-09-16T09:55:07","guid":{"rendered":"https:\/\/www.europesays.com\/es\/118502\/"},"modified":"2025-09-16T09:55:07","modified_gmt":"2025-09-16T09:55:07","slug":"jennifer-lopez-con-un-chandal-de-terciopelo-tacones-y-bolso-coordinado-o-el-combo-y2k-que-no-podiamos-esperar","status":"publish","type":"post","link":"https:\/\/www.europesays.com\/es\/118502\/","title":{"rendered":"Jennifer L\u00f3pez con un ch\u00e1ndal de terciopelo, tacones y bolso coordinado o el combo Y2K que no pod\u00edamos esperar"},"content":{"rendered":"<p><strong>Jennifer L\u00f3pez<\/strong> confirma lo que ya previmos <a href=\"https:\/\/www.glamour.es\/articulos\/la-tendencia-y2k-accesorios-mas-de-moda-de-2025\" rel=\"nofollow noopener\" target=\"_blank\">en la pasada primavera<\/a>: que <strong>el estilo Y2K<\/strong> no hab\u00eda muerto y que lleg\u00f3 hace algunas temporadas para quedarse. La estrella, amante del \u2018<a href=\"https:\/\/www.glamour.es\/articulos\/jennifer-lopez-pantalon-pinzas-cintura-baja-sudadera-crop\" rel=\"nofollow noopener\" target=\"_blank\">m\u00e1s es m\u00e1s<\/a>\u2019 como pocas, se ha inspirado en algunos de los mejores momentos de los primeros a\u00f1os de los 2000 para acudir a una cita (profesional) en la oficina del director Ridley Scott. Se trataba de una reuni\u00f3n privada, sin un photocall de por medio, pero L\u00f3pez sabe que siempre va a haber un paparazzi esperando as\u00ed que aprovech\u00f3 para hacer una nada sutil declaraci\u00f3n de moda dosmilera.<\/p>\n<p>X content<\/p>\n<p>This content can also be viewed on the site it <a href=\"https:\/\/twitter.com\/BackgridUS\/status\/1967751835864781302\" target=\"_blank\" rel=\"nofollow noreferrer noopener\" aria-label=\"Opens in a new window\" class=\"BaseWrap-sc-gzmcOU BaseText-eqOrNE BaseLink-eTpkqh ConsentBannerLink-dEGWLe deqABF dnnMxe eXqOy\">originates<\/a> from.<\/p>\n<p>Lo m\u00e1s llamativo y que parece directamente aterrizado desde 2002 es <strong>el ch\u00e1ndal color borgo\u00f1a<\/strong>, en <strong>terciopelo<\/strong>, con el pantal\u00f3n acampanado y la chaqueta cortita y ajustada. \u00bfNo est\u00e1s visualizando a <strong>Paris Hilton y a Kim Kardashian<\/strong> juntas, con una pieza similar de Juicy Couture, paseando por Beverly Hills? Quiz\u00e1 el de Hilton ser\u00eda rosa chicle y con infinitas piedras bordadas, pero la referencia est\u00e1 ah\u00ed.<\/p>\n<p>Los pantalones de este ch\u00e1ndal tienen m\u00e1s que campana: son de pata de elefante y con el bajo muy largo, por lo que podemos intuir que lleva debajo unos zapatos o sandalias de tac\u00f3n con plataforma. Muy jLo, si me preguntan.<\/p>\n<p>X content<\/p>\n<p>This content can also be viewed on the site it <a href=\"https:\/\/twitter.com\/re_jlo\/status\/1967690677011222713\" target=\"_blank\" rel=\"nofollow noreferrer noopener\" aria-label=\"Opens in a new window\" class=\"BaseWrap-sc-gzmcOU BaseText-eqOrNE BaseLink-eTpkqh ConsentBannerLink-dEGWLe deqABF dnnMxe eXqOy\">originates<\/a> from.<\/p>\n<p><script async src=\"https:\/\/platform.twitter.com\/widgets.js\" charset=\"utf-8\"><\/script><\/p>\n","protected":false},"excerpt":{"rendered":"Jennifer L\u00f3pez confirma lo que ya previmos en la pasada primavera: que el estilo Y2K no hab\u00eda muerto&hellip;\n","protected":false},"author":2,"featured_media":118503,"comment_status":"","ping_status":"","sticky":false,"template":"","format":"standard","meta":{"footnotes":""},"categories":[174],"tags":[255,39406,146,147,25,24,256,427,39405,23],"class_list":{"0":"post-118502","1":"post","2":"type-post","3":"status-publish","4":"format-standard","5":"has-post-thumbnail","7":"category-famosos","8":"tag-celebrities","9":"tag-chaqueta","10":"tag-entertainment","11":"tag-entretenimiento","12":"tag-es","13":"tag-espana","14":"tag-famosos","15":"tag-jennifer-lopez","16":"tag-pantalones","17":"tag-spain"},"share_on_mastodon":{"url":"","error":""},"_links":{"self":[{"href":"https:\/\/www.europesays.com\/es\/wp-json\/wp\/v2\/posts\/118502","targetHints":{"allow":["GET"]}}],"collection":[{"href":"https:\/\/www.europesays.com\/es\/wp-json\/wp\/v2\/posts"}],"about":[{"href":"https:\/\/www.europesays.com\/es\/wp-json\/wp\/v2\/types\/post"}],"author":[{"embeddable":true,"href":"https:\/\/www.europesays.com\/es\/wp-json\/wp\/v2\/users\/2"}],"replies":[{"embeddable":true,"href":"https:\/\/www.europesays.com\/es\/wp-json\/wp\/v2\/comments?post=118502"}],"version-history":[{"count":0,"href":"https:\/\/www.europesays.com\/es\/wp-json\/wp\/v2\/posts\/118502\/revisions"}],"wp:featuredmedia":[{"embeddable":true,"href":"https:\/\/www.europesays.com\/es\/wp-json\/wp\/v2\/media\/118503"}],"wp:attachment":[{"href":"https:\/\/www.europesays.com\/es\/wp-json\/wp\/v2\/media?parent=118502"}],"wp:term":[{"taxonomy":"category","embeddable":true,"href":"https:\/\/www.europesays.com\/es\/wp-json\/wp\/v2\/categories?post=118502"},{"taxonomy":"post_tag","embeddable":true,"href":"https:\/\/www.europesays.com\/es\/wp-json\/wp\/v2\/tags?post=118502"}],"curies":[{"name":"wp","href":"https:\/\/api.w.org\/{rel}","templated":true}]}}