{"id":11851,"date":"2025-07-29T14:51:08","date_gmt":"2025-07-29T14:51:08","guid":{"rendered":"https:\/\/www.europesays.com\/es\/11851\/"},"modified":"2025-07-29T14:51:08","modified_gmt":"2025-07-29T14:51:08","slug":"seis-rutas-en-bici-para-conocer-navarra","status":"publish","type":"post","link":"https:\/\/www.europesays.com\/es\/11851\/","title":{"rendered":"Seis rutas en bici para conocer Navarra"},"content":{"rendered":"<p>\n        \u00abDesde las majestuosas monta\u00f1as del Pirineo y frondosos bosques hasta vi\u00f1edos pintorescos, campos de cereal dorados o incluso un desierto. <a href=\"https:\/\/www.noticiasdenavarra.com\/tags\/navarra\/\" title=\"Navarra\" target=\"_blank\" class=\"link copy\" rel=\"nofollow noopener\"><strong>Navarra<\/strong><\/a><strong> <\/strong>te ofrece una\u00a0<strong>variedad inigualable de escenarios<\/strong>\u00a0que cambian de color y car\u00e1cter con cada estaci\u00f3n. La diversidad paisaj\u00edstica de nuestra regi\u00f3n es un deleite para los sentidos y <strong>un desaf\u00edo emocionante para cualquier <\/strong><a href=\"https:\/\/www.noticiasdenavarra.com\/tags\/ciclistas\/\" title=\"ciclista\" target=\"_blank\" class=\"link copy\" rel=\"nofollow noopener\"><strong>ciclista<\/strong><\/a>\u00ab, as\u00ed es como desde la Web Oficial de Turismo de Navarra nos invitan a recorrer Navarra en bici.\n<\/p>\n<p>  Navarra, donde el respeto y la\u00a0<strong>seguridad hacia el ciclista<\/strong>\u00a0son prioritarios<\/p>\n<p class=\"article-body__text \">\n        Y es que no hay mejor entorno que <strong>Navarra para ser recorrido en bici<\/strong>. Y no solo eso, si hay una tierra \u00abdonde el respeto y la\u00a0<strong>seguridad hacia el ciclista<\/strong>\u00a0son prioritarios\u00bb, esa es Navarra. \u00abOrgullosos de nuestra\u00a0<strong>herencia ciclista, liderada por el legendario <\/strong><a href=\"https:\/\/www.noticiasdenavarra.com\/tags\/miguel-indurain\/\" title=\"Miguel Indur\u00e1in\" target=\"_blank\" class=\"link copy\" rel=\"nofollow noopener\"><strong>Miguel Indur\u00e1in<\/strong><\/a>, compartimos un profundo respeto por este deporte. Por eso, pedalear por las carreteras secundarias de Navarra es una experiencia que combina deporte y tranquilidad, con la\u00a0<strong>garant\u00eda de un entorno seguro<\/strong>\u00ab, relatan desde la <a href=\"https:\/\/www.visitnavarra.es\/es\/\" title=\"Web Oficial de Turismo de Navarra\" rel=\"nofollow noopener\" target=\"_blank\" class=\"link copy\">Web Oficial de Turismo de Navarra<\/a>.\n<\/p>\n<p class=\"article-body__text \">\n        Quienes tambi\u00e9n se han hecho eco de que Navarra es ideal para ser recorrido en bici han sido los profesionales de la <strong>revista Viajar<\/strong>, donde han recopilado &#8216;<strong>Seis rutas en <\/strong><a href=\"https:\/\/www.noticiasdenavarra.com\/tags\/bicicleta\/\" title=\"bici\" target=\"_blank\" class=\"link copy\" rel=\"nofollow noopener\"><strong>bici<\/strong><\/a><strong> para conocer los espacios naturales m\u00e1s espectaculares de Navarra&#8217;<\/strong>. Y es que, tal y como as\u00ed describen en la publicaci\u00f3n, \u00abLa variedad de paisajes de esta comunidad ofrece a los amantes de la bici terrenos adecuados para cada tipo de p\u00fablico: llanos interminables y suelos con desnivel; parajes des\u00e9rticos y frondosos bosques;\u00a0<strong>una red de V\u00edas Verdes y Caminos Naturales que supera los 120 kil\u00f3metros<\/strong>&#8230;\u00bb.\n<\/p>\n<p>  Seis rutas en bici para conocer los espacios naturales m\u00e1s espectaculares de Navarra<\/p>\n<p>  Bardenas Reales<\/p>\n<p class=\"article-body__text \">\n        \u00abLas Bardenas en bicicleta es lo m\u00e1s cercano a sentirse libre. A ello contribuyen\u00a0<strong>las grandes extensiones, barrancos y miradores por los que aventurarse<\/strong>\u00a0mientras el aire puro y el silencio m\u00e1s absoluto invaden nuestros sentidos\u00bb, proponen desde la revista Viajar.\n<\/p>\n<p>  Las Roscas de Fitero y la vega del Alhama<\/p>\n<p class=\"article-body__text \">\n        La segunda de las propuestas de la publicaci\u00f3n es las Roscas de Fitero y la vega del Alhama. \u00abEn este agradable paseo en bicicleta el viajero descubre\u00a0<strong>la biodiversidad del entorno de Fitero<\/strong>, que incluye el fascinante macizo de las Roscas, calificado como Patrimonio Geol\u00f3gico de Navarra, y la vega del r\u00edo Alhama, un vergel de fruct\u00edferas huertas. La cultura tambi\u00e9n tiene su importancia en esta experiencia a pedales, ya que es aqu\u00ed donde se\u00a0<strong>encuentran las \u201celeras\u201d mejor conservadas de Navarra<\/strong>\u00a0y los escenarios naturales que inspiraron\u00a0<strong>las misteriosas leyendas escritas por B\u00e9cquer<\/strong>\u00a0durante sus estancias en el Balneario de Fitero\u00bb, relatan.\n<\/p>\n<p>  Selva de Irati<\/p>\n<p class=\"article-body__text \">\n        En la selecci\u00f3n de rutas no pod\u00eda faltar la <a href=\"https:\/\/www.noticiasdenavarra.com\/tags\/selva-de-irati\/\" title=\"Selva de Irati\" target=\"_blank\" class=\"link copy\" rel=\"nofollow noopener\">Selva de Irati<\/a>. \u00abEl hayedo abetal mundialmente conocido como la Selva del Irati se puede explorar de muchas maneras. Una de las m\u00e1s originales y f\u00e1ciles sugiere disfrutar de <strong>vistas panor\u00e1micas de las dos vertientes del Pirineo y de joyas del patrimonio hist\u00f3rico de Navarra<\/strong>. <strong>Desde Roncesvalles a Irati<\/strong>. En el camino el visitante habr\u00e1 pedaleado por el hayedo entre riachuelos y prados pasando por\u00a0<strong>el embalse de Koixta<\/strong>, un entorno al que algunos conocen como la &#8216;peque\u00f1a Canad\u00e1&#8217; de Navarra\u00bb, recomiendan desde Viajar.\n<\/p>\n<p>  Sierra de Urbasa-And\u00eda<\/p>\n<p class=\"article-body__text \">\n        La cuarta de las rutas que proponen tienen a Urbasa, Lokiz y Montejurra como los tres escenarios naturales protagonistas. \u00abUna de sus rutas m\u00e1s populares es\u00a0<strong>la de <\/strong><a href=\"https:\/\/www.noticiasdenavarra.com\/tags\/urbasa\/\" title=\"Urbasa\" target=\"_blank\" class=\"link copy\" rel=\"nofollow noopener\"><strong>Urbasa<\/strong><\/a><strong>-Andia, <\/strong>apta para todo tipo de p\u00fablico que tenga algo de destreza con la bicicleta.<strong> <\/strong>Una ruta que destaca por la<strong> <\/strong>imponente belleza de las vistas de todo el<strong> valle de Sakana y el monte Beriain<\/strong>\u00a0desde diferentes miradores incluidos en el itinerario\u00bb, sugieren.\n<\/p>\n<p>  V\u00eda Verde del Plazaola<\/p>\n<p class=\"article-body__text \">\n        La V\u00eda Verde del Plazaola es \u00ab<strong>la m\u00e1s verde de todas las antiguas infraestructuras ferroviarias<\/strong>\u00a0reconvertidas para su uso tur\u00edstico que hay en Navarra\u00bb. Seg\u00fan cuentan desde la revista Viajar, \u00abel Plazaola era un ferrocarril de v\u00eda estrecha y tracci\u00f3n a vapor que empez\u00f3 siendo un tren minero, transportando hierro de las minas de Plazaola hasta Andoain, en Guip\u00fazcoa. En la actualidad es posible recorrer en\u00a0<strong>bicicleta el tramo que une Latasa y Lekunberri con Andoain<\/strong>, 40 km pr\u00e1cticamente cuesta abajo aptos para el p\u00fablico m\u00e1s familiar. Los t\u00faneles de Uitzi y de Leiza permiten salvar las monta\u00f1as que marcan el rumbo de las aguas de\u00a0<strong>los r\u00edos Leitzaran y Larraun,<\/strong>\u00a0uno perteneciente a la cuenca atl\u00e1ntica y el otro a la mediterr\u00e1nea\u00bb.\n<\/p>\n<p>  V\u00eda Verde del Bidasoa<\/p>\n<p class=\"article-body__text \">\n        Por \u00faltimo, est\u00e1 la V\u00eda Verde del Bidasoa. \u00abLa V\u00eda Verde del Bidasoa y la comarca del Alto Bidasoa,<strong> entre Bertizarana y Ezkurra<\/strong>, son dos de los itinerarios m\u00e1s accesibles para ciclistas de todos los niveles que discurren por los valles m\u00e1s bonitos de la Navarra cant\u00e1brica\u00bb, detallan.<\/p>\n","protected":false},"excerpt":{"rendered":"\u00abDesde las majestuosas monta\u00f1as del Pirineo y frondosos bosques hasta vi\u00f1edos pintorescos, campos de cereal dorados o incluso&hellip;\n","protected":false},"author":2,"featured_media":11852,"comment_status":"","ping_status":"","sticky":false,"template":"","format":"standard","meta":{"footnotes":""},"categories":[273],"tags":[2237,313,8342,312,168,25,24,8344,8343,708,8345,8341,1139,23,167],"class_list":{"0":"post-11851","1":"post","2":"type-post","3":"status-publish","4":"format-standard","5":"has-post-thumbnail","7":"category-ciclismo","8":"tag-bici","9":"tag-ciclismo","10":"tag-conocer","11":"tag-cycling","12":"tag-deportes","13":"tag-es","14":"tag-espana","15":"tag-espectaculares","16":"tag-naturales","17":"tag-navarra","18":"tag-revista-viajar","19":"tag-rutas","20":"tag-seis","21":"tag-spain","22":"tag-sports"},"share_on_mastodon":{"url":"","error":""},"_links":{"self":[{"href":"https:\/\/www.europesays.com\/es\/wp-json\/wp\/v2\/posts\/11851","targetHints":{"allow":["GET"]}}],"collection":[{"href":"https:\/\/www.europesays.com\/es\/wp-json\/wp\/v2\/posts"}],"about":[{"href":"https:\/\/www.europesays.com\/es\/wp-json\/wp\/v2\/types\/post"}],"author":[{"embeddable":true,"href":"https:\/\/www.europesays.com\/es\/wp-json\/wp\/v2\/users\/2"}],"replies":[{"embeddable":true,"href":"https:\/\/www.europesays.com\/es\/wp-json\/wp\/v2\/comments?post=11851"}],"version-history":[{"count":0,"href":"https:\/\/www.europesays.com\/es\/wp-json\/wp\/v2\/posts\/11851\/revisions"}],"wp:featuredmedia":[{"embeddable":true,"href":"https:\/\/www.europesays.com\/es\/wp-json\/wp\/v2\/media\/11852"}],"wp:attachment":[{"href":"https:\/\/www.europesays.com\/es\/wp-json\/wp\/v2\/media?parent=11851"}],"wp:term":[{"taxonomy":"category","embeddable":true,"href":"https:\/\/www.europesays.com\/es\/wp-json\/wp\/v2\/categories?post=11851"},{"taxonomy":"post_tag","embeddable":true,"href":"https:\/\/www.europesays.com\/es\/wp-json\/wp\/v2\/tags?post=11851"}],"curies":[{"name":"wp","href":"https:\/\/api.w.org\/{rel}","templated":true}]}}