{"id":118512,"date":"2025-09-16T10:02:08","date_gmt":"2025-09-16T10:02:08","guid":{"rendered":"https:\/\/www.europesays.com\/es\/118512\/"},"modified":"2025-09-16T10:02:08","modified_gmt":"2025-09-16T10:02:08","slug":"el-centre-medic-leixample-sagrat-cor-ofrece-pautas-sobre-como-abordar-los-tca-al-volver-al-colegio-lider-en-informacion-social","status":"publish","type":"post","link":"https:\/\/www.europesays.com\/es\/118512\/","title":{"rendered":"El Centre M\u00e8dic l\u2019Eixample Sagrat Cor ofrece pautas sobre c\u00f3mo abordar los TCA al volver al colegio | L\u00edder en Informaci\u00f3n Social"},"content":{"rendered":"<p>\n      La vuelta al colegio tras las vacaciones de verano supone una etapa de reajuste emocional para muchos ni\u00f1os y adolescentes y, en los casos donde existen o han existido trastornos de la conducta alimentaria (TCA), este regreso puede intensificar tensiones internas, disparar la ansiedad y agravar los s\u00edntomas. El entorno escolar, aunque puede convertirse en un aliado en la recuperaci\u00f3n, tambi\u00e9n puede ser un foco de presi\u00f3n, inseguridad y comparaciones constantes.\n    <\/p>\n<p>Para Roc\u00edo Ros\u00e9s, directora del Instituto de Salud Mental del Hospital Universitari Sagrat Cor i Centre M\u00e8dic l\u2019Eixample Sagrat Cor, el inicio del curso escolar es un momento sensible para los menores con TCA, ya que implica cambios en las rutinas, mayor exposici\u00f3n social y la necesidad de encajar en un grupo, lo cual puede ser especialmente dif\u00edcil si el menor arrastra una baja autoestima o una autoimagen distorsionada.<\/p>\n<p>Los TCA, como la anorexia nerviosa, la bulimia o el trastorno por atrac\u00f3n, tienen causas multifactoriales, pero el contexto educativo puede actuar como desencadenante o amplificador. Las comparaciones f\u00edsicas con compa\u00f1eros, los comentarios sobre el cuerpo o la alimentaci\u00f3n, el bullying y la presi\u00f3n acad\u00e9mica son factores que pueden contribuir al deterioro del estado emocional y al agravamiento de la sintomatolog\u00eda, ha informado el centro m\u00e9dico en un comunicado este martes.<\/p>\n<p>\u201cLos adolescentes est\u00e1n en una etapa de gran vulnerabilidad psicol\u00f3gica. Necesitan sentirse aceptados y muchas veces buscan en el control del cuerpo una forma de gestionar su ansiedad o recuperar una sensaci\u00f3n de dominio\u201d, afirma Ros\u00e9s.<\/p>\n<p>Adem\u00e1s, los cambios hormonales, el aumento del uso de redes sociales y la idealizaci\u00f3n de ciertos modelos est\u00e9ticos pueden acentuar estas conductas, especialmente cuando no se cuenta con un entorno familiar o educativo que detecte los primeros signos de alarma.<\/p>\n<p>Seg\u00fan la especialista, algunos comportamientos frecuentes que pueden indicar la presencia de un TCA son: evitar comidas en grupo, hablar con m\u00e1s frecuencia de las calor\u00edas de los alimentos, dejarse el bocadillo del colegio sin comer, negarse a comer en el comedor escolar, aislarse socialmente, tener cambios de humor repentinos, descenso en el rendimiento escolar o intensificaci\u00f3n de las horas dedicadas al estudio y mostrar un descenso o un aumento brusco de peso.<\/p>\n<p>\u201cUna detecci\u00f3n precoz es clave para evitar que el trastorno se agrave o se cronifique. Tanto las familias como los profesionales del centro educativo deben estar coordinados para intervenir lo antes posible\u201d, se\u00f1ala Ros\u00e9s.<\/p>\n<p>As\u00ed, la vuelta a las aulas puede ser tambi\u00e9n una oportunidad para reforzar h\u00e1bitos saludables si se aborda desde una perspectiva de apoyo y comprensi\u00f3n. Ros\u00e9s recomienda trabajar con el menor desde la empat\u00eda, evitando la confrontaci\u00f3n y apostando por la escucha activa: \u201cLa familia debe transmitir un mensaje claro; lo importante no es el aspecto f\u00edsico ni el rendimiento acad\u00e9mico, sino el bienestar emocional\u201d.<\/p>\n<p>Por otro lado, el papel del profesorado es fundamental, ya que pueden actuar como agentes detectores de se\u00f1ales de alarma y como referentes positivos. Incluir en el aula mensajes sobre la diversidad corporal, la alimentaci\u00f3n saludable sin restricciones r\u00edgidas y el cuidado de la salud mental contribuye a reducir el estigma y favorecer la prevenci\u00f3n.<\/p>\n<p>El abordaje de un TCA requiere un tratamiento multidisciplinar con apoyo psicol\u00f3gico, seguimiento m\u00e9dico y, en muchos casos, orientaci\u00f3n nutricional. En el Centre M\u00e8dic l\u2019Eixample Sagrat Cor, el equipo de Salud Mental trabaja de forma coordinada con las familias y los especialistas para adaptar el tratamiento a las necesidades de cada menor. \u201cCon una intervenci\u00f3n temprana, un entorno seguro y un acompa\u00f1amiento constante, es posible la recuperaci\u00f3n. Pero es importante entender que no se trata solo de comer m\u00e1s o menos, sino de sanar un v\u00ednculo da\u00f1ado con uno mismo\u201d, concluye Ros\u00e9s.<\/p>\n","protected":false},"excerpt":{"rendered":"La vuelta al colegio tras las vacaciones de verano supone una etapa de reajuste emocional para muchos ni\u00f1os&hellip;\n","protected":false},"author":2,"featured_media":118513,"comment_status":"","ping_status":"","sticky":false,"template":"","format":"standard","meta":{"footnotes":""},"categories":[92],"tags":[39408,25,24,165,166,492,23,39407],"class_list":{"0":"post-118512","1":"post","2":"type-post","3":"status-publish","4":"format-standard","5":"has-post-thumbnail","7":"category-salud","8":"tag-centre-medic-leixample-sagrat-cor","9":"tag-es","10":"tag-espana","11":"tag-health","12":"tag-salud","13":"tag-sociedad","14":"tag-spain","15":"tag-tca"},"share_on_mastodon":{"url":"","error":""},"_links":{"self":[{"href":"https:\/\/www.europesays.com\/es\/wp-json\/wp\/v2\/posts\/118512","targetHints":{"allow":["GET"]}}],"collection":[{"href":"https:\/\/www.europesays.com\/es\/wp-json\/wp\/v2\/posts"}],"about":[{"href":"https:\/\/www.europesays.com\/es\/wp-json\/wp\/v2\/types\/post"}],"author":[{"embeddable":true,"href":"https:\/\/www.europesays.com\/es\/wp-json\/wp\/v2\/users\/2"}],"replies":[{"embeddable":true,"href":"https:\/\/www.europesays.com\/es\/wp-json\/wp\/v2\/comments?post=118512"}],"version-history":[{"count":0,"href":"https:\/\/www.europesays.com\/es\/wp-json\/wp\/v2\/posts\/118512\/revisions"}],"wp:featuredmedia":[{"embeddable":true,"href":"https:\/\/www.europesays.com\/es\/wp-json\/wp\/v2\/media\/118513"}],"wp:attachment":[{"href":"https:\/\/www.europesays.com\/es\/wp-json\/wp\/v2\/media?parent=118512"}],"wp:term":[{"taxonomy":"category","embeddable":true,"href":"https:\/\/www.europesays.com\/es\/wp-json\/wp\/v2\/categories?post=118512"},{"taxonomy":"post_tag","embeddable":true,"href":"https:\/\/www.europesays.com\/es\/wp-json\/wp\/v2\/tags?post=118512"}],"curies":[{"name":"wp","href":"https:\/\/api.w.org\/{rel}","templated":true}]}}