{"id":118520,"date":"2025-09-16T10:06:23","date_gmt":"2025-09-16T10:06:23","guid":{"rendered":"https:\/\/www.europesays.com\/es\/118520\/"},"modified":"2025-09-16T10:06:23","modified_gmt":"2025-09-16T10:06:23","slug":"trump-presentara-una-demanda-de-us-15-000-millones-contra-el-new-york-times-por-difamacion-y-calumnias","status":"publish","type":"post","link":"https:\/\/www.europesays.com\/es\/118520\/","title":{"rendered":"Trump presentar\u00e1 una demanda de US$ 15.000 millones contra el New York Times por difamaci\u00f3n y calumnias"},"content":{"rendered":"<p>      CNN<br \/>\n        \u00a0\u2014\u00a0<\/p>\n<p class=\"paragraph inline-placeholder vossi-paragraph\" data-uri=\"es.cms.cnn.com\/_components\/paragraph\/instances\/cmfm30at9004o27oze9scgchz@published\" data-editable=\"text\" data-component-name=\"paragraph\" data-article-gutter=\"true\">\n            El presidente Donald Trump anunci\u00f3 el este lunes que planea presentar una demanda por difamaci\u00f3n y calumnias por US$ 15.000 millones contra The New York Times.\n    <\/p>\n<p class=\"paragraph inline-placeholder vossi-paragraph\" data-uri=\"es.cms.cnn.com\/_components\/paragraph\/instances\/cmfm7ot3g0000356kgkwes1ob@published\" data-editable=\"text\" data-component-name=\"paragraph\" data-article-gutter=\"true\">\n            La semana pasada, Trump amenaz\u00f3 con demandar a The Times tras la publicaci\u00f3n de art\u00edculos relacionados con una nota y un dibujo sexualmente sugerentes que recibi\u00f3 el financiero <a href=\"https:\/\/www.cnn.com\/2025\/07\/09\/politics\/what-to-know-about-the-jeffrey-epstein-saga\" rel=\"nofollow noopener\" target=\"_blank\">Jeffrey Epstein<\/a> por su 50.\u00ba cumplea\u00f1os en 2003, y que <a href=\"https:\/\/www.nytimes.com\/2025\/09\/08\/us\/politics\/trump-signature-epstein-letter.html\" target=\"_blank\" rel=\"nofollow noopener\">parecen haber sido firmados por \u00e9l<\/a>. Trump y sus asesores negaron su participaci\u00f3n en la creaci\u00f3n de la nota.\n    <\/p>\n<p class=\"paragraph inline-placeholder vossi-paragraph\" data-uri=\"es.cms.cnn.com\/_components\/paragraph\/instances\/cmfm7v5by0005356kgbbyhzs6@published\" data-editable=\"text\" data-component-name=\"paragraph\" data-article-gutter=\"true\">\n            En una publicaci\u00f3n nocturna en su plataforma de redes sociales, Truth Social, el presidente acus\u00f3 al Times de hacer declaraciones falsas sobre \u00e9l, su familia y sus negocios, aunque no dio m\u00e1s detalles sobre las acusaciones.\n    <\/p>\n<p class=\"paragraph inline-placeholder vossi-paragraph\" data-uri=\"es.cms.cnn.com\/_components\/paragraph\/instances\/cmfm32hsz0006356nhnzu65jg@published\" data-editable=\"text\" data-component-name=\"paragraph\" data-article-gutter=\"true\">\n            \u201cHoy tengo el gran honor de presentar una demanda por difamaci\u00f3n y calumnia por US$ 15.000 millones contra The New York Times\u201d, escribi\u00f3 Trump en una publicaci\u00f3n en su plataforma de redes sociales, Truth Social.\n    <\/p>\n<p class=\"paragraph inline-placeholder vossi-paragraph\" data-uri=\"es.cms.cnn.com\/_components\/paragraph\/instances\/cmfm30h480000356n0r73wej5@published\" data-editable=\"text\" data-component-name=\"paragraph\" data-article-gutter=\"true\">\n            \u201cEl New York Times ha tenido permitido mentir, difamarme y difamarme libremente durante demasiado tiempo, \u00a1y eso se acaba YA!\u201d, a\u00f1adi\u00f3, al tiempo que destacaba el apoyo del Times a Kamala Harris durante las \u00faltimas elecciones presidenciales de 2024.\n    <\/p>\n<p class=\"paragraph inline-placeholder vossi-paragraph\" data-uri=\"es.cms.cnn.com\/_components\/paragraph\/instances\/cmfm7wcie000c356k6x034s7h@published\" data-editable=\"text\" data-component-name=\"paragraph\" data-article-gutter=\"true\">\n            La demanda es la \u00faltima de una serie de desaf\u00edos legales de alto perfil presentados por Trump contra los principales medios de comunicaci\u00f3n en lo que \u00e9l describe como un esfuerzo m\u00e1s amplio para \u201crestaurar la integridad del periodismo\u201d.\n    <\/p>\n<p class=\"paragraph inline-placeholder vossi-paragraph\" data-uri=\"es.cms.cnn.com\/_components\/paragraph\/instances\/cmfm7wcif000d356kwwy58cxu@published\" data-editable=\"text\" data-component-name=\"paragraph\" data-article-gutter=\"true\">\n            La demanda se presentar\u00e1 en Florida, dijo Trump, sin proporcionar m\u00e1s detalles.\n    <\/p>\n<p class=\"paragraph inline-placeholder vossi-paragraph\" data-uri=\"es.cms.cnn.com\/_components\/paragraph\/instances\/cmfm7vp7n0008356kw9gisnhp@published\" data-editable=\"text\" data-component-name=\"paragraph\" data-article-gutter=\"true\">\n            En una denuncia presentada en un tribunal federal de Tampa, los abogados de Trump acusaron a The Times de un patr\u00f3n deliberado de informaci\u00f3n \u201cfalsa, maliciosa, difamatoria y despectiva\u201d destinada a socavar la campa\u00f1a presidencial y el legado de Trump.\n    <\/p>\n<p class=\"paragraph inline-placeholder vossi-paragraph\" data-uri=\"es.cms.cnn.com\/_components\/paragraph\/instances\/cmfm7woyd000h356kzd6r047j@published\" data-editable=\"text\" data-component-name=\"paragraph\" data-article-gutter=\"true\">\n            <a href=\"https:\/\/www.cnn.com\/2024\/12\/14\/politics\/trump-abc-news-defamation-lawsuit-settle\" rel=\"nofollow noopener\" target=\"_blank\">La presentaci\u00f3n cita ejemplos anteriores de demandas presentadas por los abogados de Trump contra ABC News<\/a> de Disney y <a href=\"https:\/\/www.cnn.com\/2025\/07\/02\/media\/cbs-trump-60-minutes-paramount-settlement\" rel=\"nofollow noopener\" target=\"_blank\">CBS News<\/a> de Paramount Global , que resultaron en pagos multimillonarios y reconocimientos p\u00fablicos de inexactitudes en sus informes.\n    <\/p>\n<p class=\"paragraph inline-placeholder vossi-paragraph\" data-uri=\"es.cms.cnn.com\/_components\/paragraph\/instances\/cmfm7wzww000l356k8ct52jlc@published\" data-editable=\"text\" data-component-name=\"paragraph\" data-article-gutter=\"true\">\n            Tambi\u00e9n cit\u00f3 una demanda interpuesta en julio contra <a href=\"https:\/\/www.cnn.com\/2025\/07\/18\/politics\/trump-wall-street-journal-jeffrey-epstein\" rel=\"nofollow noopener\" target=\"_blank\">The Wall Street Journal<\/a> y los periodistas que escribieron un art\u00edculo sobre la colecci\u00f3n de cartas donadas a Epstein. Un portavoz de Dow Jones, la empresa matriz del Journal, declar\u00f3 entonces: \u00abTenemos plena confianza en el rigor y la precisi\u00f3n de nuestros informes y nos defenderemos en\u00e9rgicamente contra cualquier demanda\u00bb.\n    <\/p>\n<p class=\"paragraph inline-placeholder vossi-paragraph\" data-uri=\"es.cms.cnn.com\/_components\/paragraph\/instances\/cmfm7wzww000m356kwkoe4li3@published\" data-editable=\"text\" data-component-name=\"paragraph\" data-article-gutter=\"true\">\n            En la \u00faltima demanda contra The Times, los abogados de Trump dicen que el \u201cda\u00f1o a la reputaci\u00f3n infligido en este caso alcanza miles de millones de d\u00f3lares\u201d y confirman que est\u00e1n buscando al menos 15 mil millones de d\u00f3lares en da\u00f1os.\n    <\/p>\n<p class=\"paragraph inline-placeholder vossi-paragraph\" data-uri=\"es.cms.cnn.com\/_components\/paragraph\/instances\/cmfm7wcif000e356k6z6mgc11@published\" data-editable=\"text\" data-component-name=\"paragraph\" data-article-gutter=\"true\">\n            CNN contact\u00f3 a The New York Times para solicitar comentarios.\n    <\/p>\n<p data-uri=\"es.cms.cnn.com\/_components\/editor-note\/instances\/cmfm34x7o000g356nrx62k5qy@published\" data-editable=\"text\" data-component-name=\"editor-note\" class=\"editor-note vossi-editor-note inline-placeholder \" data-article-gutter=\"true\">\n    Esta es una historia en desarrollo.<\/p>\n","protected":false},"excerpt":{"rendered":"CNN \u00a0\u2014\u00a0 El presidente Donald Trump anunci\u00f3 el este lunes que planea presentar una demanda por difamaci\u00f3n y&hellip;\n","protected":false},"author":2,"featured_media":118521,"comment_status":"","ping_status":"","sticky":false,"template":"","format":"standard","meta":{"footnotes":""},"categories":[42],"tags":[17,18,6386,352,13,14,11,61,62,63,64,19,20,39409,9,10,15,16,12,21,22,65,66,67],"class_list":{"0":"post-118520","1":"post","2":"type-post","3":"status-publish","4":"format-standard","5":"has-post-thumbnail","7":"category-internacional","8":"tag-breaking-news","9":"tag-breakingnews","10":"tag-demanda","11":"tag-donald-trump","12":"tag-featured-news","13":"tag-featurednews","14":"tag-headlines","15":"tag-internacional","16":"tag-international","17":"tag-international-news","18":"tag-internationalnews","19":"tag-latest-news","20":"tag-latestnews","21":"tag-new-york-times","22":"tag-news","23":"tag-noticias","24":"tag-noticias-destacadas","25":"tag-noticiasdestacadas","26":"tag-titulares","27":"tag-ultimas-noticias","28":"tag-ultimasnoticias","29":"tag-world","30":"tag-world-news","31":"tag-worldnews"},"share_on_mastodon":{"url":"","error":""},"_links":{"self":[{"href":"https:\/\/www.europesays.com\/es\/wp-json\/wp\/v2\/posts\/118520","targetHints":{"allow":["GET"]}}],"collection":[{"href":"https:\/\/www.europesays.com\/es\/wp-json\/wp\/v2\/posts"}],"about":[{"href":"https:\/\/www.europesays.com\/es\/wp-json\/wp\/v2\/types\/post"}],"author":[{"embeddable":true,"href":"https:\/\/www.europesays.com\/es\/wp-json\/wp\/v2\/users\/2"}],"replies":[{"embeddable":true,"href":"https:\/\/www.europesays.com\/es\/wp-json\/wp\/v2\/comments?post=118520"}],"version-history":[{"count":0,"href":"https:\/\/www.europesays.com\/es\/wp-json\/wp\/v2\/posts\/118520\/revisions"}],"wp:featuredmedia":[{"embeddable":true,"href":"https:\/\/www.europesays.com\/es\/wp-json\/wp\/v2\/media\/118521"}],"wp:attachment":[{"href":"https:\/\/www.europesays.com\/es\/wp-json\/wp\/v2\/media?parent=118520"}],"wp:term":[{"taxonomy":"category","embeddable":true,"href":"https:\/\/www.europesays.com\/es\/wp-json\/wp\/v2\/categories?post=118520"},{"taxonomy":"post_tag","embeddable":true,"href":"https:\/\/www.europesays.com\/es\/wp-json\/wp\/v2\/tags?post=118520"}],"curies":[{"name":"wp","href":"https:\/\/api.w.org\/{rel}","templated":true}]}}