{"id":118524,"date":"2025-09-16T10:08:09","date_gmt":"2025-09-16T10:08:09","guid":{"rendered":"https:\/\/www.europesays.com\/es\/118524\/"},"modified":"2025-09-16T10:08:09","modified_gmt":"2025-09-16T10:08:09","slug":"en-marcha-la-campana-umedula","status":"publish","type":"post","link":"https:\/\/www.europesays.com\/es\/118524\/","title":{"rendered":"En marcha la campa\u00f1a UMEdula"},"content":{"rendered":"<p>\t\t\t\t\t\t16\/09\/2025<br \/>\n\t\t\t\t\t\t<a href=\"https:\/\/twitter.com\/Defensagob\" title=\"Twitter\" rel=\"nofollow noopener\" target=\"_blank\"><img decoding=\"async\" src=\"https:\/\/www.europesays.com\/es\/wp-content\/uploads\/2025\/07\/siguenosTwitter1.png\" alt=\"Twitter\"\/> <\/a><\/p>\n<p>La Unidad Militar de Emergencias ha puesto en marcha una nueva edici\u00f3n de UMEdula, su campa\u00f1a para concienciar sobre la importancia de la donaci\u00f3n de m\u00e9dula \u00f3sea.<\/p>\n<p>Con motivo del D\u00eda Mundial del Donante de M\u00e9dula, que se celebra el tercer s\u00e1bado del mes de septiembre (este a\u00f1o el d\u00eda 20), la UME organiza una serie de actividades deportivas en el territorio nacional, en las que participan soldados de la Unidad, Fuerzas Armadas y servicios de emergencias.<\/p>\n<p>La campa\u00f1a comienza hoy en Alicante con un marat\u00f3n de 8 horas de bicicleta est\u00e1tica y diferentes acciones solidarias donde el p\u00fablico asistente puede conocer con mayor detalle qu\u00e9 supone hacerse donante de m\u00e9dula, as\u00ed como centros de extracci\u00f3n para todos aquellos que decidan hacerse donantes.<\/p>\n<p>La campa\u00f1a continuar\u00e1 hasta el pr\u00f3ximo s\u00e1bado en las ciudades de Madrid, Toledo, Barcelona, Sevilla, Murcia, San Crist\u00f3bal de la Laguna y Las Palmas de Gran Canaria.<\/p>\n<p>Esta campa\u00f1a se realiza en coordinaci\u00f3n con la Organizaci\u00f3n Nacional de Trasplantes (ONT) y los Centros de Transfusi\u00f3n, Tejidos y C\u00e9lulas de las Comunidades Aut\u00f3nomas implicadas, adem\u00e1s de contar con el apoyo de otras instituciones, organismos y empresas que han facilitado la realizaci\u00f3n de las diferentes actividades en los municipios seleccionados.<\/p>\n<p>Esta actividad no solo materializa la responsabilidad social corporativa de la UME, sino que da continuidad a una iniciativa que comenz\u00f3 en el 2014 con un proyecto solidario de un miembro de esta unidad, el cabo Abraham Trigo, que con el nombre \u2018Mediterranean Challenge\u2019 ten\u00eda como objetivo recaudar fondos para diferentes proyectos solidarios relacionados con la lucha contra el c\u00e1ncer.<\/p>\n<p>Para continuar con la iniciativa del cabo Trigo al sufrir precisamente un c\u00e1ncer, el BIEM I organiz\u00f3 en el 2018 las primeras 48 horas en bicicleta est\u00e1tica para fomentar la donaci\u00f3n de m\u00e9dula con el nombre \u2018Proyecto UMEdula\u2019.<\/p>\n<p>En los a\u00f1os posteriores, el BIEM II tom\u00f3 el testigo organizando una traves\u00eda a nado por el Guadalquivir a su paso por Sevilla coincidiendo con el d\u00eda internacional de la donaci\u00f3n de m\u00e9dula.<br \/>La UME quiere llevar ese esp\u00edritu solidario a m\u00e1s puntos del territorio nacional, por lo que ha involucrado a todos sus batallones para organizar distintas actividades en las ciudades donde tienen sus bases.<\/p>\n<p><a href=\"https:\/\/ume.defensa.gob.es\/UMEDULA\/umedula.html\" target=\"_blank\" rel=\"noopener noreferrer nofollow\" title=\"Se abre en nueva ventana sitio web\">M\u00e1s informaci\u00f3n<\/a><\/p>\n<p>\t\t\t\t<script async src=\"https:\/\/platform.twitter.com\/widgets.js\" charset=\"utf-8\"><\/script><\/p>\n","protected":false},"excerpt":{"rendered":"16\/09\/2025 La Unidad Militar de Emergencias ha puesto en marcha una nueva edici\u00f3n de UMEdula, su campa\u00f1a para&hellip;\n","protected":false},"author":2,"featured_media":2463,"comment_status":"","ping_status":"","sticky":false,"template":"","format":"standard","meta":{"footnotes":""},"categories":[5],"tags":[17,18,1616,2591,25,2586,24,2593,13,14,2588,2589,2590,2587,11,19,20,2592,2585,2584,9,10,15,16,23,12,21,22],"class_list":{"0":"post-118524","1":"post","2":"type-post","3":"status-publish","4":"format-standard","5":"has-post-thumbnail","7":"category-titulares","8":"tag-breaking-news","9":"tag-breakingnews","10":"tag-defensa","11":"tag-ejrcito-espaol","12":"tag-es","13":"tag-espaa","14":"tag-espana","15":"tag-fas","16":"tag-featured-news","17":"tag-featurednews","18":"tag-ffaa","19":"tag-fuerzas-armadas","20":"tag-fuerzas-armadas-profesionales","21":"tag-gobierno-de-espaa","22":"tag-headlines","23":"tag-latest-news","24":"tag-latestnews","25":"tag-mde","26":"tag-ministerio-de-defensa","27":"tag-ministerio-defensa","28":"tag-news","29":"tag-noticias","30":"tag-noticias-destacadas","31":"tag-noticiasdestacadas","32":"tag-spain","33":"tag-titulares","34":"tag-ultimas-noticias","35":"tag-ultimasnoticias"},"share_on_mastodon":{"url":"","error":""},"_links":{"self":[{"href":"https:\/\/www.europesays.com\/es\/wp-json\/wp\/v2\/posts\/118524","targetHints":{"allow":["GET"]}}],"collection":[{"href":"https:\/\/www.europesays.com\/es\/wp-json\/wp\/v2\/posts"}],"about":[{"href":"https:\/\/www.europesays.com\/es\/wp-json\/wp\/v2\/types\/post"}],"author":[{"embeddable":true,"href":"https:\/\/www.europesays.com\/es\/wp-json\/wp\/v2\/users\/2"}],"replies":[{"embeddable":true,"href":"https:\/\/www.europesays.com\/es\/wp-json\/wp\/v2\/comments?post=118524"}],"version-history":[{"count":0,"href":"https:\/\/www.europesays.com\/es\/wp-json\/wp\/v2\/posts\/118524\/revisions"}],"wp:featuredmedia":[{"embeddable":true,"href":"https:\/\/www.europesays.com\/es\/wp-json\/wp\/v2\/media\/2463"}],"wp:attachment":[{"href":"https:\/\/www.europesays.com\/es\/wp-json\/wp\/v2\/media?parent=118524"}],"wp:term":[{"taxonomy":"category","embeddable":true,"href":"https:\/\/www.europesays.com\/es\/wp-json\/wp\/v2\/categories?post=118524"},{"taxonomy":"post_tag","embeddable":true,"href":"https:\/\/www.europesays.com\/es\/wp-json\/wp\/v2\/tags?post=118524"}],"curies":[{"name":"wp","href":"https:\/\/api.w.org\/{rel}","templated":true}]}}