{"id":118527,"date":"2025-09-16T10:10:08","date_gmt":"2025-09-16T10:10:08","guid":{"rendered":"https:\/\/www.europesays.com\/es\/118527\/"},"modified":"2025-09-16T10:10:08","modified_gmt":"2025-09-16T10:10:08","slug":"el-alcalde-lo-quiere-y-se-lo-vamos-a-dar","status":"publish","type":"post","link":"https:\/\/www.europesays.com\/es\/118527\/","title":{"rendered":"El alcalde lo quiere y se lo vamos a dar"},"content":{"rendered":"<p class=\"paragraph\" id=\"paragraph_1\">El hispano-georgiano campe\u00f3n del mundo del peso ligero de la Ultimate Fighting Championship (UFC), <a href=\"https:\/\/www.elespanol.com\/eldigitalcastillalamancha\/multimedia\/galeria-de-imagenes\/20250325\/todas-fotos-paseo-triunfal-ilia-topuria-matador-toledo-visto-convertirse-leyenda\/933936604_3.html?utm_cmp_rs=linksinline\" rel=\"nofollow noopener\" target=\"_blank\">Ilia Topuria<\/a>, se ha comprometido este martes a que la plaza de toros de <strong>Toledo acoja una de las veladas de artes marciales<\/strong> organizada por la promotora WOW.<\/p>\n<p class=\"paragraph\" id=\"paragraph_2\"><strong>\u00abEl alcalde lo que quiere es un evento de WOW en Toledo y se lo vamos a dar\u00bb<\/strong>, as\u00ed de contundente ha respondido Topuria al regidor toledano Carlos Vel\u00e1zquez que le ha lanzado dicha petici\u00f3n en el desayuno informativo celebrado este 16 de septiembre en el Real Casino Gran C\u00edrculo de Madrid.<\/p>\n<p class=\"paragraph\" id=\"paragraph_3\">Vel\u00e1zquez, all\u00ed presente, ha insistido al luchador que la plaza de toros de la capital regional ser\u00eda <strong>\u00abel lugar id\u00f3neo\u00bb<\/strong>.<\/p>\n<p><img loading=\"lazy\" decoding=\"async\" alt=\"Ilia Topuria y su pareja, Giorgina Uzcategui, con el alcalde de Toledo.\" height=\"180\" src=\"https:\/\/www.europesays.com\/es\/wp-content\/uploads\/2025\/09\/933917322_254181644_320x180.jpg\" width=\"320\" data-lazy-status=\"processed\" data-lazy-info=\"remove loading item 1\"\/><\/p>\n<p class=\"paragraph\" id=\"paragraph_4\">El presidente de la promotora en Espa\u00f1a de los eventos de la UFC, Arturo Guill\u00e9n, tambi\u00e9n ha visto con buenos ojos la iniciativa: <strong>\u00abSoy muy taurino y ser\u00eda un sue\u00f1o llenar una plaza de toros\u00bb<\/strong>.<\/p>\n<p class=\"paragraph\" id=\"paragraph_5\">En este sentido, ha aclarado que desde WOW ya han promovido estas competiciones en otras plazas de toros de Espa\u00f1a como la de Vista Alegre (Madrid). \u00abTenemos una ventaja competitiva en nuestro pa\u00eds que hay que aprovechar. <strong>La lucha re\u00fane muchos de los valores ancestrales de la tauromaquia\u00bb<\/strong>, ha incidido Guill\u00e9n.<\/p>\n","protected":false},"excerpt":{"rendered":"El hispano-georgiano campe\u00f3n del mundo del peso ligero de la Ultimate Fighting Championship (UFC), Ilia Topuria, se ha&hellip;\n","protected":false},"author":2,"featured_media":118528,"comment_status":"","ping_status":"","sticky":false,"template":"","format":"standard","meta":{"footnotes":""},"categories":[277],"tags":[373,39412,168,25,24,10048,23,167,1952,374,343],"class_list":{"0":"post-118527","1":"post","2":"type-post","3":"status-publish","4":"format-standard","5":"has-post-thumbnail","7":"category-toreo","8":"tag-bullfighting","9":"tag-carlos-velazquez-romo","10":"tag-deportes","11":"tag-es","12":"tag-espana","13":"tag-plazas-de-toros","14":"tag-spain","15":"tag-sports","16":"tag-toledo","17":"tag-toreo","18":"tag-ufc"},"share_on_mastodon":{"url":"","error":""},"_links":{"self":[{"href":"https:\/\/www.europesays.com\/es\/wp-json\/wp\/v2\/posts\/118527","targetHints":{"allow":["GET"]}}],"collection":[{"href":"https:\/\/www.europesays.com\/es\/wp-json\/wp\/v2\/posts"}],"about":[{"href":"https:\/\/www.europesays.com\/es\/wp-json\/wp\/v2\/types\/post"}],"author":[{"embeddable":true,"href":"https:\/\/www.europesays.com\/es\/wp-json\/wp\/v2\/users\/2"}],"replies":[{"embeddable":true,"href":"https:\/\/www.europesays.com\/es\/wp-json\/wp\/v2\/comments?post=118527"}],"version-history":[{"count":0,"href":"https:\/\/www.europesays.com\/es\/wp-json\/wp\/v2\/posts\/118527\/revisions"}],"wp:featuredmedia":[{"embeddable":true,"href":"https:\/\/www.europesays.com\/es\/wp-json\/wp\/v2\/media\/118528"}],"wp:attachment":[{"href":"https:\/\/www.europesays.com\/es\/wp-json\/wp\/v2\/media?parent=118527"}],"wp:term":[{"taxonomy":"category","embeddable":true,"href":"https:\/\/www.europesays.com\/es\/wp-json\/wp\/v2\/categories?post=118527"},{"taxonomy":"post_tag","embeddable":true,"href":"https:\/\/www.europesays.com\/es\/wp-json\/wp\/v2\/tags?post=118527"}],"curies":[{"name":"wp","href":"https:\/\/api.w.org\/{rel}","templated":true}]}}