{"id":118531,"date":"2025-09-16T10:13:07","date_gmt":"2025-09-16T10:13:07","guid":{"rendered":"https:\/\/www.europesays.com\/es\/118531\/"},"modified":"2025-09-16T10:13:07","modified_gmt":"2025-09-16T10:13:07","slug":"novak-asume-que-no-volvera-a-ganar-un-grand-slam","status":"publish","type":"post","link":"https:\/\/www.europesays.com\/es\/118531\/","title":{"rendered":"Novak asume que no volver\u00e1 a ganar un Grand Slam"},"content":{"rendered":"<p data-mrf-recirculation=\"Links P\u00e1rrafos\" class=\"ue-c-article__paragraph paragraph ue-c-article--first-letter-highlighted\">La leyenda del tenis <a href=\"https:\/\/www.marca.com\/tenis\/2025\/09\/09\/boris-becker-confiesa-amenazas-vivio-carcel-nunca-superare-ese-momento.html\" rel=\"nofollow noopener\" target=\"_blank\"><strong>Boris Becker<\/strong><\/a> asegura que <a href=\"https:\/\/www.marca.com\/tenis\/novak-djokovic.html\" rel=\"nofollow noopener\" target=\"_blank\"><strong>Novak Djokovic<\/strong><\/a> ha asumido que <strong>no podr\u00e1 ganar otro t\u00edtulo de Grand Slam<\/strong>.<\/p>\n<p data-mrf-recirculation=\"Links P\u00e1rrafos\" class=\"ue-c-article__paragraph paragraph\">El <strong>tenista serbio de 38 a\u00f1os ha logrado 24 t\u00edtulos individuales de Grand Slam<\/strong> a lo largo de su carrera.<\/p>\n<blockquote class=\"ue-c-article__blockquote\">\n<p>Creo que ahora Djokovic ha admitido de forma realista que no puede ganar un Grand Slam debido a su edad y la fuerza de los j\u00f3venes<\/p>\n<p>Boris Becker<\/p><\/blockquote>\n<p data-mrf-recirculation=\"Links P\u00e1rrafos\" class=\"ue-c-article__paragraph paragraph\">\u00abCreo que ahora Djokovic ha admitido de forma realista que no puede ganar un Grand Slam debido a su edad y la fuerza de los j\u00f3venes\u00bb, declar\u00f3 Becker en el <strong>podcast Becker-Petkovic<\/strong>.<\/p>\n<p>El tenista alem\u00e1n lo hizo para no pagar sus deudas, que alcanzaban los 60 millones de euros, y tendr\u00e1 que pasar desde hoy la mitad de su condena en prisi\u00f3n<\/p>\n<p data-mrf-recirculation=\"Links P\u00e1rrafos\" class=\"ue-c-article__paragraph paragraph\">Boris Becker, que <strong>gan\u00f3 6 t\u00edtulos de Grand Slam en su carrera<\/strong>,\u00a0 acab\u00f3 en la <a href=\"https:\/\/www.marca.com\/tenis\/2022\/05\/03\/6270c829ca47418f5e8b4576.html\" rel=\"nofollow noopener\" target=\"_blank\"><strong>c\u00e1rcel acusado de ocultar sus sus activos y pr\u00e9stamos para no pagar sus deudas<\/strong><\/a>, que alcanzaban los 60 millones de euros.\u00a0<\/p>\n<p>Novak Djokovic tiene claro que seguir\u00e1 jugando en 2026<\/p>\n<p data-mrf-recirculation=\"Links P\u00e1rrafos\" class=\"ue-c-article__paragraph paragraph\">El \u00faltimo Grand Slam ganado por Djokovic, que en los \u00faltimos a\u00f1os ha visto como le han adelantado por la derecha el espa\u00f1ol Carlos Alcaraz y el italiano Jannik Sinner, fue el US Open de 2023.<\/p>\n<blockquote class=\"ue-c-article__blockquote\">\n<p>\u00abSe ser\u00e1 muy dif\u00edcil en el futuro superar el obst\u00e1culo de Sinner y Alcaraz en partidos al mejor de cinco sets en Grand Slams<\/p>\n<p>Novak Djokovic<\/p><\/blockquote>\n<p data-mrf-recirculation=\"Links P\u00e1rrafos\" class=\"ue-c-article__paragraph paragraph\">\u00abS\u00f3lo puedo hacer lo que puedo hacer. Y s\u00ed, me ser\u00e1 muy dif\u00edcil en el futuro superar el obst\u00e1culo de Sinner y Alcaraz en partidos al mejor de cinco sets en los Grand Slams&#8230; Voy a seguir luchando e intentando llegar a la final y al menos luchar por otro trofeo. Pero va a ser una tarea muy, muy dif\u00edcil\u00bb, reconoci\u00f3 Djokovic tras su eliminaci\u00f3n del US Open 2025 a manos de Alcaraz.<\/p>\n<p data-mrf-recirculation=\"Links P\u00e1rrafos\" class=\"ue-c-article__paragraph paragraph\">Novak Djokovic ha dejado claro que quiere seguir jugando en 2026.<\/p>\n","protected":false},"excerpt":{"rendered":"La leyenda del tenis Boris Becker asegura que Novak Djokovic ha asumido que no podr\u00e1 ganar otro t\u00edtulo&hellip;\n","protected":false},"author":2,"featured_media":118532,"comment_status":"","ping_status":"","sticky":false,"template":"","format":"standard","meta":{"footnotes":""},"categories":[274],"tags":[168,25,24,23,167,327,326],"class_list":{"0":"post-118531","1":"post","2":"type-post","3":"status-publish","4":"format-standard","5":"has-post-thumbnail","7":"category-tenis","8":"tag-deportes","9":"tag-es","10":"tag-espana","11":"tag-spain","12":"tag-sports","13":"tag-tenis","14":"tag-tennis"},"share_on_mastodon":{"url":"","error":""},"_links":{"self":[{"href":"https:\/\/www.europesays.com\/es\/wp-json\/wp\/v2\/posts\/118531","targetHints":{"allow":["GET"]}}],"collection":[{"href":"https:\/\/www.europesays.com\/es\/wp-json\/wp\/v2\/posts"}],"about":[{"href":"https:\/\/www.europesays.com\/es\/wp-json\/wp\/v2\/types\/post"}],"author":[{"embeddable":true,"href":"https:\/\/www.europesays.com\/es\/wp-json\/wp\/v2\/users\/2"}],"replies":[{"embeddable":true,"href":"https:\/\/www.europesays.com\/es\/wp-json\/wp\/v2\/comments?post=118531"}],"version-history":[{"count":0,"href":"https:\/\/www.europesays.com\/es\/wp-json\/wp\/v2\/posts\/118531\/revisions"}],"wp:featuredmedia":[{"embeddable":true,"href":"https:\/\/www.europesays.com\/es\/wp-json\/wp\/v2\/media\/118532"}],"wp:attachment":[{"href":"https:\/\/www.europesays.com\/es\/wp-json\/wp\/v2\/media?parent=118531"}],"wp:term":[{"taxonomy":"category","embeddable":true,"href":"https:\/\/www.europesays.com\/es\/wp-json\/wp\/v2\/categories?post=118531"},{"taxonomy":"post_tag","embeddable":true,"href":"https:\/\/www.europesays.com\/es\/wp-json\/wp\/v2\/tags?post=118531"}],"curies":[{"name":"wp","href":"https:\/\/api.w.org\/{rel}","templated":true}]}}