{"id":118533,"date":"2025-09-16T10:14:08","date_gmt":"2025-09-16T10:14:08","guid":{"rendered":"https:\/\/www.europesays.com\/es\/118533\/"},"modified":"2025-09-16T10:14:08","modified_gmt":"2025-09-16T10:14:08","slug":"bds-el-movimiento-palestino-cuyo-boicot-aglutina-a-los-radicales-que-han-reventado-la-vuelta-a-espana","status":"publish","type":"post","link":"https:\/\/www.europesays.com\/es\/118533\/","title":{"rendered":"BDS, el movimiento palestino cuyo boicot aglutina a los radicales que han reventado la Vuelta a Espa\u00f1a"},"content":{"rendered":"<p><img decoding=\"async\" class=\"voc-author__img\" src=\"https:\/\/www.europesays.com\/es\/wp-content\/uploads\/2025\/07\/autor-1076-foto-7.jpeg\" alt=\"Carlos Hidalgo\"\/><\/p>\n<p>15\/09\/2025<br \/>\n<br \/><strong><br \/>\nActualizado 16\/09\/2025 a las 04:47h.<br \/>\n<\/strong><\/p>\n<p class=\"voc-p\" style=\"\">Se hacen llamar<a href=\"https:\/\/www.abc.es\/espana\/madrid\/zonas-criticas-boicots-etapas-finales-vuelta-espana-20250912191834-nt.html\" target=\"_self\" data-voc-vtm-id=\"in-text-traffic\" title=\" Comit\u00e9 Palestino de BDS\" data-mrf-link=\"www.abc.es\" rel=\"nofollow noopener\"> Comit\u00e9 Palestino de BDS<\/a>, un acr\u00f3nimo que responde a boicot, desinversi\u00f3n y sanciones, y es la principal organizaci\u00f3n mu\u00f1idora de las protestas organizadas en torno a la Vuelta a Espa\u00f1a que han culminado este s\u00e1bado con apenas dos detenidos en Madrid, pero con 22 polic\u00edas heridos. Bajo su paraguas, han acudido al calor de la convocatoria otros grupos propalestinos, pero tambi\u00e9n sectores de la izquierda radical ya conocidos en otros disturbios, como el Movimiento Antirrepresivo de Madrid (MAR).<\/p>\n<p class=\"voc-p\" style=\"\">Este \u00faltimo, por ejemplo, realiz\u00f3 el s\u00e1bado una pintada en la calzada del trayecto de bajada desde la sierra a la zona m\u00e1s metropolitana de la capital en favor de \u00abla liberaci\u00f3n urgente de Mar\u00eda Jos\u00e9 Ba\u00f1os\u00bb, a la que califican de \u00abpresa pol\u00edtica\u00bb. Se trata en realidad de una terrorista del Grapo condenada a m\u00e1s de 35 a\u00f1os de c\u00e1rcel por su actividad violenta.<\/p>\n<p class=\"voc-p\" style=\"\">El BDS organiz\u00f3 los distintos puntos de convocatoria este s\u00e1bado en las zonas rurales por las que pasaban los ciclistas, incluidos dos en Navacerrada. En uno de estos es donde fueron identificadas por la Guardia Civil <a href=\"https:\/\/www.abc.es\/espana\/madrid\/montero-belarra-participan-protesta-obliga-modificar-recorrido-20250913172938-nt.html\" target=\"_self\" data-voc-vtm-id=\"in-text-traffic\" title=\"las exministras y l\u00edderes de Podemos Ione Belarra e Irene Montero,\" rel=\"nofollow noopener\">las exministras y l\u00edderes de Podemos Ione Belarra e Irene Montero,<\/a> quienes exigieron a los agentes que se terminara la etapa. Esa jornada hubo un detenido que se descolg\u00f3 con otro manifestante de un puente sobre el itinerario y en otro lugar, a la altura de Becerril de la Sierra, otros efectivos se cayeron a la calzada por culpa de los boicoteadores, sin llegar a generarse m\u00e1s problemas.<\/p>\n<p class=\"voc-p\" style=\"\">Este movimiento radical fue creado en 2005 por Omar Barghouti y Ramy Shaath. Su actividad principal consiste en se\u00f1alar, por ejemplo, a empresas que consideran que financian o est\u00e1n muy cercanas al Gobierno israel\u00ed, como grandes tecnol\u00f3gicas, armament\u00edsticas, gigantes de la producci\u00f3n audiovisual y de la alimentaci\u00f3n y multinacionales de la automoci\u00f3n. Consideran que en el Estado de Israel se practica el apartheid.<\/p>\n<p class=\"voc-p\" style=\"\">Pero la espita verdaderamente encendi\u00f3 ayer domingo, con miles de personas protestando en las calles del centro de la capital espa\u00f1ola, hasta el punto de que derribaron vallas, destrozaron mobiliario de la carrera y lanzaron objetos e insultos contra la Polic\u00eda. La Delegaci\u00f3n del Gobierno hab\u00eda dispuesto a 1.100 agentes para este fin, la mayor\u00eda antidisturbios, adem\u00e1s de los 720 polic\u00edas municipales desplegados por el Ayuntamiento de Madrid. <\/p>\n<p>\n\u00d3rdenes pol\u00edticas de no hacer detenciones\n<\/p>\n<p class=\"voc-p\" style=\"\">Los sindicatos policiales en su totalidad hablan de que hab\u00eda consignas de los mandos pol\u00edticos del Estado para que el CNP aguantara y practicara cuantas menos detenciones fueran posible: dos solamente fueron el saldo de los disturbios que asolaron Atocha, paseo del Prado, Cibeles, Gran V\u00eda y la plaza del Callao, por mencionar las avenidas principales.<\/p>\n<p class=\"voc-p\" style=\"\">En cambio, 22 polic\u00edas requirieron de asistencia m\u00e9dica, ninguno grave ni con traslado hospitalario, lo que muestra la total descompensaci\u00f3n en el balance de resultados del operativo. Tanto el presidente del Gobierno como el delegado y los l\u00edderes socialistas en la Comunidad y el Ayuntamiento de Madrid mostraron sin ambages su total apoyo a los manifestantes. <\/p>\n<p>Reportar un error<\/p>\n","protected":false},"excerpt":{"rendered":"15\/09\/2025 Actualizado 16\/09\/2025 a las 04:47h. Se hacen llamar Comit\u00e9 Palestino de BDS, un acr\u00f3nimo que responde a&hellip;\n","protected":false},"author":2,"featured_media":118534,"comment_status":"","ping_status":"","sticky":false,"template":"","format":"standard","meta":{"footnotes":""},"categories":[273],"tags":[39415,7569,39414,35163,313,312,168,25,24,30379,695,39416,39417,23,167,1357],"class_list":{"0":"post-118533","1":"post","2":"type-post","3":"status-publish","4":"format-standard","5":"has-post-thumbnail","7":"category-ciclismo","8":"tag-aglutina","9":"tag-bajo","10":"tag-bds","11":"tag-boicot","12":"tag-ciclismo","13":"tag-cycling","14":"tag-deportes","15":"tag-es","16":"tag-espana","17":"tag-movimiento","18":"tag-palestino","19":"tag-radicales","20":"tag-reventado","21":"tag-spain","22":"tag-sports","23":"tag-vuelta"},"share_on_mastodon":{"url":"","error":""},"_links":{"self":[{"href":"https:\/\/www.europesays.com\/es\/wp-json\/wp\/v2\/posts\/118533","targetHints":{"allow":["GET"]}}],"collection":[{"href":"https:\/\/www.europesays.com\/es\/wp-json\/wp\/v2\/posts"}],"about":[{"href":"https:\/\/www.europesays.com\/es\/wp-json\/wp\/v2\/types\/post"}],"author":[{"embeddable":true,"href":"https:\/\/www.europesays.com\/es\/wp-json\/wp\/v2\/users\/2"}],"replies":[{"embeddable":true,"href":"https:\/\/www.europesays.com\/es\/wp-json\/wp\/v2\/comments?post=118533"}],"version-history":[{"count":0,"href":"https:\/\/www.europesays.com\/es\/wp-json\/wp\/v2\/posts\/118533\/revisions"}],"wp:featuredmedia":[{"embeddable":true,"href":"https:\/\/www.europesays.com\/es\/wp-json\/wp\/v2\/media\/118534"}],"wp:attachment":[{"href":"https:\/\/www.europesays.com\/es\/wp-json\/wp\/v2\/media?parent=118533"}],"wp:term":[{"taxonomy":"category","embeddable":true,"href":"https:\/\/www.europesays.com\/es\/wp-json\/wp\/v2\/categories?post=118533"},{"taxonomy":"post_tag","embeddable":true,"href":"https:\/\/www.europesays.com\/es\/wp-json\/wp\/v2\/tags?post=118533"}],"curies":[{"name":"wp","href":"https:\/\/api.w.org\/{rel}","templated":true}]}}