{"id":118537,"date":"2025-09-16T10:16:08","date_gmt":"2025-09-16T10:16:08","guid":{"rendered":"https:\/\/www.europesays.com\/es\/118537\/"},"modified":"2025-09-16T10:16:08","modified_gmt":"2025-09-16T10:16:08","slug":"el-ucam-murcia-convence-antes-del-desafio-de-la-champions","status":"publish","type":"post","link":"https:\/\/www.europesays.com\/es\/118537\/","title":{"rendered":"El UCAM Murcia convence antes del desaf\u00edo de la Champions"},"content":{"rendered":"<p class=\"ft-text\"><strong>El <\/strong><a class=\"ft-link ft-link--decoration\" href=\"https:\/\/www.laopiniondemurcia.es\/tags\/ucam-murcia-cb.html\" rel=\"nofollow noopener\" target=\"_blank\"><strong>UCAM Murcia CB<\/strong><\/a><strong> ha llegado al momento clave de la pretemporada en el mejor estado posible.<\/strong> No ha sido un mes f\u00e1cil durante su preparaci\u00f3n, al contar con hasta siete caras nuevas en una plantilla que ha comenzado a sacar a relucir sus virtudes bien pronto. Ese era el objetivo de un conjunto universitario que era consciente de que su puesta a punto estaba condicionada este a\u00f1o a la fase previa de la <strong>Basketball Champions League. <\/strong><\/p>\n<p class=\"ft-text\">Y es que, para poder estar en la fase regular del torneo de la FIBA, los de Sito <a class=\"ft-link ft-link--decoration\" href=\"https:\/\/formula1.lne.es\/fernando-alonso\/\" rel=\"nofollow noopener\" target=\"_blank\">Alonso<\/a> deber\u00e1n ganar tres partidos de forma consecutiva. No hay margen de error. <strong>Un traspi\u00e9s les mandar\u00eda directamente a la FIBA Europe Cup<\/strong> y sus intenciones son las de certificar su plaza en la Champions. Para ello deber\u00e1 ganar primero al subcampe\u00f3n de Polonia, el Start Lublin, este s\u00e1bado a las 20.00 horas en Bulgaria, <strong>y despu\u00e9s deber\u00e1 repetir esta f\u00f3rmula en sus dos siguientes encuentros (lunes 22 y mi\u00e9rcoles 24) en la ciudad de Samokov<\/strong>, que act\u00faa como sede neutral de esta ronda previa.<\/p>\n<p class=\"ft-text\">Pero si de algo han servido las primeras pinceladas de este nuevo UCAM Murcia es para comprobar que se encuentra listo para afrontar este desaf\u00edo. As\u00ed lo ha demostrado durante su \u2018stage\u2019 en Francia, con una mini concentraci\u00f3n para imponerse en el torneo que acogi\u00f3 el Sports Palace de Beaublanc. <strong>Ante Le Portel y el Limoges sac\u00f3 a relucir sus nuevas armas, y tambi\u00e9n una qu\u00edmica entre sus nuevos jugadores que permite ser muy optimistas sobre las posibilidades de \u00e9xito en la fase previa de la Champions League<\/strong>, donde otros equipos de la Liga Endesa no han conseguido su objetivo en campa\u00f1as anteriores.<\/p>\n<p class=\"ft-text\">Y es que en menos de un plazo de tres d\u00edas, algo a lo que se enfrentar\u00e1 tambi\u00e9n la pr\u00f3xima semana, los de Sito Alonso sacaron adelante dos partidos. Algo que tambi\u00e9n se une a las buenas sensaciones ya obtenidas en el partido de entrenamiento a puerta cerrada ante <strong>el Covir\u00e1n Granada y al amistoso de Yecla, frente a un Valencia Basket que cont\u00f3 con las ausencias de sus internacionales. <\/strong><\/p>\n<p><img decoding=\"async\" src=\"https:\/\/www.europesays.com\/es\/wp-content\/uploads\/2025\/09\/b9cd59f0-e431-4cb2-9692-30818607b2d3_alta-libre-aspect-ratio_default_0.jpg\" width=\"1200\" height=\"800\" alt=\"Los jugadores del UCAM Murcia, con el trofeo de Limoges\" class=\"ft-helper-img-rd\" loading=\"lazy\" hasdataaida=\"true\"\/><\/p>\n<p class=\"ft-helper-fontColor-quaternary ft-helper-fontSize-body-S ft-helper-spacer-t-xxs\">Los jugadores del UCAM Murcia, con el trofeo de Limoges  \/ Limoges<\/p>\n<p class=\"ft-text\">Pero sin lugar a dudas, uno de los aspectos m\u00e1s positivos durante esta preparaci\u00f3n es que las nuevas piezas han demostrado tener el impacto que necesitaba el UCAM tras su renovaci\u00f3n de la plantilla.<strong> El p\u00edvot Devontae Cacok y el base Michael Forrest <\/strong>destacaron en Francia tanto en su peso en el juego universitario como en la anotaci\u00f3n, tambi\u00e9n David DeJulius, que si bien no brill\u00f3 en las estad\u00edsticas, su presencia en pista fue vital en varias fases de los partidos.<strong> La amenaza de Nakic desde el per\u00edmetro permite abrir m\u00e1s el campo al UCAM<\/strong> junto a un Rub\u00e9n L\u00f3pez de la Torre que dej\u00f3 huella y ganas de m\u00e1s en la rotaci\u00f3n.<\/p>\n<p class=\"ft-text\"><strong>Falk y Raieste<\/strong> firmaron sus primeros minutos tras el Eurobasket, y todo ello se une a un base (Dani Garc\u00eda, Ennis, Radebaugh, Sant-Roos y Diagne) que contin\u00faa funcionando y mantiene la esencia del conjunto universitario de esta s temporadas.<\/p>\n<p class=\"ft-text\">La \u00fanica duda para la previa de la Champions League residir\u00e1 en si Sito Alonso, renovado hasta 2028 recientemente, <strong>podr\u00e1 contar con un Kaiser Gates que se ha perdido toda la preparaci\u00f3n por unas molestias f\u00edsicas durante los entrenamientos. <\/strong><\/p>\n<p>Flores, rumbo a Estados Unidos<\/p>\n<p class=\"ft-text\">Por otro lado, ayer se conoci\u00f3 que el murciano<strong> Fabi\u00e1n Flores habr\u00eda alcanzado un acuerdo con la Universidad DePaul de Chicago para disputar la NCAA<\/strong> la pr\u00f3xima temporada. El p\u00edvot, que el club lo lleg\u00f3 a dar por perdido a principios de verano debido a su intenci\u00f3n de marcharse a Estados Unidos, lleg\u00f3 a iniciar la pretemporada en la capital del Segura y su futuro pasaba por formar parte de la plantilla que competir\u00e1 en la Liga U22, que se estrena esta temporada.<\/p>\n","protected":false},"excerpt":{"rendered":"El UCAM Murcia CB ha llegado al momento clave de la pretemporada en el mejor estado posible. No&hellip;\n","protected":false},"author":2,"featured_media":118538,"comment_status":"","ping_status":"","sticky":false,"template":"","format":"standard","meta":{"footnotes":""},"categories":[269],"tags":[299,298,11681,5147,168,10897,25,24,1478,1429,23,167,9413,3918,1402],"class_list":{"0":"post-118537","1":"post","2":"type-post","3":"status-publish","4":"format-standard","5":"has-post-thumbnail","7":"category-baloncesto","8":"tag-baloncesto","9":"tag-basketball","10":"tag-champions","11":"tag-convence","12":"tag-deportes","13":"tag-desafio","14":"tag-es","15":"tag-espana","16":"tag-murcia","17":"tag-plantilla","18":"tag-spain","19":"tag-sports","20":"tag-ucam","21":"tag-ucam-murcia","22":"tag-ucam-murcia-cb"},"share_on_mastodon":{"url":"","error":""},"_links":{"self":[{"href":"https:\/\/www.europesays.com\/es\/wp-json\/wp\/v2\/posts\/118537","targetHints":{"allow":["GET"]}}],"collection":[{"href":"https:\/\/www.europesays.com\/es\/wp-json\/wp\/v2\/posts"}],"about":[{"href":"https:\/\/www.europesays.com\/es\/wp-json\/wp\/v2\/types\/post"}],"author":[{"embeddable":true,"href":"https:\/\/www.europesays.com\/es\/wp-json\/wp\/v2\/users\/2"}],"replies":[{"embeddable":true,"href":"https:\/\/www.europesays.com\/es\/wp-json\/wp\/v2\/comments?post=118537"}],"version-history":[{"count":0,"href":"https:\/\/www.europesays.com\/es\/wp-json\/wp\/v2\/posts\/118537\/revisions"}],"wp:featuredmedia":[{"embeddable":true,"href":"https:\/\/www.europesays.com\/es\/wp-json\/wp\/v2\/media\/118538"}],"wp:attachment":[{"href":"https:\/\/www.europesays.com\/es\/wp-json\/wp\/v2\/media?parent=118537"}],"wp:term":[{"taxonomy":"category","embeddable":true,"href":"https:\/\/www.europesays.com\/es\/wp-json\/wp\/v2\/categories?post=118537"},{"taxonomy":"post_tag","embeddable":true,"href":"https:\/\/www.europesays.com\/es\/wp-json\/wp\/v2\/tags?post=118537"}],"curies":[{"name":"wp","href":"https:\/\/api.w.org\/{rel}","templated":true}]}}