{"id":118541,"date":"2025-09-16T10:24:10","date_gmt":"2025-09-16T10:24:10","guid":{"rendered":"https:\/\/www.europesays.com\/es\/118541\/"},"modified":"2025-09-16T10:24:10","modified_gmt":"2025-09-16T10:24:10","slug":"los-4-fantasticos-michael-chiklis-y-ebon-moss-bachrach-protagonizan-un-encuentro-de-cosas-de-marvel","status":"publish","type":"post","link":"https:\/\/www.europesays.com\/es\/118541\/","title":{"rendered":"&#8216;Los 4 Fant\u00e1sticos&#8217;: Michael Chiklis y Ebon Moss-Bachrach protagonizan un encuentro de Cosas de Marvel"},"content":{"rendered":"<p>El Multiverso est\u00e1 por todas partes para quien tenga ojos para mirar. Desde el boom del cine de superh\u00e9roes a principios de los 2000 y sobre todo a partir del \u00e9xito del <a href=\"https:\/\/www.ecartelera.com\/sagas\/universo-marvel\/\" rel=\"nofollow noopener\" target=\"_blank\">Universo Cinematogr\u00e1fico Marvel<\/a>, los actores que han formado parte de una saga basada las vi\u00f1etas se cuentan por centenares y claro, esto <b>aumenta las probabilidades de crossover tambi\u00e9n la vida real<\/b>.<\/p>\n<p>Aunque ahora est\u00e1 de capa ca\u00edda, por el UCM han pasado ya tantos actores y actrices que para los p\u00f3sters de su pr\u00f3ximo gran evento, &#8216;<a href=\"https:\/\/www.ecartelera.com\/peliculas\/avengers-kang-dynasty\/\" rel=\"nofollow noopener\" target=\"_blank\">Avengers: Doomsday<\/a>&#8216;, donde se reunir\u00e1n muchos (much\u00edsimos) de ellos, nos preguntamos c\u00f3mo har\u00e1n para encajar todos los nombres. <b><a href=\"https:\/\/www.ecartelera.com\/personas\/ebon-moss-bachrach\/\" rel=\"nofollow noopener\" target=\"_blank\">Ebon Moss-Bachrach<\/a>, una de las incorporaciones m\u00e1s recientes a la saga, ser\u00e1 uno de ellos<\/b>.<\/p>\n<p>Joseph Quinn y Ebon Moss-Bachrach profundizan en sus personajes y el futuro de &#8216;Los 4 Fant\u00e1sticos&#8217;<\/p>\n<p><video id=\"vid-35565\" class=\"video-js vjs-default-skin\" data-title=\"Joseph Quinn y Ebon Moss-Bachrach profundizan en sus personajes y el futuro de 'Los 4 Fant\u00e1sticos'\" poster=\"https:\/\/www.ecartelera.com\/images\/videos\/35500\/f35565.jpg\" controls=\"\" preload=\"auto\" width=\"640\" height=\"360\" playsinline=\"\" data-vtt=\"\/\/v1.ecartelera.com\/video\/35500\/35565_sprite.vtt\" data-stream=\"1\">El navegador no soporta el tag de v\u00eddeo.<\/video><\/p>\n<p>X<\/p>\n<p>Moss-Brachrach, conocido entre otras cosas por las series &#8216;<a href=\"https:\/\/www.ecartelera.com\/series\/girls\/\" rel=\"nofollow noopener\" target=\"_blank\">Girls<\/a>&#8216; y &#8216;<a href=\"https:\/\/www.ecartelera.com\/series\/the-bear\/\" rel=\"nofollow noopener\" target=\"_blank\">The Bear<\/a>&#8216;, debutaba este verano en el Universo Marvel con <b>&#8216;<a href=\"https:\/\/www.ecartelera.com\/peliculas\/los-4-fantasticos-marvel-studios\/\" rel=\"nofollow noopener\" target=\"_blank\">Los 4 Fant\u00e1sticos: Primeros pasos<\/a>&#8216;, el reboot de la Primera Familia de Marvel<\/b>, que llegaba seis a\u00f1os despu\u00e9s de que Marvel recuperara los derechos de los personajes con la compra de 20th Century Fox por parte de Disney.<\/p>\n<p>\t\t\t\t\t\t\t<img decoding=\"async\" loading=\"lazy\" src=\"https:\/\/www.europesays.com\/es\/wp-content\/uploads\/2025\/09\/243736_los-4-fantasticos-michael-chiklis-y-ebon-moss-b.jpg\" alt=\"Cosas de Cosas\" width=\"1200\" height=\"684\"\/>\t<\/p>\n<p>\t\t\t\t\t\tCosas de Cosas (Marvel)<\/p>\n<p>Sin contar la infame versi\u00f3n de los 90 que produjo Roger Corman y no se lleg\u00f3 a estrenar en cines, <b>&#8216;Primeros pasos&#8217; es el tercer intento de llevar a Los 4 Fant\u00e1sticos a la gran pantalla<\/b>. La primera vez fue en 2005 con una pel\u00edcula que sirvi\u00f3 de punto de entrada para <a href=\"https:\/\/www.ecartelera.com\/personas\/chris-evans\/\" rel=\"nofollow noopener\" target=\"_blank\">Chris Evans<\/a> al cine de superh\u00e9roes. Recaud\u00f3 333 millones de d\u00f3lares y gener\u00f3 una secuela menos exitosa en 2007, &#8216;<a href=\"https:\/\/www.ecartelera.com\/peliculas\/los-4-fantasticos-silver-surfer\/\" rel=\"nofollow noopener\" target=\"_blank\">Los 4 fant\u00e1sticos y Silver Surfer<\/a>&#8216;. En 2015, Fox volvi\u00f3 a intentarlo con &#8216;<a href=\"https:\/\/www.ecartelera.com\/peliculas\/los-4-fantasticos-2015\/\" rel=\"nofollow noopener\" target=\"_blank\">Cuatro Fant\u00e1sticos<\/a>&#8216;, pero el batacazo de cr\u00edtica y p\u00fablico fue \u00e9pico, uno de los m\u00e1s sonoros del cine de superh\u00e9roes.<\/p>\n<p>Moss-Bachrach interpreta as\u00ed a un personaje que ya ha sido encarnado tres veces en la gran pantalla, siguiendo los pasos de <a href=\"https:\/\/www.ecartelera.com\/personas\/michael-chiklis\/\" rel=\"nofollow noopener\" target=\"_blank\">Michael Chiklis<\/a> y <a href=\"https:\/\/www.ecartelera.com\/personas\/jamie-bell\/\" rel=\"nofollow noopener\" target=\"_blank\">Jamie Bell<\/a>, que como \u00e9l, <b>dieron vida a Ben Grimm, m\u00e1s conocido como La Cosa, en las anteriores versiones<\/b>. <\/p>\n<p>\t\t\t\t\t\t\t<img decoding=\"async\" loading=\"lazy\" src=\"https:\/\/www.europesays.com\/es\/wp-content\/uploads\/2025\/09\/243734_los-4-fantasticos-michael-chiklis-y-ebon-moss-b.jpg\" alt=\"Ebon Moss-Bachrach en 'Los 4 Fant\u00e1sticos: Primeros pasos'\" width=\"1200\" height=\"693\"\/>\t<\/p>\n<p>\t\t\t\t\t\tEbon Moss-Bachrach en &#8216;Los 4 Fant\u00e1sticos: Primeros pasos&#8217; (Marvel Studios)<\/p>\n<p>Y as\u00ed volvemos al Multiverso, que ha hecho posible el regreso de Lobezno o el encuentro de los tres Spider-Man del cine. Por ahora, las Cosas de Marvel no se han cruzado en el cine, pero en la vida real <b>Moss-Bachrach acaba de protagonizar un crossover con el actor que inaugur\u00f3 la tradici\u00f3n veinte a\u00f1os atr\u00e1s, Michael Chiklis<\/b>.<\/p>\n<blockquote class=\"twitter-tweet\">\n<p lang=\"en\" dir=\"ltr\">If it ain&#8217;t one Thing&#8230;it&#8217;s another! This was good. This made me happy. This was overdue. <a href=\"https:\/\/t.co\/1soju8ArxT\" rel=\"nofollow\">pic.twitter.com\/1soju8ArxT<\/a><\/p>\n<p>\u2014 Michael Chiklis (@MichaelChiklis) <a href=\"https:\/\/twitter.com\/MichaelChiklis\/status\/1967122593963798729?ref_src=twsrc%5Etfw\" rel=\"nofollow noopener\" target=\"_blank\">September 14, 2025<\/a><\/p><\/blockquote>\n<p>Lo ha compartido el Chiklis en sus redes sociales. El conocido actor de &#8216;<a href=\"https:\/\/www.ecartelera.com\/series\/the-shield-al-margen-de-la-ley\/\" rel=\"nofollow noopener\" target=\"_blank\">The Shield: Al margen de la ley<\/a>&#8216; est\u00e1 promocionando su nueva pel\u00edcula, &#8216;The Senior&#8217;, drama deportivo que llega a los cines estadounidenses el 19 de septiembre, y <b>se ha encontrado con Moss-Bachrach, con el que ha posado para el deleite de los fans marvelitas<\/b>.<\/p>\n<p><b>\u00abSi no es una Cosa&#8230; \u00a1Es otra!\u00bb<\/b>, escribe Chiklis en la publicaci\u00f3n, donde vemos a los dos actores compartiendo un agradable momento juntos. \u00abEsto ha sido genial, me ha hecho feliz. Ya era hora\u00bb. \u00a1Ahora solo falta que Jamie Bell se una a la fiesta rocosa!<\/p>\n<p>Defensa de su versi\u00f3n<\/p>\n<p>Aunque &#8216;<a href=\"https:\/\/www.ecartelera.com\/peliculas\/los-4-fantasticos\/\" rel=\"nofollow noopener\" target=\"_blank\">Los 4 fant\u00e1sticos<\/a>&#8216; de 2005 no est\u00e1 considerada precisamente como una de las mejores pel\u00edculas de superh\u00e9roes y no recibi\u00f3 buenas cr\u00edticas, veinte a\u00f1os despu\u00e9s de su estreno, <b>son muchos los que -nostalgia por medio- la defienden por su valor como entretenimiento palomitero para toda la familia<\/b>. Entre ellos, Chiklis, que recientemente enarbol\u00f3 esta defensa del film y su secuela en una entrevista con <a target=\"_blank\" href=\"https:\/\/collider.com\/fantastic-four-legacy-audience-love-michael-chiklis\/\" rel=\"nofollow noopener\">Collider<\/a>: <\/p>\n<blockquote><p>\u00abCreo que hubo mucha gente, en el \u00e1mbito de la cr\u00edtica, que se equivoc\u00f3\u00bb. Desprestigiaron nuestras pel\u00edculas, y <b>fueron muy infravaloradas considerando que eran muy queridas por el p\u00fablico<\/b>. Fue uno de esos casos en los que los cr\u00edticos no fueron muy buenos con esas pel\u00edculas, pero el p\u00fablico s\u00ed, y eso sigue vigente. Siempre he dicho por lo bajo que digan lo que quieran, pero la gente las ve. Y ahora, despu\u00e9s de tantos a\u00f1os, la gente est\u00e1 reconociendo que estas pel\u00edculas son buenas para toda la familia, divertidas&#8230; acertaron en muchas cosas. <b>Puede que sean imperfectas, pero son muy buenas pel\u00edculas<\/b>\u00ab.<\/p><\/blockquote>\n<p><script async src=\"https:\/\/platform.twitter.com\/widgets.js\" charset=\"utf-8\"><\/script><\/p>\n","protected":false},"excerpt":{"rendered":"El Multiverso est\u00e1 por todas partes para quien tenga ojos para mirar. Desde el boom del cine de&hellip;\n","protected":false},"author":2,"featured_media":118542,"comment_status":"","ping_status":"","sticky":false,"template":"","format":"standard","meta":{"footnotes":""},"categories":[169],"tags":[1014,1015,1013,177,1011,146,147,25,24,782,176,1019,1016,175,753,1012,23,1017,1018],"class_list":{"0":"post-118541","1":"post","2":"type-post","3":"status-publish","4":"format-standard","5":"has-post-thumbnail","7":"category-cine","8":"tag-actores","9":"tag-actrices","10":"tag-cartelera","11":"tag-cine","12":"tag-ecartelera","13":"tag-entertainment","14":"tag-entretenimiento","15":"tag-es","16":"tag-espana","17":"tag-estrellas","18":"tag-film","19":"tag-fotogramas","20":"tag-fotos","21":"tag-movies","22":"tag-peliculas","23":"tag-pelis","24":"tag-spain","25":"tag-trailers","26":"tag-videos"},"share_on_mastodon":{"url":"","error":""},"_links":{"self":[{"href":"https:\/\/www.europesays.com\/es\/wp-json\/wp\/v2\/posts\/118541","targetHints":{"allow":["GET"]}}],"collection":[{"href":"https:\/\/www.europesays.com\/es\/wp-json\/wp\/v2\/posts"}],"about":[{"href":"https:\/\/www.europesays.com\/es\/wp-json\/wp\/v2\/types\/post"}],"author":[{"embeddable":true,"href":"https:\/\/www.europesays.com\/es\/wp-json\/wp\/v2\/users\/2"}],"replies":[{"embeddable":true,"href":"https:\/\/www.europesays.com\/es\/wp-json\/wp\/v2\/comments?post=118541"}],"version-history":[{"count":0,"href":"https:\/\/www.europesays.com\/es\/wp-json\/wp\/v2\/posts\/118541\/revisions"}],"wp:featuredmedia":[{"embeddable":true,"href":"https:\/\/www.europesays.com\/es\/wp-json\/wp\/v2\/media\/118542"}],"wp:attachment":[{"href":"https:\/\/www.europesays.com\/es\/wp-json\/wp\/v2\/media?parent=118541"}],"wp:term":[{"taxonomy":"category","embeddable":true,"href":"https:\/\/www.europesays.com\/es\/wp-json\/wp\/v2\/categories?post=118541"},{"taxonomy":"post_tag","embeddable":true,"href":"https:\/\/www.europesays.com\/es\/wp-json\/wp\/v2\/tags?post=118541"}],"curies":[{"name":"wp","href":"https:\/\/api.w.org\/{rel}","templated":true}]}}