{"id":118551,"date":"2025-09-16T10:30:07","date_gmt":"2025-09-16T10:30:07","guid":{"rendered":"https:\/\/www.europesays.com\/es\/118551\/"},"modified":"2025-09-16T10:30:07","modified_gmt":"2025-09-16T10:30:07","slug":"rtve-acuerda-retirar-a-espana-si-participa-israel","status":"publish","type":"post","link":"https:\/\/www.europesays.com\/es\/118551\/","title":{"rendered":"RTVE acuerda retirar a Espa\u00f1a si participa Israel"},"content":{"rendered":"<p><strong>Espa\u00f1a <\/strong>no participar\u00e1 en la pr\u00f3xima edici\u00f3n de <strong>Eurovisi\u00f3n <\/strong>en Viena si <strong>Israel <\/strong>contin\u00faa en el festival de m\u00fasica mientras persiste la masacre en <strong>Gaza<\/strong>. As\u00ed lo ha acordado este martes el Consejo de Administraci\u00f3n de RTVE, a propuesta de su presidente, Jos\u00e9 Pablo L\u00f3pez. De esta forma, Espa\u00f1a se suma a la postura de Irlanda, Eslovenia, Islandia y Pa\u00edses Bajos y se convierte en el primer pa\u00eds del llamado &#8216;Big Five&#8217; (compuesto tambi\u00e9n por Reino Unido, Francia, Italia y Alemania) en tomar esta decisi\u00f3n.<\/p>\n<p>El acuerdo ha salido adelante por<strong> una mayor\u00eda absoluta<\/strong> del \u00f3rgano de administraci\u00f3n de la Corporaci\u00f3n, donde est\u00e1n representados los principales partidos del pa\u00eds, con diez votos a favor, cuatro en contra (los consejeros a propuesta del PP) una abstenci\u00f3n del consejero a propuesta de Junts.<\/p>\n<p style=\"text-align:justify;\">En <a href=\"https:\/\/www.rtve.es\/contenidos\/documentos\/decision_RTVE_eurovision.pdf\" rel=\"nofollow noopener\" target=\"_blank\">un comunicado<\/a>, RTVE confirma que la decisi\u00f3n <strong>no altera los planes respecto a la celebraci\u00f3n del Benidorm Fest<\/strong>, \u00abun festival con identidad propia, totalmente consolidado y que el pr\u00f3ximo a\u00f1o celebra su quinta edici\u00f3n\u00bb. <\/p>\n<p>La UER decidir\u00e1 en diciembre si excluye o no a Israel<\/p>\n<p>La inclusi\u00f3n de Espa\u00f1a entre las televisiones p\u00fablicas que han optado por dar este ultim\u00e1tum suma todav\u00eda m\u00e1s presi\u00f3n de cara a la <strong>asamblea general de la Uni\u00f3n Europea de Radiodifusi\u00f3n <\/strong>(UER), que decidir\u00e1 a principios de diciembre si excluye a Israel al igual que hizo con Rusia tras la guerra en Ucrania. Espa\u00f1a es uno de los pa\u00edses que m\u00e1s dinero y audiencia mueve en el festival europeo.<\/p>\n<p>El director de la radio p\u00fablica israel\u00ed, Kan, Golan Yochpaz, ha rechazado retirarse del festival: \u00abNo hay raz\u00f3n para que Israel no siga siendo una parte importante de este evento cultural, que no puede volverse pol\u00edtico\u00bb. En el caso de que los miembros de la UER decidan mantener a la televisi\u00f3n israel\u00ed en la competici\u00f3n, RTVE tendr\u00eda que materializar la amenaza de <strong>abandonar el concurso por primera vez en la historia<\/strong>.<\/p>\n<p>En la <strong>\u00faltima edici\u00f3n de Eurovisi\u00f3n<\/strong>, celebrada en mayo de 2025,<strong> Israel <\/strong>estuvo representado con la canci\u00f3n New Day Will Rise, escrita por Keren Peles e interpretada por Yuval Raphael, superviviente de los atentados terroristas de Ham\u00e1s. La candidatura recibi\u00f3 l<strong>a puntuaci\u00f3n m\u00e1s alta de los espectadores,<\/strong> 297 puntos. Un total de trece pa\u00edses le dieron su 12, entre ellos B\u00e9lgica y Espa\u00f1a. Esto, unido al voto del jurado, 60, le otorg\u00f3 la segunda posici\u00f3n con 357 puntos. <\/p>\n<p><strong>RTVE <\/strong>ya envi\u00f3 una carta en mayo a la Uni\u00f3n Europea de Radiodifusi\u00f3n (UER) en la que<strong> solicitaba la apertura de un debate sobre la participaci\u00f3n de Israel <\/strong>en el festival. En el comunicado, subrayaba la necesidad de reconocer la divisi\u00f3n de opiniones y facilitar un espacio de reflexi\u00f3n entre todas las emisoras y miembros de la UER.  <\/p>\n<p>Justo antes de que comenzara la emisi\u00f3n de la \u00faltima edici\u00f3n del festival de Eurovisi\u00f3n, RTVE emiti\u00f3 adem\u00e1s un mensaje: \u00ab<strong>Frente a los derechos humanos, el silencio no es una opci\u00f3n. Paz y justicia para Palestina<\/strong>\u00ab. La masacre en Gaza por las operaciones que el gobierno de Israel emprendi\u00f3 a ra\u00edz de los atentados de Ham\u00e1s del 7 de octubre de 2023 deja ya casi <strong>65.000 personas asesinadas<\/strong>. <\/p>\n<p>Y tras el concurso, RTVE tambi\u00e9n solicit\u00f3 a la UER que se abriera un debate sobre el televoto en el certamen al considerar que est\u00e1 afectado por los conflictos b\u00e9licos que se producen en la actualidad y que pueden hacer que la ceremonia pierda su esencia cultural.<\/p>\n<p>El Gobierno aboga por \u00abno blanquear el genocidio\u00bb<\/p>\n<p>El Gobierno se ha mostrado a favor de la iniciativa. \u00ab<strong>Tenemos que lograr que Israel no participe<\/strong> en la pr\u00f3xima edici\u00f3n de Eurovisi\u00f3n\u00bb, dec\u00eda este lunes el ministro de Cultura, <strong>Ernest Urtasun,<\/strong> en una entrevista en RNE, donde dijo que le \u00abpreocupa\u00bb y \u00abocupa\u00bb la presencia de Israel en el festival de 2026. El tambi\u00e9n portavoz de Sumar ha apostado por <strong>que los eventos culturales y deportivos \u00abno blanqueen el genocidio\u00bb<\/strong>. \u00abSi no logramos expulsar a Israel, Espa\u00f1a no debe de participar\u00bb, ha insistido. <\/p>\n<p>Tambi\u00e9n el ministro para la Transformaci\u00f3n Digital y de la Funci\u00f3n P\u00fablica,<strong> \u00d3scar L\u00f3pez<\/strong>, considera que \u00abno hay las condiciones\u00bb para que Israel participe \u00abcon normalidad\u00bb en eventos como el Festival de Eurovisi\u00f3n mientras contin\u00fae la ofensiva b\u00e9lica en Gaza. \u00abTarde o temprano, y desde luego para la pr\u00f3xima edici\u00f3n, algo habr\u00e1 que hacer\u00bb, indicaba este lunes.<\/p>\n<p> Por su parte, <strong>Sumar ha lanzado una recogida de firmas<\/strong> para reclamar la expulsi\u00f3n de Israel de la pr\u00f3xima edici\u00f3n del festival de Eurovisi\u00f3n, de la que ya ha recopilado unos <strong>30.000 apoyos<\/strong> ciudadanos en menos de 24 horas, y ha defendido que Espa\u00f1a no participe del evento si se autoriza la presencia del pa\u00eds hebreo. \u00abSi Israel va a Eurovisi\u00f3n, Espa\u00f1a no debe estar en este evento. No vamos a ser c\u00f3mplices de c\u00f3mo se sigue blanqueando un genocidio retransmitido en directo en pleno siglo XXI\u00bb, afirmaba este lunes en rueda de prensa la coordinadora general de Movimiento Sumar, Lara Hern\u00e1ndez.<\/p>\n","protected":false},"excerpt":{"rendered":"Espa\u00f1a no participar\u00e1 en la pr\u00f3xima edici\u00f3n de Eurovisi\u00f3n en Viena si Israel contin\u00faa en el festival de&hellip;\n","protected":false},"author":2,"featured_media":118552,"comment_status":"","ping_status":"","sticky":false,"template":"","format":"standard","meta":{"footnotes":""},"categories":[42],"tags":[17,18,13,14,11,61,62,63,64,19,20,9,10,15,16,12,21,22,65,66,67],"class_list":{"0":"post-118551","1":"post","2":"type-post","3":"status-publish","4":"format-standard","5":"has-post-thumbnail","7":"category-internacional","8":"tag-breaking-news","9":"tag-breakingnews","10":"tag-featured-news","11":"tag-featurednews","12":"tag-headlines","13":"tag-internacional","14":"tag-international","15":"tag-international-news","16":"tag-internationalnews","17":"tag-latest-news","18":"tag-latestnews","19":"tag-news","20":"tag-noticias","21":"tag-noticias-destacadas","22":"tag-noticiasdestacadas","23":"tag-titulares","24":"tag-ultimas-noticias","25":"tag-ultimasnoticias","26":"tag-world","27":"tag-world-news","28":"tag-worldnews"},"share_on_mastodon":{"url":"","error":""},"_links":{"self":[{"href":"https:\/\/www.europesays.com\/es\/wp-json\/wp\/v2\/posts\/118551","targetHints":{"allow":["GET"]}}],"collection":[{"href":"https:\/\/www.europesays.com\/es\/wp-json\/wp\/v2\/posts"}],"about":[{"href":"https:\/\/www.europesays.com\/es\/wp-json\/wp\/v2\/types\/post"}],"author":[{"embeddable":true,"href":"https:\/\/www.europesays.com\/es\/wp-json\/wp\/v2\/users\/2"}],"replies":[{"embeddable":true,"href":"https:\/\/www.europesays.com\/es\/wp-json\/wp\/v2\/comments?post=118551"}],"version-history":[{"count":0,"href":"https:\/\/www.europesays.com\/es\/wp-json\/wp\/v2\/posts\/118551\/revisions"}],"wp:featuredmedia":[{"embeddable":true,"href":"https:\/\/www.europesays.com\/es\/wp-json\/wp\/v2\/media\/118552"}],"wp:attachment":[{"href":"https:\/\/www.europesays.com\/es\/wp-json\/wp\/v2\/media?parent=118551"}],"wp:term":[{"taxonomy":"category","embeddable":true,"href":"https:\/\/www.europesays.com\/es\/wp-json\/wp\/v2\/categories?post=118551"},{"taxonomy":"post_tag","embeddable":true,"href":"https:\/\/www.europesays.com\/es\/wp-json\/wp\/v2\/tags?post=118551"}],"curies":[{"name":"wp","href":"https:\/\/api.w.org\/{rel}","templated":true}]}}