{"id":118553,"date":"2025-09-16T10:31:08","date_gmt":"2025-09-16T10:31:08","guid":{"rendered":"https:\/\/www.europesays.com\/es\/118553\/"},"modified":"2025-09-16T10:31:08","modified_gmt":"2025-09-16T10:31:08","slug":"ocupacion-israeli-sanchez-pospone-el-decreto-de-embargo-de-armas-a-israel-e-iu-amenaza-con-irse-del-consejo-de-ministros-el-salto","status":"publish","type":"post","link":"https:\/\/www.europesays.com\/es\/118553\/","title":{"rendered":"Ocupaci\u00f3n israel\u00ed | S\u00e1nchez pospone el decreto de embargo de armas a Israel e IU amenaza con irse del Consejo de Ministros &#8211; El Salto"},"content":{"rendered":"<p>El lunes 8 de septiembre el Gobierno <a href=\"https:\/\/www.elsaltodiario.com\/ocupacion-israeli\/medidas-del-gobierno-no-aseguran-un-embargo-integral-armas-israel\" rel=\"nofollow noopener\" target=\"_blank\">ced\u00eda a las presiones<\/a> del movimiento de solidaridad con Palestina y anunci\u00f3 la aprobaci\u00f3n de un Real Decreto Ley (RDL) para llevar a cabo un embargo de armas a Israel. El Consejo de Ministros del d\u00eda siguiente ratific\u00f3 esa voluntad sin que se concrete la aprobaci\u00f3n del decreto. Una semana despu\u00e9s, este 16 de septiembre, el Gobierno ha vuelto a posponer la aprobaci\u00f3n del embargo. La fecha del siguiente Consejo de Ministros, <a href=\"https:\/\/www.elsaltodiario.com\/ocupacion-israeli\/protestas-boicot-flotilla-puertas-una-disrupcion-masiva-acabar-genocidio\" target=\"_blank\" rel=\"nofollow noopener\">el 23 de septiembre<\/a>, coincidir\u00eda con la Asamblea General de la ONU, que debatir\u00eda el reconocimiento del Estado palestino y la condena del genocidio en Gaza.\u00a0<\/p>\n<p>Seg\u00fan el Gobierno, el retraso se debe a que el articulado, <a href=\"https:\/\/elpais.com\/espana\/2025-09-15\/el-gobierno-pospone-la-aprobacion-del-decreto-para-el-embargo-de-armas-a-israel.html?ssm=TW_CC\" rel=\"nofollow noopener\" target=\"_blank\">muy t\u00e9cnico<\/a>, afecta a muchas leyes y acuerdos internacionales. El retraso no ha sentado bien al movimiento propalestino, que sac\u00f3 a 100.000 personas el pasado 14 de septiembre en Madrid. Las organizaciones que forman parte de la Red Solidaria contra la Ocupaci\u00f3n de Palestina (Rescop) denuncian las \u201c<a href=\"https:\/\/finalcomerciodearmasconisrael.org\/nota-de-prensa-de-rescop-de-9-9-2025-sobre-anuncio-del-gobierno-de-rd-de-embargo-de-armas-a-israel\/\" rel=\"nofollow noopener\" target=\"_blank\">mentiras<\/a>\u201d del presidente S\u00e1nchez, que se empe\u00f1a en sostener que el embargo <a href=\"https:\/\/www.lamoncloa.gob.es\/consejodeministros\/resumenes\/paginas\/2025\/090925-rueda-de-prensa-ministros.aspx\" rel=\"nofollow noopener\" target=\"_blank\">ya funciona de facto desde el 7 de octubre de 2023<\/a>, una afirmaci\u00f3n desmontada por el <a href=\"https:\/\/centredelas.org\/premsa\/el-govern-espanyol-ha-adjudicat-46-contractes-a-industries-militars-israelianes-per-valor-de-1-044-milions-deuros-des-del-7-doctubre-de-2023\/?lang=es\" target=\"_blank\" rel=\"nofollow noopener\">Centre Del\u00e1s<\/a>, que detall\u00f3 con cifras y contratos firmados que el comercio de armas con Israel <a href=\"https:\/\/www.elsaltodiario.com\/industria-armamentistica\/relaciones-armamentisticas-espana-israel-han-sido-prolificas-nunca-segun-centre-delas\" rel=\"nofollow noopener\" target=\"_blank\">nunca fue m\u00e1s lucrativo<\/a>\u00a0que desde el inicio del genocidio.\u00a0<\/p>\n<p>El retraso tampoco ha sentado bien a su socio a la izquierda. Antonio Ma\u00edllo, coordinador general de IU, ha pedido a los ministros de la coalici\u00f3n que <a href=\"https:\/\/efe.com\/espana\/2025-09-16\/iu-pide-ministros-sumar-no-acudir-consejo-ministros-embargo-armas-israel\/\" rel=\"nofollow noopener\" target=\"_blank\">dejen de ir al Consejo de Ministros<\/a> si el embargo no se aprueba en la siguiente reuni\u00f3n de gabinete.<\/p>\n<blockquote><p>La Rescop no solo defiende que el RDL se apruebe de forma urgente ante la emergencia del genocidio, sino que el texto incluya todos los supuestos y sea retroactivo<\/p><\/blockquote>\n<p>\u201cNo es una buena noticia que [el decreto] hoy <a href=\"https:\/\/efe.com\/espana\/2025-09-16\/iu-pide-ministros-sumar-no-acudir-consejo-ministros-embargo-armas-israel\/\" rel=\"nofollow noopener\" target=\"_blank\">no vaya al Consejo de Ministros<\/a> y no puede ser que se aplace m\u00e1s all\u00e1 del siguiente\u201d, declar\u00f3 a RNE Ma\u00edllo. Sin embargo, el l\u00edder de IU mostr\u00f3 su respaldo al Gobierno, que \u201cva por el buen camino\u201d, y a las nueve medidas anunciadas. El retraso en la aprobaci\u00f3n del decreto, critica, \u201ces un error que quita fuerza al poder moral y de liderazgo moral que est\u00e1 teniendo Espa\u00f1a en la opini\u00f3n p\u00fablica mundial en su posici\u00f3n firme ante Israel\u201d. Para Santiago, \u201cno es normal\u201d que un RDL no se apruebe ocho d\u00edas despu\u00e9s de ser anunciado. La diputada de Sumar\u00a0<a href=\"https:\/\/x.com\/search?q=embargo%20armas&amp;src=typed_query&amp;f=live\" target=\"_blank\" rel=\"nofollow\">Tesh Sidi<\/a> elogi\u00f3 en rueda de prensa el \u201c\u00faltimo sprint\u201d del Gobierno en la tarea de aislar Israel, pero considera \u201cinsuficientes\u201d los esfuerzos:\u00a0 \u201cDesde los socios del Gobierno queremos exigir al Gobierno de Espa\u00f1a que acelere ese Real Decreto porque llevamos m\u00e1s de dos semanas esperando\u201d.<\/p>\n<p>Pese a afirmar que el embargo se aplica desde hace dos a\u00f1os, el Gobierno ha hecho p\u00fablico esta semana que ha anulado los contratos para la compra de lanzacohetes de alta movilidad Silam, por un valor de 700 millones de euros, y el sistema de misiles contracarro Spike, por un total de 287,5 millones.<\/p>\n<p>La Rescop no solo defiende que el RDL se apruebe de forma urgente ante la urgencia de la masacre en Gaza, sino que el texto incluya todos los supuestos, desde la compraventa de armas, hasta todas las modalidades de tr\u00e1nsito de armamento, municiones, combustibles y componentes militares, as\u00ed como los materiales de doble uso (civiles y militares). El embargo debe tambi\u00e9n ser retroactivo, exigen desde la Rescop, para poder anular los 46 contratos vigentes con Israel.<\/p>\n","protected":false},"excerpt":{"rendered":"El lunes 8 de septiembre el Gobierno ced\u00eda a las presiones del movimiento de solidaridad con Palestina y&hellip;\n","protected":false},"author":2,"featured_media":118554,"comment_status":"","ping_status":"","sticky":false,"template":"","format":"standard","meta":{"footnotes":""},"categories":[8],"tags":[17,18,25,24,13,14,4975,11,19,20,9,10,15,16,23,12,21,22],"class_list":{"0":"post-118553","1":"post","2":"type-post","3":"status-publish","4":"format-standard","5":"has-post-thumbnail","7":"category-espana","8":"tag-breaking-news","9":"tag-breakingnews","10":"tag-es","11":"tag-espana","12":"tag-featured-news","13":"tag-featurednews","14":"tag-global","15":"tag-headlines","16":"tag-latest-news","17":"tag-latestnews","18":"tag-news","19":"tag-noticias","20":"tag-noticias-destacadas","21":"tag-noticiasdestacadas","22":"tag-spain","23":"tag-titulares","24":"tag-ultimas-noticias","25":"tag-ultimasnoticias"},"share_on_mastodon":{"url":"","error":""},"_links":{"self":[{"href":"https:\/\/www.europesays.com\/es\/wp-json\/wp\/v2\/posts\/118553","targetHints":{"allow":["GET"]}}],"collection":[{"href":"https:\/\/www.europesays.com\/es\/wp-json\/wp\/v2\/posts"}],"about":[{"href":"https:\/\/www.europesays.com\/es\/wp-json\/wp\/v2\/types\/post"}],"author":[{"embeddable":true,"href":"https:\/\/www.europesays.com\/es\/wp-json\/wp\/v2\/users\/2"}],"replies":[{"embeddable":true,"href":"https:\/\/www.europesays.com\/es\/wp-json\/wp\/v2\/comments?post=118553"}],"version-history":[{"count":0,"href":"https:\/\/www.europesays.com\/es\/wp-json\/wp\/v2\/posts\/118553\/revisions"}],"wp:featuredmedia":[{"embeddable":true,"href":"https:\/\/www.europesays.com\/es\/wp-json\/wp\/v2\/media\/118554"}],"wp:attachment":[{"href":"https:\/\/www.europesays.com\/es\/wp-json\/wp\/v2\/media?parent=118553"}],"wp:term":[{"taxonomy":"category","embeddable":true,"href":"https:\/\/www.europesays.com\/es\/wp-json\/wp\/v2\/categories?post=118553"},{"taxonomy":"post_tag","embeddable":true,"href":"https:\/\/www.europesays.com\/es\/wp-json\/wp\/v2\/tags?post=118553"}],"curies":[{"name":"wp","href":"https:\/\/api.w.org\/{rel}","templated":true}]}}