{"id":118557,"date":"2025-09-16T10:33:08","date_gmt":"2025-09-16T10:33:08","guid":{"rendered":"https:\/\/www.europesays.com\/es\/118557\/"},"modified":"2025-09-16T10:33:08","modified_gmt":"2025-09-16T10:33:08","slug":"manoinclusion-celebra-una-jornada-de-puertas-abiertas-de-balonmano-inclusivo-en-soria","status":"publish","type":"post","link":"https:\/\/www.europesays.com\/es\/118557\/","title":{"rendered":"Manoinclusi\u00f3n celebra una jornada de puertas abiertas de balonmano inclusivo en Soria"},"content":{"rendered":"<p class=\"prip\">La <strong>asociaci\u00f3n Manoinclusi\u00f3n<\/strong> organiza este mi\u00e9rcoles una jornada de puertas abiertas para dar a conocer su actividad de balonmano inclusivo en Soria. La cita tiene lugar en el polideportivo del <strong>Camp Co \u00c1ngel de la Guarda \u00c1ngel de la Guarda<\/strong> a partir de las 19:00 horas, con el objetivo de inaugurar la nueva temporada deportiva 2025-2026. En la cita colabora el<strong> club Balonmano Soria<\/strong> y tambi\u00e9n el Ayuntamiento capitalino.<\/p>\n<p>La entidad soriana retoma as\u00ed su actividad, consolidando su compromiso con la <strong>integraci\u00f3n social a trav\u00e9s del deporte<\/strong>. Esta iniciativa busca ofrecer un espacio seguro y adaptado para deportistas con necesidades especiales o en situaci\u00f3n de exclusi\u00f3n social, fomentando valores como el compa\u00f1erismo y la superaci\u00f3n personal.<\/p>\n<p>La jornada se presenta como una oportunidad ideal para que cualquier persona interesada, sin importar su condici\u00f3n o experiencia previa, pueda experimentar de primera mano los beneficios de esta disciplina deportiva. La invitaci\u00f3n est\u00e1 abierta a toda la sociedad soriana para conocer el proyecto y a sus participantes.<\/p>\n<p>\u00bfEn qu\u00e9 consiste la jornada de puertas abiertas?<\/p>\n<p>El evento est\u00e1 dise\u00f1ado como una <strong>sesi\u00f3n de iniciaci\u00f3n y convivencia<\/strong>. Seg\u00fan detallan desde la organizaci\u00f3n, el objetivo es que todo aquel que quiera probar esta disciplina acuda a conocerlo en un ambiente distendido y acogedor. Los asistentes podr\u00e1n participar activamente en el entrenamiento, conocer a los miembros de la asociaci\u00f3n y descubrir las din\u00e1micas del balonmano adaptado.<\/p>\n<p>Informaci\u00f3n pr\u00e1ctica: fecha, hora y lugar<\/p>\n<p>Para facilitar la asistencia de todos los interesados, la asociaci\u00f3n ha concretado los detalles de la convocatoria. La informaci\u00f3n clave para acudir a esta jornada de <strong>balonmano inclusivo<\/strong> es la siguiente:<\/p>\n<ul>\n<li><strong>Fecha:<\/strong> Mi\u00e9rcoles, 17 de septiembre de 2025.<\/li>\n<p>&#13;<\/p>\n<li><strong>Hora:<\/strong> A partir de las 19:00 horas.<\/li>\n<p>&#13;<\/p>\n<li><strong>Lugar:<\/strong> Polideportivo del Camp Co \u00c1ngel de la Guarda, Soria.<\/li>\n<p>&#13;<\/p>\n<li><strong>Acceso:<\/strong> Abierto y gratuito para todo el p\u00fablico.<\/li>\n<p>&#13;\n<\/ul>\n<p>El proyecto de Manoinclusi\u00f3n<\/p>\n<p>La <strong>asociaci\u00f3n Manoinclusi\u00f3n<\/strong> trabaja para eliminar barreras en el \u00e1mbito deportivo, promoviendo la pr\u00e1ctica del balonmano entre personas que afrontan dificultades de inclusi\u00f3n. Con el inicio de la <strong>temporada 2025-2026<\/strong>, la organizaci\u00f3n reafirma su papel como un referente de la integraci\u00f3n en el panorama deportivo de la provincia, invitando a la comunidad a formar parte de su proyecto.<\/p>\n","protected":false},"excerpt":{"rendered":"La asociaci\u00f3n Manoinclusi\u00f3n organiza este mi\u00e9rcoles una jornada de puertas abiertas para dar a conocer su actividad de&hellip;\n","protected":false},"author":2,"featured_media":118558,"comment_status":"","ping_status":"","sticky":false,"template":"","format":"standard","meta":{"footnotes":""},"categories":[278],"tags":[4071,376,168,25,24,4806,375,39418,5621,39419,295,2761,246,23,167],"class_list":{"0":"post-118557","1":"post","2":"type-post","3":"status-publish","4":"format-standard","5":"has-post-thumbnail","7":"category-balonmano","8":"tag-agenda","9":"tag-balonmano","10":"tag-deportes","11":"tag-es","12":"tag-espana","13":"tag-eventos","14":"tag-handball","15":"tag-inclusivo","16":"tag-invitacion","17":"tag-manoinclusion","18":"tag-miercoles","19":"tag-prueba","20":"tag-soria","21":"tag-spain","22":"tag-sports"},"share_on_mastodon":{"url":"","error":""},"_links":{"self":[{"href":"https:\/\/www.europesays.com\/es\/wp-json\/wp\/v2\/posts\/118557","targetHints":{"allow":["GET"]}}],"collection":[{"href":"https:\/\/www.europesays.com\/es\/wp-json\/wp\/v2\/posts"}],"about":[{"href":"https:\/\/www.europesays.com\/es\/wp-json\/wp\/v2\/types\/post"}],"author":[{"embeddable":true,"href":"https:\/\/www.europesays.com\/es\/wp-json\/wp\/v2\/users\/2"}],"replies":[{"embeddable":true,"href":"https:\/\/www.europesays.com\/es\/wp-json\/wp\/v2\/comments?post=118557"}],"version-history":[{"count":0,"href":"https:\/\/www.europesays.com\/es\/wp-json\/wp\/v2\/posts\/118557\/revisions"}],"wp:featuredmedia":[{"embeddable":true,"href":"https:\/\/www.europesays.com\/es\/wp-json\/wp\/v2\/media\/118558"}],"wp:attachment":[{"href":"https:\/\/www.europesays.com\/es\/wp-json\/wp\/v2\/media?parent=118557"}],"wp:term":[{"taxonomy":"category","embeddable":true,"href":"https:\/\/www.europesays.com\/es\/wp-json\/wp\/v2\/categories?post=118557"},{"taxonomy":"post_tag","embeddable":true,"href":"https:\/\/www.europesays.com\/es\/wp-json\/wp\/v2\/tags?post=118557"}],"curies":[{"name":"wp","href":"https:\/\/api.w.org\/{rel}","templated":true}]}}