{"id":118559,"date":"2025-09-16T10:34:10","date_gmt":"2025-09-16T10:34:10","guid":{"rendered":"https:\/\/www.europesays.com\/es\/118559\/"},"modified":"2025-09-16T10:34:10","modified_gmt":"2025-09-16T10:34:10","slug":"florito-pasa-el-testigo-a-su-hijo","status":"publish","type":"post","link":"https:\/\/www.europesays.com\/es\/118559\/","title":{"rendered":"Florito pasa el testigo a su hijo"},"content":{"rendered":"<p>La figura de <a title=\"Florito\" href=\"https:\/\/www.larazon.es\/cultura\/toros\/florito-toro-madrid-protagonistas-spot-ventas_202405076639fd94c18d400001bd66a0.html\" target=\"_blank\" rel=\"nofollow noopener\">Florito<\/a> ha sido sin\u00f3nimo de compromiso, discreci\u00f3n y conocimiento en <a title=\"Las Ventas\" href=\"https:\/\/www.larazon.es\/tags\/las-ventas\/\" target=\"_blank\" rel=\"nofollow noopener\">Las Ventas<\/a> desde mediados de los a\u00f1os 80. <b>Tras casi cuatro d\u00e9cadas al frente de los corrales de la primera plaza del mundo, <a title=\"Florencio Fern\u00e1ndez\" href=\"https:\/\/www.larazon.es\/historico\/1385-florito-recibira-la-cruz-del-2-de-mayo-ULLA_RAZON_453376\/\" target=\"_blank\" rel=\"nofollow noopener\">Florencio Fern\u00e1ndez<\/a> ha decidido poner fin a su carrera como mayoral, <\/b>marcando el cierre de una etapa irrepetible en la historia reciente del toreo. Su jubilaci\u00f3n, prevista para este octubre, no llega sin sorpresa: ser\u00e1 su hijo \u00c1lvaro quien recoja el testigo, un hecho que combina vocaci\u00f3n, responsabilidad y continuidad familiar.<\/p>\n<p><a title=\"Florito\" href=\"https:\/\/www.larazon.es\/cultura\/toros\/florito-toro-madrid-protagonistas-spot-ventas_202405076639fd94c18d400001bd66a0.html\" target=\"_blank\" rel=\"nofollow noopener\">Florito<\/a> lleg\u00f3 a la plaza madrile\u00f1a de la mano de <strong data-start=\"1451\" data-end=\"1481\">Manuel Mart\u00ednez Flamarique<\/strong>, el m\u00edtico \u00abChopera\u00bb. Desde entonces, su trabajo ha sido esencial no solo en la log\u00edstica de los festejos, sino tambi\u00e9n en la selecci\u00f3n del ganado y en el delicado manejo del toro bravo. Su instinto en los corrales, su criterio como veedor y su dedicaci\u00f3n incondicional han hecho de \u00e9l una figura casi legendaria para abonados, ganaderos y profesionales del toreo.<\/p>\n<p>Aunque la retirada est\u00e9 pr\u00f3xima, <a title=\"Florito\" href=\"https:\/\/www.larazon.es\/cultura\/toros\/florito-toro-madrid-protagonistas-spot-ventas_202405076639fd94c18d400001bd66a0.html\" target=\"_blank\" rel=\"nofollow noopener\">Florito<\/a> sigue implicado en las labores del d\u00eda a d\u00eda.<b> Contin\u00faa visitando fincas, revisando ganader\u00edas y preparando cabestros j\u00f3venes, <\/b>convencido de que cada detalle influye en la experiencia del aficionado.<\/p>\n<p>El relevo generacional no lleg\u00f3 por sorpresa, aunque parec\u00eda improbable. <b>Su hijo \u00c1lvaro, formado en ingenier\u00eda aeroespacial, le confes\u00f3 que su verdadera vocaci\u00f3n estaba junto al toro, no entre planos ni laboratorios. <\/b>Fue una revelaci\u00f3n inesperada para <a title=\"Florito\" href=\"https:\/\/www.larazon.es\/cultura\/toros\/florito-toro-madrid-protagonistas-spot-ventas_202405076639fd94c18d400001bd66a0.html\" target=\"_blank\" rel=\"nofollow noopener\">Florito<\/a>, que nunca imagin\u00f3 que su hijo quisiera asumir el mismo camino. Desde entonces, el joven ha tomado el compromiso con seriedad, dejando claro que su decisi\u00f3n es firme y no improvisada.<\/p>\n<p>Eso s\u00ed, el propio <a title=\"Florito\" href=\"https:\/\/www.larazon.es\/cultura\/toros\/florito-toro-madrid-protagonistas-spot-ventas_202405076639fd94c18d400001bd66a0.html\" target=\"_blank\" rel=\"nofollow noopener\">Florito<\/a> ha aclarado que \u00c1lvaro se limitar\u00e1, al menos por el momento, a las funciones de mayoral. La labor de veedor, con todo lo que implica, no estar\u00e1 entre sus responsabilidades inmediatas. <b>Y aunque el apellido le pese, su padre tiene claro que debe labrarse su propio prestigio.<\/b><\/p>\n<p>Con esta transici\u00f3n, no solo se despide un trabajador ejemplar, sino tambi\u00e9n el custodio de una tradici\u00f3n. <a title=\"Florito\" href=\"https:\/\/www.larazon.es\/cultura\/toros\/florito-toro-madrid-protagonistas-spot-ventas_202405076639fd94c18d400001bd66a0.html\" target=\"_blank\" rel=\"nofollow noopener\">Florito<\/a> ha vivido entregado a la plaza y al toro, con un nivel de exigencia que ha sacrificado incluso su vida personal. <b>Ahora, deja la puerta entreabierta a una nueva etapa, consciente de que el relevo est\u00e1 en marcha, <\/b>pero que el respeto solo se gana con trabajo, no con apellidos.<\/p>\n","protected":false},"excerpt":{"rendered":"La figura de Florito ha sido sin\u00f3nimo de compromiso, discreci\u00f3n y conocimiento en Las Ventas desde mediados de&hellip;\n","protected":false},"author":2,"featured_media":118560,"comment_status":"","ping_status":"","sticky":false,"template":"","format":"standard","meta":{"footnotes":""},"categories":[277],"tags":[373,168,25,24,23,167,374],"class_list":{"0":"post-118559","1":"post","2":"type-post","3":"status-publish","4":"format-standard","5":"has-post-thumbnail","7":"category-toreo","8":"tag-bullfighting","9":"tag-deportes","10":"tag-es","11":"tag-espana","12":"tag-spain","13":"tag-sports","14":"tag-toreo"},"share_on_mastodon":{"url":"","error":""},"_links":{"self":[{"href":"https:\/\/www.europesays.com\/es\/wp-json\/wp\/v2\/posts\/118559","targetHints":{"allow":["GET"]}}],"collection":[{"href":"https:\/\/www.europesays.com\/es\/wp-json\/wp\/v2\/posts"}],"about":[{"href":"https:\/\/www.europesays.com\/es\/wp-json\/wp\/v2\/types\/post"}],"author":[{"embeddable":true,"href":"https:\/\/www.europesays.com\/es\/wp-json\/wp\/v2\/users\/2"}],"replies":[{"embeddable":true,"href":"https:\/\/www.europesays.com\/es\/wp-json\/wp\/v2\/comments?post=118559"}],"version-history":[{"count":0,"href":"https:\/\/www.europesays.com\/es\/wp-json\/wp\/v2\/posts\/118559\/revisions"}],"wp:featuredmedia":[{"embeddable":true,"href":"https:\/\/www.europesays.com\/es\/wp-json\/wp\/v2\/media\/118560"}],"wp:attachment":[{"href":"https:\/\/www.europesays.com\/es\/wp-json\/wp\/v2\/media?parent=118559"}],"wp:term":[{"taxonomy":"category","embeddable":true,"href":"https:\/\/www.europesays.com\/es\/wp-json\/wp\/v2\/categories?post=118559"},{"taxonomy":"post_tag","embeddable":true,"href":"https:\/\/www.europesays.com\/es\/wp-json\/wp\/v2\/tags?post=118559"}],"curies":[{"name":"wp","href":"https:\/\/api.w.org\/{rel}","templated":true}]}}