{"id":118561,"date":"2025-09-16T10:35:07","date_gmt":"2025-09-16T10:35:07","guid":{"rendered":"https:\/\/www.europesays.com\/es\/118561\/"},"modified":"2025-09-16T10:35:07","modified_gmt":"2025-09-16T10:35:07","slug":"no-seran-mis-ultimas-elecciones","status":"publish","type":"post","link":"https:\/\/www.europesays.com\/es\/118561\/","title":{"rendered":"No ser\u00e1n mis \u00faltimas elecciones"},"content":{"rendered":"<p data-gtm-element-container=\"modulo-texto-link\" class=\"paragraph\"><strong>Conor McGregor<\/strong> no ser\u00e1 candidato a la presidencia de Irlanda en las pr\u00f3ximas elecciones en el pa\u00eds isle\u00f1o. El mito de las <strong>MMA <\/strong>mundiales e icono de la <strong>UFC<\/strong>, que tambi\u00e9n busca un retorno al oct\u00e1gono, llevaba varios meses alimentando su candidatura en las redes sociales, a la par que buscaba los apoyos necesarios para aparecer en las papeletas de sus conciudadanos este octubre.\u00a0<\/p>\n<p data-gtm-element-container=\"modulo-texto-link\" class=\"paragraph\">El luchador, de <strong>37 a\u00f1os<\/strong>, no logr\u00f3 recabar las nominaciones obligatorias de 20 miembros del parlamento o cuatro autoridades locales, ni siquiera con el apoyo externo de figuras de impacto mundial como<strong> Elon Musk<\/strong>, uno de los principales impulsores de la nueva presidencia de <strong>Donald Trump<\/strong> en Estados Unidos.<\/p>\n<p data-gtm-element-container=\"modulo-texto-link\" class=\"paragraph\">\u00abQuiero asegurar a la gente de Irlanda que estas no ser\u00e1n mis \u00faltimas elecciones\u00bb, escribi\u00f3 McGregor para comunicar su renuncia a la carrera presidencial. <strong>\u00abMe ver\u00e1n presentarme en el futuro, luchando por sus derechos<\/strong> y representando los mejores intereses de nuestra naci\u00f3n\u00bb, a\u00f1ad\u00eda en la misiva. A pesar de su popularidad, el luchador acumula varios esc\u00e1ndalos dentro y fuera de su pa\u00eds, donde su perfil medi\u00e1tico levanta tambi\u00e9n mucha pol\u00e9mica.<\/p>\n<p data-gtm-element-container=\"modulo-texto-link\" class=\"paragraph\">Una encuesta reciente del peri\u00f3dico Sunday Independent\u00a0reflej\u00f3 que tan <strong>solo un 7% de los encuestados hubieran votado por McGregor<\/strong> de haber aparecido en las papeletas electorales. El pasado mes de noviembre, McGregor fue condenado por asalto sexual a una mujer en un hotel de Dubl\u00edn, la capital del pa\u00eds. El luchador fue acusado de violar a la denunciante en un incidente de 2018, y tuvo que indemnizarla con m\u00e1s de 200.000 euros por da\u00f1os y perjuicios.<\/p>\n<p>    Lee tambi\u00e9n<\/p>\n<p data-gtm-element-container=\"modulo-texto-link\" class=\"paragraph\">El nombre de McGregor suena con fuerza para la cartelera especial del evento de la UFC en la<strong> Casa Blanca<\/strong>, programado para verano de 2026. El luchador, con un balance profesional de 22 victorias y seis derrotas, no sube al oct\u00f3gono de la promotora reina de las MMA mundiales desde 2021, cuando se rompi\u00f3 la pierna y cay\u00f3 por KO t\u00e9cnico ante Dustin Poirier.\u00a0<\/p>\n<p data-gtm-element-container=\"modulo-texto-link\" class=\"paragraph\">En la \u00faltima semana,<strong> Ilia Topuria<\/strong> tambi\u00e9n expres\u00f3 su inter\u00e9s por presidir en un futuro Espa\u00f1a, aunque sus declaraciones fueron en un contexto m\u00e1s distendido y a modo de broma.<\/p>\n","protected":false},"excerpt":{"rendered":"Conor McGregor no ser\u00e1 candidato a la presidencia de Irlanda en las pr\u00f3ximas elecciones en el pa\u00eds isle\u00f1o.&hellip;\n","protected":false},"author":2,"featured_media":118562,"comment_status":"","ping_status":"","sticky":false,"template":"","format":"standard","meta":{"footnotes":""},"categories":[276],"tags":[168,25,24,23,167,343],"class_list":{"0":"post-118561","1":"post","2":"type-post","3":"status-publish","4":"format-standard","5":"has-post-thumbnail","7":"category-ufc","8":"tag-deportes","9":"tag-es","10":"tag-espana","11":"tag-spain","12":"tag-sports","13":"tag-ufc"},"share_on_mastodon":{"url":"","error":""},"_links":{"self":[{"href":"https:\/\/www.europesays.com\/es\/wp-json\/wp\/v2\/posts\/118561","targetHints":{"allow":["GET"]}}],"collection":[{"href":"https:\/\/www.europesays.com\/es\/wp-json\/wp\/v2\/posts"}],"about":[{"href":"https:\/\/www.europesays.com\/es\/wp-json\/wp\/v2\/types\/post"}],"author":[{"embeddable":true,"href":"https:\/\/www.europesays.com\/es\/wp-json\/wp\/v2\/users\/2"}],"replies":[{"embeddable":true,"href":"https:\/\/www.europesays.com\/es\/wp-json\/wp\/v2\/comments?post=118561"}],"version-history":[{"count":0,"href":"https:\/\/www.europesays.com\/es\/wp-json\/wp\/v2\/posts\/118561\/revisions"}],"wp:featuredmedia":[{"embeddable":true,"href":"https:\/\/www.europesays.com\/es\/wp-json\/wp\/v2\/media\/118562"}],"wp:attachment":[{"href":"https:\/\/www.europesays.com\/es\/wp-json\/wp\/v2\/media?parent=118561"}],"wp:term":[{"taxonomy":"category","embeddable":true,"href":"https:\/\/www.europesays.com\/es\/wp-json\/wp\/v2\/categories?post=118561"},{"taxonomy":"post_tag","embeddable":true,"href":"https:\/\/www.europesays.com\/es\/wp-json\/wp\/v2\/tags?post=118561"}],"curies":[{"name":"wp","href":"https:\/\/api.w.org\/{rel}","templated":true}]}}