{"id":118565,"date":"2025-09-16T10:38:11","date_gmt":"2025-09-16T10:38:11","guid":{"rendered":"https:\/\/www.europesays.com\/es\/118565\/"},"modified":"2025-09-16T10:38:11","modified_gmt":"2025-09-16T10:38:11","slug":"lo-esquive-con-el-manillar-pero-me-atraveso-la-ingle-a-medio-centimetro-de-la-arteria-femoral","status":"publish","type":"post","link":"https:\/\/www.europesays.com\/es\/118565\/","title":{"rendered":"\u00abLo esquiv\u00e9 con el manillar pero me atraves\u00f3 la ingle, a medio cent\u00edmetro de la arteria femoral\u00bb"},"content":{"rendered":"<p>Fue un milagro. Ni siquiera el propio m\u00e9dico que le trata en Son Espases y que comprob\u00f3 por donde le atraves\u00f3 el enorme <a href=\"https:\/\/www.ultimahora.es\/etiqueta\/tubo.html?utm_source=Inline-tag&amp;utm_medium=internal\" rel=\"nofollow noopener\" target=\"_blank\">tubo<\/a> de hierro sale de su sorpresa. \u00abCuando vieron que el pasamanos de la <a href=\"https:\/\/www.ultimahora.es\/etiqueta\/barrera.html?utm_source=Inline-tag&amp;utm_medium=internal\" rel=\"nofollow noopener\" target=\"_blank\">barrera<\/a> que me clav\u00e9 <strong>se qued\u00f3 a medio cent\u00edmetro de la arteria femoral<\/strong>, me dijo: &#8216;Esto te pasa un mill\u00f3n de veces y s\u00f3lo te salvas una&#8217;\u00bb, cuenta Frank con una sonrisa de oreja a oreja. Su actitud y resiliencia siempre han sido admirables, aunque los \u00faltimos d\u00edas no han sido nada f\u00e1ciles para \u00e9l y su familia: \u00abPaso de la euforia al baj\u00f3n y otra vez vuelta a empezar\u00bb, explica.<\/p>\n<p>Se cay\u00f3 el lunes 8 de septiembre mientras entrenaba en el <a href=\"https:\/\/www.ultimahora.es\/etiqueta\/vel%C3%B3dromo.html?utm_source=Inline-tag&amp;utm_medium=internal\" rel=\"nofollow noopener\" target=\"_blank\">vel\u00f3dromo<\/a> de <a href=\"https:\/\/www.ultimahora.es\/etiqueta\/Son+Moix.html?utm_source=Inline-tag&amp;utm_medium=internal\" rel=\"nofollow noopener\" target=\"_blank\">Son Moix<\/a> para preparar el <a href=\"https:\/\/www.ultimahora.es\/etiqueta\/mundial.html?utm_source=Inline-tag&amp;utm_medium=internal\" rel=\"nofollow noopener\" target=\"_blank\">Mundial<\/a> de Roubaix de Ciclismo en <a href=\"https:\/\/www.ultimahora.es\/etiqueta\/pista.html?utm_source=Inline-tag&amp;utm_medium=internal\" rel=\"nofollow noopener\" target=\"_blank\">Pista<\/a> del pr\u00f3ximo octubre; aunque ya es consciente de que no podr\u00e1 ir. El grave percance que sufri\u00f3, <strong>a causa de una barrera de la pista desprendida y en <a href=\"https:\/\/www.ultimahora.es\/etiqueta\/mal+estado.html?utm_source=Inline-tag&amp;utm_medium=internal\" rel=\"nofollow noopener\" target=\"_blank\">mal estado<\/a><\/strong>, le ha dejado importantes lesiones; entre ellas el peron\u00e9 roto y un enorme agujero en la piel, cerrado con decenas de grapas y puntos que invaden su muslo derecho. La actuaci\u00f3n del <a href=\"https:\/\/www.ultimahora.es\/etiqueta\/061.html?utm_source=Inline-tag&amp;utm_medium=internal\" rel=\"nofollow noopener\" target=\"_blank\">061<\/a> fue tan de pel\u00edcula como la propia ca\u00edda.<\/p>\n<p><img loading=\"lazy\" decoding=\"async\" src=\"https:\/\/www.europesays.com\/es\/wp-content\/uploads\/2025\/09\/3475497.jpg\" border=\"0\" alt=\"\" width=\"824\" height=\"445\"\/>&#13;<br \/>\nEl m\u00e9dico del 061 realiz\u00f3 una impresionante intervenci\u00f3n &#8216;in situ&#8217;, recort\u00e1ndole la piel para liberarle de la barrera que ten\u00eda clavada y poder trasladarlo.&#13;<\/p>\n<p>\u00abMe salvaron la vida. Los bomberos no pudieron cortar la barra con la radial al estar tan cerca de la femoral y all\u00ed mismo <strong>el m\u00e9dico decidi\u00f3 cortar la piel para librarme de la barrera y trasladarme de urgencia a Son Espases<\/strong>\u00bb, cuenta desde la habitaci\u00f3n donde a\u00fan est\u00e1 ingresado. Una sombra empa\u00f1a su optimismo, el pr\u00f3ximo jueves, el equipo m\u00e9dico analizar\u00e1 si se ha producido alguna necrosis en la zona herida, algo que ralentizar\u00eda mucho su recuperaci\u00f3n.<\/p>\n<p>El <a href=\"https:\/\/www.ultimahora.es\/etiqueta\/accidente.html?utm_source=Inline-tag&amp;utm_medium=internal\" rel=\"nofollow noopener\" target=\"_blank\">accidente<\/a> se produjo mientras el campe\u00f3n de la categor\u00eda m\u00e1ster, Fran\u00e7ois Xavier Brunot Pozo, conocido como <a href=\"https:\/\/www.ultimahora.es\/etiqueta\/Frank+Brunot.html?utm_source=Inline-tag&amp;utm_medium=internal\" rel=\"nofollow noopener\" target=\"_blank\">Frank Brunot<\/a>, daba vueltas a gran velocidad, ascendiendo y descendiendo por la pista, a las \u00f3rdenes de su preparador. \u00abLa barrera, al estar suelta, se inclin\u00f3 hacia el interior de la pista. La esquiv\u00e9 con el manillar pero <strong>entr\u00f3 en mi pierna derecha y me atraves\u00f3 hasta la ingle<\/strong>, qued\u00e9 ensartado y ca\u00ed al suelo con la barrera\u00bb, describe.<\/p>\n<p><img loading=\"lazy\" decoding=\"async\" src=\"https:\/\/www.europesays.com\/es\/wp-content\/uploads\/2025\/09\/3474811.jpg\" border=\"0\" alt=\"\" width=\"1440\" height=\"1440\"\/>&#13;<br \/>\nLa barrera entr\u00f3 por su pierna derecha y sali\u00f3 por su ingle.&#13;<\/p>\n<p>Todo lo que pas\u00f3 a partir de ese momento, se lo han contado; ya que Frank se qued\u00f3 inconsciente. Su entrenador David Montserrat y su gran amigo Bernat, reaccionaron r\u00e1pidamente y en pocos minutos, el <a href=\"https:\/\/www.ultimahora.es\/etiqueta\/ciclista.html?utm_source=Inline-tag&amp;utm_medium=internal\" rel=\"nofollow noopener\" target=\"_blank\">ciclista<\/a> estaba rodeado de los equipos de Emergencia. No despert\u00f3 hasta la una y media de la madrugada, sintiendo un tremendo dolor y con el brazo, el p\u00f3mulo y el hombro inflamados; adem\u00e1s de la imponente herida de la pierna. A pesar de lo sanguinolento del suceso, este accidente <strong>no le ha hecho perder la ilusi\u00f3n ni mucho menos coger miedo a la bicicleta.<\/strong><\/p>\n<p><img loading=\"lazy\" decoding=\"async\" src=\"https:\/\/www.europesays.com\/es\/wp-content\/uploads\/2025\/09\/3474815.jpg\" border=\"0\" alt=\"\" width=\"1440\" height=\"1440\"\/>&#13;<br \/>\nLa barrera se inclin\u00f3 tanto sobre la pista que se interpuso en el camino de Frank y \u00e9ste no pudo esquivarla ni pararse, ya que las bicis de esta modalidad son de pi\u00f1\u00f3n fijo y no tienen freno.&#13;<\/p>\n<p>\u00ab\u00c9sta es mi pasi\u00f3n. Es lo que me llena y me hace feliz. Espero el 2026 con muchas ganas, estreno categor\u00eda al cumplir 60 a\u00f1os y ya pienso en participar en la pr\u00f3xima Ultra Non Stop 24 horas\u00bb, cuenta el incombustible Brunot. El pr\u00f3ximo mi\u00e9rcoles tendr\u00e1 que pasar por el quir\u00f3fano pero conf\u00eda en los m\u00e9dicos: \u00abHe vuelto a nacer pero saldremos de \u00e9sta\u00bb, asegura. La necesaria recuperaci\u00f3n del accidente sufrido<strong> le deja sin poder aprovechar su plaza para el campeonato del mundo y la p\u00e9rdida de los billetes y la estancia ya pagados<\/strong>. \u00abLo intent\u00e9 hasta el final e incluso plante\u00e9 ir y participar a\u00fan sabiendo que con la lesi\u00f3n no conseguir\u00eda nada y cuando se me agot\u00f3 esa esperanza, pens\u00e9 en ir al menos como espectador. No podr\u00e9 hacer ninguna de las dos cosas pero ya ir\u00e9 el a\u00f1o que viene. De lo malo, intento siempre sacar lo mejor\u00bb, revela.<\/p>\n<p><img loading=\"lazy\" decoding=\"async\" src=\"https:\/\/www.europesays.com\/es\/wp-content\/uploads\/2025\/09\/3474819.jpg\" border=\"0\" alt=\"\" width=\"1440\" height=\"1440\"\/>&#13;<br \/>\nLos agujeros que soportaban la barrera se encuentran agrietados y no ofrecen la sujeci\u00f3n adecuada. Frank espera que lo reparen con urgencia, por la seguridad de todos los usuarios.&#13;<\/p>\n<p>El deportista no pretende cargar contra las instalaciones de Son Moix porque para los amantes de este <a href=\"https:\/\/www.ultimahora.es\/etiqueta\/deporte.html?utm_source=Inline-tag&amp;utm_medium=internal\" rel=\"nofollow noopener\" target=\"_blank\">deporte<\/a> son imprescindibles, sobre todo, mientras est\u00e1 cerrado el Vel\u00f2drom de les Illes Balears; pero s\u00ed considera importante<strong> realizar las mejoras necesarias para garantizar la seguridad<\/strong>, la barrera que se interpuso en su camino, entre ellas. \u00abLos agujeros del suelo est\u00e1n totalmente agrietados y cedidos, no ten\u00eda ninguna sujeci\u00f3n, no quiero generar ninguna pol\u00e9mica pero hay que arreglar esto. No quiero imaginar lo que pasar\u00eda si la barrera cayera con un pelot\u00f3n de ni\u00f1os rodando en la pista\u00bb, finaliza con preocupaci\u00f3n.<\/p>\n","protected":false},"excerpt":{"rendered":"Fue un milagro. Ni siquiera el propio m\u00e9dico que le trata en Son Espases y que comprob\u00f3 por&hellip;\n","protected":false},"author":2,"featured_media":118566,"comment_status":"","ping_status":"","sticky":false,"template":"","format":"standard","meta":{"footnotes":""},"categories":[273],"tags":[35974,4205,5254,34731,5168,39420,313,25066,1757,39424,312,634,168,25,24,39421,20448,39422,39425,1070,10,5253,5839,23016,23,167,39423,5255,39426,1529,21,39427,39428],"class_list":{"0":"post-118565","1":"post","2":"type-post","3":"status-publish","4":"format-standard","5":"has-post-thumbnail","7":"category-ciclismo","8":"tag-35974","9":"tag-accidente","10":"tag-accidente-de-trafico","11":"tag-barrera","12":"tag-bicicletas","13":"tag-bombers-de-palma","14":"tag-ciclismo","15":"tag-ciclismo-en-mallorca","16":"tag-ciclista","17":"tag-clavada","18":"tag-cycling","19":"tag-deporte","20":"tag-deportes","21":"tag-es","22":"tag-espana","23":"tag-frank-brunot","24":"tag-hospital-son-espases","25":"tag-ime","26":"tag-mal-estado","27":"tag-mundial","28":"tag-noticias","29":"tag-noticias-sucesos-hoy","30":"tag-pista","31":"tag-son-moix","32":"tag-spain","33":"tag-sports","34":"tag-sucesos-en-baleares","35":"tag-sucesos-en-mallorca","36":"tag-tubo","37":"tag-ultima-hora","38":"tag-ultimas-noticias","39":"tag-velodromo","40":"tag-velodromo-illes-balears"},"share_on_mastodon":{"url":"","error":""},"_links":{"self":[{"href":"https:\/\/www.europesays.com\/es\/wp-json\/wp\/v2\/posts\/118565","targetHints":{"allow":["GET"]}}],"collection":[{"href":"https:\/\/www.europesays.com\/es\/wp-json\/wp\/v2\/posts"}],"about":[{"href":"https:\/\/www.europesays.com\/es\/wp-json\/wp\/v2\/types\/post"}],"author":[{"embeddable":true,"href":"https:\/\/www.europesays.com\/es\/wp-json\/wp\/v2\/users\/2"}],"replies":[{"embeddable":true,"href":"https:\/\/www.europesays.com\/es\/wp-json\/wp\/v2\/comments?post=118565"}],"version-history":[{"count":0,"href":"https:\/\/www.europesays.com\/es\/wp-json\/wp\/v2\/posts\/118565\/revisions"}],"wp:featuredmedia":[{"embeddable":true,"href":"https:\/\/www.europesays.com\/es\/wp-json\/wp\/v2\/media\/118566"}],"wp:attachment":[{"href":"https:\/\/www.europesays.com\/es\/wp-json\/wp\/v2\/media?parent=118565"}],"wp:term":[{"taxonomy":"category","embeddable":true,"href":"https:\/\/www.europesays.com\/es\/wp-json\/wp\/v2\/categories?post=118565"},{"taxonomy":"post_tag","embeddable":true,"href":"https:\/\/www.europesays.com\/es\/wp-json\/wp\/v2\/tags?post=118565"}],"curies":[{"name":"wp","href":"https:\/\/api.w.org\/{rel}","templated":true}]}}