{"id":118569,"date":"2025-09-16T10:40:06","date_gmt":"2025-09-16T10:40:06","guid":{"rendered":"https:\/\/www.europesays.com\/es\/118569\/"},"modified":"2025-09-16T10:40:06","modified_gmt":"2025-09-16T10:40:06","slug":"el-coviran-sigue-avanzando-en-su-pretemporada-anadiendo-mas-ajustes","status":"publish","type":"post","link":"https:\/\/www.europesays.com\/es\/118569\/","title":{"rendered":"El Covir\u00e1n sigue avanzando en su pretemporada a\u00f1adiendo m\u00e1s ajustes"},"content":{"rendered":"<p>El inicio de la pretemporada del Covir\u00e1n va dejando ya algunas pistas de por d\u00f3nde pueden ir los tiros, tanto en ataque como en defensa,  &#8230; del equipo en el que se estrenar\u00e1 esta temporada como entrenador Ram\u00f3n D\u00edaz. Sin embargo, con tres semanas a\u00fan de trabajo por delante, a nadie escapa que la riqueza t\u00e1ctica del conjunto a\u00fan se encuentra algo verde para como deber\u00e1 estar en el estreno oficial frente al Joventut Badalona.<\/p>\n<p class=\"v-p\">As\u00ed, en ataque se puede observar que la trazas principales van por el alto ritmo de juego, los ataques en los primeros segundos de posesi\u00f3n y el alto volumen de tiros de tres que los rojinegros emplear\u00e1n \u2013en el \u00faltimo duelo ante Unicaja ya lanzaron m\u00e1s triples que tiros de dos, por ejemplo\u2013. Por su parte, en defensa lo que ya se palpa es que un alto nivel de intensidad para contener el bloqueo y continuaci\u00f3n central del rival, el sistema a partir del cual empiezan a forjarse la inmensa mayor\u00eda de los ataques en el baloncesto del Viejo Continente hoy en d\u00eda. <\/p>\n<p class=\"v-p\">De ah\u00ed parte la principal idea en defensa de un Covir\u00e1n que quiere ser un aut\u00e9ntico dolor de muelas para los rivales con su actividad en la pista trasera. Eso s\u00ed, no se puede esconder que ese no puede ser el \u00fanico plan. Primero porque, de ser as\u00ed, el equipo rojinegro se convertir\u00eda en muy previsible para los ataques contrarios. Y segundo, porque es muy dif\u00edcil mantener ese nivel de exigencia f\u00edsica durante los cuarenta minutos de un partido. De ah\u00ed que, en la hoja de ruta de Ram\u00f3n D\u00edaz para su retaguardia, aparezcan necesariamente otros caminos para proteger su canasta.<\/p>\n<p class=\"v-p\"><strong>Ajustes t\u00e1cticos<\/strong><\/p>\n<p class=\"v-p\">Cuando el equipo granadino a\u00fan marcha por la mitad de su pretemporada, el propio entrenador no ocult\u00f3 tras el duelo ante Unicaja que faltaban \u00abmuchos\u00bb ajustes t\u00e1cticos por implantar en defensa. Por ejemplo, un factor decisivo para el triunfo costasole\u00f1o en la Copa Andaluc\u00eda fueron los puntos del p\u00edvot David Kravish en el \u00faltimo cuarto. Sobradamente conocido por su buena mano exterior, el interior con pasaporte b\u00falgaro sorprendi\u00f3 con su mu\u00f1eca a un Zach Hankins que, a medio camino entre la fatiga y el desconocimiento del rival, no sali\u00f3 a puntearle en dos acciones consecutivas que acabaron sumando seis puntos para el Unicaja y abrieron la definitiva brecha en el marcador. \u00abHay detalles t\u00e1cticos que a\u00fan no hemos trabajado\u00bb, reconoci\u00f3 D\u00edaz, rest\u00e1ndole en cierto modo importancia a los despistes defensivos de Hankins, aunque s\u00ed fue m\u00e1s cr\u00edtico con su estado actual de forma f\u00edsica, pidi\u00e9ndole una mejor puesta a punto al estadounidense \u00absi quiere jugar muchos minutos en este equipo\u00bb.<\/p>\n<p class=\"v-p\">Lo que se extrae de dichas declaraciones del nuevo entrenador del Covir\u00e1n es que, por el momento, no le preocupa tanto el no conocer detalles de los futuros rivales, pero s\u00ed el hecho de tener a su equipo con una gran puesta a punto f\u00edsica, pues ser\u00e1 necesaria para la idea que quiere implantar. Sin embargo, seg\u00fan ha podido saber IDEAL, en los entrenamientos del Covir\u00e1n a\u00fan no se han trabajado todas las defensas contra el bloque directo que aparecer\u00e1n pronto ya en la hoja de ruta defensiva de los rojinegros. Habr\u00e1 opciones m\u00e1s conservadoras y, por supuesto tambi\u00e9n, situaciones en las que haya que ajustar ante un &#8216;pick&amp;pop&#8217; \u2013cuando el p\u00edvot no contin\u00faa sino que se abre a tirar, como hizo Kravish el s\u00e1bado\u2013. Finalmente, llegar\u00e1n tambi\u00e9n los ajustes espec\u00edficos para cada equipo. El Covir\u00e1n avanza sin prisa, pero sin pausa.<\/p>\n","protected":false},"excerpt":{"rendered":"El inicio de la pretemporada del Covir\u00e1n va dejando ya algunas pistas de por d\u00f3nde pueden ir los&hellip;\n","protected":false},"author":2,"featured_media":118570,"comment_status":"","ping_status":"","sticky":false,"template":"","format":"standard","meta":{"footnotes":""},"categories":[269],"tags":[39431,39430,39429,299,298,3446,168,25,24,961,1262,23,167],"class_list":{"0":"post-118569","1":"post","2":"type-post","3":"status-publish","4":"format-standard","5":"has-post-thumbnail","7":"category-baloncesto","8":"tag-ajustes","9":"tag-anadiendo","10":"tag-avanzando","11":"tag-baloncesto","12":"tag-basketball","13":"tag-coviran","14":"tag-deportes","15":"tag-es","16":"tag-espana","17":"tag-pretemporada","18":"tag-sigue","19":"tag-spain","20":"tag-sports"},"share_on_mastodon":{"url":"","error":""},"_links":{"self":[{"href":"https:\/\/www.europesays.com\/es\/wp-json\/wp\/v2\/posts\/118569","targetHints":{"allow":["GET"]}}],"collection":[{"href":"https:\/\/www.europesays.com\/es\/wp-json\/wp\/v2\/posts"}],"about":[{"href":"https:\/\/www.europesays.com\/es\/wp-json\/wp\/v2\/types\/post"}],"author":[{"embeddable":true,"href":"https:\/\/www.europesays.com\/es\/wp-json\/wp\/v2\/users\/2"}],"replies":[{"embeddable":true,"href":"https:\/\/www.europesays.com\/es\/wp-json\/wp\/v2\/comments?post=118569"}],"version-history":[{"count":0,"href":"https:\/\/www.europesays.com\/es\/wp-json\/wp\/v2\/posts\/118569\/revisions"}],"wp:featuredmedia":[{"embeddable":true,"href":"https:\/\/www.europesays.com\/es\/wp-json\/wp\/v2\/media\/118570"}],"wp:attachment":[{"href":"https:\/\/www.europesays.com\/es\/wp-json\/wp\/v2\/media?parent=118569"}],"wp:term":[{"taxonomy":"category","embeddable":true,"href":"https:\/\/www.europesays.com\/es\/wp-json\/wp\/v2\/categories?post=118569"},{"taxonomy":"post_tag","embeddable":true,"href":"https:\/\/www.europesays.com\/es\/wp-json\/wp\/v2\/tags?post=118569"}],"curies":[{"name":"wp","href":"https:\/\/api.w.org\/{rel}","templated":true}]}}