{"id":118594,"date":"2025-09-16T10:58:15","date_gmt":"2025-09-16T10:58:15","guid":{"rendered":"https:\/\/www.europesays.com\/es\/118594\/"},"modified":"2025-09-16T10:58:15","modified_gmt":"2025-09-16T10:58:15","slug":"de-aliarse-con-la-fifa-de-infantino-a-ceder-la-casa-blanca-a-la-ufc","status":"publish","type":"post","link":"https:\/\/www.europesays.com\/es\/118594\/","title":{"rendered":"de aliarse con la FIFA de Infantino a ceder la Casa Blanca a la UFC"},"content":{"rendered":"<p class=\"paragraph\" id=\"paragraph_1\">En su segundo mandato, <strong>Donald Trump<\/strong> contin\u00faa estrechando sus lazos con el mundo del deporte. La confirmaci\u00f3n de su asistencia a la final del Mundial de Clubes de la FIFA en <strong>Nueva Jersey<\/strong> llega apenas un d\u00eda despu\u00e9s de que la <strong>FIFA<\/strong>, bajo la direcci\u00f3n de <strong>Gianni Infantino<\/strong>, inaugurara una nueva sede en la <strong>Torre Trump<\/strong> de <strong>Nueva York<\/strong>.<\/p>\n<p class=\"paragraph\" id=\"paragraph_2\">El anuncio de su viaje a la gran final, que tendr\u00e1 lugar este domingo en el <strong>MetLife Stadium<\/strong>, ser\u00e1 la culminaci\u00f3n del papel de Estados Unidos como organizador de la primera edici\u00f3n del renovado Mundial de Clubes, adem\u00e1s de ser coanfitri\u00f3n, junto a <strong>Canad\u00e1<\/strong> y <strong>M\u00e9xico,<\/strong> del pr\u00f3ximo Mundial \u2014de selecciones\u2014 en 2026.<\/p>\n<p class=\"paragraph\" id=\"paragraph_3\">Un movimiento estrat\u00e9gico que refuerza la presencia del presidente en competencias de alto nivel y subraya el peso pol\u00edtico que otorga al espect\u00e1culo deportivo y las relaciones con sus altos cargos.<\/p>\n<p><img loading=\"lazy\" decoding=\"async\" alt=\"Donald Trump celebra una reuni\u00f3n del Grupo de Trabajo de la FIFA junto a JD Vance y Gianni Infantino\" height=\"180\" src=\"https:\/\/www.europesays.com\/es\/wp-content\/uploads\/2025\/09\/1003743746717_255382257_320x180.jpg\" width=\"320\" data-lazy-status=\"processed\" data-lazy-info=\"remove loading item 1\"\/><\/p>\n<p class=\"paragraph\" id=\"paragraph_4\">Desde el inicio de este segundo mandato, la implicaci\u00f3n de Trump en el deporte se ha intensificado. Sin ir m\u00e1s lejos, fue el primer presidente en funciones en asistir a un <strong>Super Bowl <\/strong>y su administraci\u00f3n confirm\u00f3 que <strong>Washington DC<\/strong> acoger\u00e1 por primera vez el <strong>Draft de la NFL<\/strong> en 2027.<\/p>\n<p class=\"paragraph\" id=\"paragraph_5\"><a href=\"https:\/\/www.elespanol.com\/deportes\/otros-deportes\/20250210\/swift-pitada-trump-ovacionado-exhibicion-lady-gaga-show-reivindicativo-sorpresas-no-deportivas-super-bowl\/923157678_0.html?utm_cmp_rs=linksinline\" rel=\"nofollow noopener\" target=\"_blank\">La participaci\u00f3n de Trump en el Super Bowl, celebrado en <strong>Nueva Orleans<\/strong><\/a>, marc\u00f3 un hito hist\u00f3rico. Acompa\u00f1ado de su hija <strong>Ivanka<\/strong>, apareci\u00f3 en el campo una hora antes del inicio del partido, paseando entre ovaciones y generando un espect\u00e1culo paralelo al encuentro, en el que los <strong>Philadelphia Eagles<\/strong> vencieron a los <strong>Kansas City Chiefs<\/strong> por 40-22.<\/p>\n<p><img decoding=\"async\" alt=\"Donald Trump escucha el himno de EE.UU. antes del comienzo del Super Bowl LIX\" data-imgm=\"true\" height=\"180\" loading=\"lazy\"  src=\"https:\/\/www.europesays.com\/es\/wp-content\/uploads\/2025\/09\/923167684_252978372_1024x576.jpg\"  width=\"320\"\/><\/p>\n<p>                                                            Donald Trump escucha el himno de EE.UU. antes del comienzo del Super Bowl LIX<\/p>\n<p>                    Reuters<\/p>\n<p class=\"paragraph\" id=\"paragraph_6\">Paralelamente, Trump mantiene una alianza s\u00f3lida con la <strong>UFC<\/strong> de su amigo <strong>Dana White<\/strong>. La prueba m\u00e1s reciente de esta relaci\u00f3n es <a href=\"https:\/\/www.elespanol.com\/deportes\/otros-deportes\/20250704\/trump-cede-casa-blanca-ufc-hacer-evento-titulo-juego-espectadores-epico\/1003743834204_0.html?utm_cmp_rs=linksinline\" rel=\"nofollow noopener\" target=\"_blank\">la confirmaci\u00f3n de que la <strong>Casa Blanca<\/strong> organizar\u00e1 un evento de la UFC en 2026<\/a>.<\/p>\n<p class=\"paragraph\" id=\"paragraph_7\">La relaci\u00f3n de Trump con la <strong>UFC<\/strong> viene de largo. En 2001, cuando <strong>Dana White<\/strong> buscaba recintos para sus eventos, el entonces empresario Trump le abri\u00f3 las puertas del casino <strong>Trump Taj Mahal<\/strong> de <strong>Atlantic City<\/strong>.<\/p>\n<p class=\"paragraph\" id=\"paragraph_8\">A d\u00eda de hoy, esa amistad se traducir\u00e1 en la organizaci\u00f3n de un evento especial en la <strong>Casa Blanca<\/strong>. \u201c\u00bfAlguien ve la UFC? \u00bfAl gran Dana White? Vamos a tener una pelea de la UFC \u2014piensen en esto\u2014 en los terrenos de la Casa Blanca. Tenemos mucho terreno all\u00ed\u00bb, anunci\u00f3 Trump recientemente en un mitin de <strong>Iowa<\/strong>.<\/p>\n<p class=\"paragraph\" id=\"paragraph_9\">La secretaria de prensa de la Casa Blanca, <strong>Karoline Leavitt<\/strong>, no tard\u00f3 en confirmar la noticia en X y celebr\u00f3 que \u00ab\u00a1va a ser \u00c9PICO!\u00bb.<\/p>\n<p><img decoding=\"async\" alt=\"Donald Trump, con Dana White a su izquierda, en el UFC 316\" data-imgm=\"true\" height=\"180\" loading=\"lazy\"  src=\"https:\/\/www.europesays.com\/es\/wp-content\/uploads\/2025\/09\/1003743794667_256279355_1024x576.jpg\"  width=\"320\"\/><\/p>\n<p>                                                            Donald Trump, con Dana White a su izquierda, en el UFC 316<\/p>\n<p>                    Reuters<\/p>\n<p class=\"paragraph\" id=\"paragraph_10\">El presidente norteamericano, <a href=\"https:\/\/www.elespanol.com\/deportes\/otros-deportes\/20250608\/trump-vuelve-dar-bano-masas-ufc-mitad-disputa-elon-musk\/1003743794657_0.html?utm_cmp_rs=linksinline\" rel=\"nofollow noopener\" target=\"_blank\">que ya estuvo presente en el <strong>UFC 316<\/strong> en <strong>Newark<\/strong><\/a>, planea un evento con capacidad para 20.000-25.000 personas como parte de las celebraciones de los 250 a\u00f1os de la independencia de Estados Unidos.<\/p>\n<p>Infantino no se separa de Trump<\/p>\n<p class=\"paragraph\" id=\"paragraph_11\">El v\u00ednculo de Trump con la FIFA se ha ido forjando a lo largo de los \u00faltimos meses. <strong>Infantino<\/strong> visit\u00f3 la <strong>Casa Blanca<\/strong> y el complejo del presidente en Florida en varias ocasiones, e incluso prioriz\u00f3 un viaje por el Golfo sobre el congreso anual de la FIFA en Paraguay.<\/p>\n<p class=\"paragraph\" id=\"paragraph_12\">\u201cHemos recibido un gran apoyo del gobierno y del presidente con el grupo de trabajo de la Casa Blanca \u2014creado para supervisar la organizaci\u00f3n de cada torneo\u2014 para el Mundial de Clubes y el Mundial de la FIFA del a\u00f1o que viene\u201d, declar\u00f3 el m\u00e1ximo dirigente del f\u00fatbol a nivel global.<\/p>\n<p class=\"paragraph\" id=\"paragraph_13\">La apertura de la oficina de la FIFA en Nueva York no es el primer despliegue de la entidad en territorio estadounidense; ya contaba con una sede nueva en Miami. Sin embargo, instalarse en la <strong>Torre Trump<\/strong> simboliza un salto cualitativo en sus relaciones con la administraci\u00f3n.<\/p>\n<p class=\"paragraph\" id=\"paragraph_14\">Seg\u00fan Infantino, \u00abla FIFA es una organizaci\u00f3n global y para ser global hay que ser local, hay que estar en todas partes, as\u00ed que tenemos que estar en Nueva York\u00bb.<\/p>\n<p class=\"paragraph\" id=\"paragraph_15\">Mientras, en el plano legislativo, Trump sopesa endurecer las restricciones de viaje actualmente vigentes para 12 pa\u00edses, ampli\u00e1ndolas a otros 36. Una medida que contrasta con la bienvenida ofrecida a aficionados de todo el mundo por parte de la FIFA, y que ha generado cr\u00edticas en c\u00edrculos deportivos y diplom\u00e1ticos.<\/p>\n<p class=\"paragraph\" id=\"paragraph_16\">Con la mirada puesta en el futuro, el presidente conf\u00eda en que su apuesta por el deporte sirva como puente diplom\u00e1tico y herramienta de popularidad.<\/p>\n<p><img decoding=\"async\" alt=\"El presidente de EEUU, Donald Trump, con el bal\u00f3n del Mundial de f\u00fatbol de 2026.\" height=\"180\" loading=\"lazy\" width=\"320\" data-lazy-status=\"processed\" id=\"ff4b37174a\" src=\"https:\/\/www.elespanol.com\/deportes\/otros-deportes\/20250710\/trump-blinda-deporte-segundo-mandato-aliarse-fifa-infantino-ceder-casa-blanca-ufc\/[\" https:=\"\" data-lazy-info=\"changed src\"\/><\/p>\n<p class=\"paragraph\" id=\"paragraph_17\">La combinaci\u00f3n de f\u00fatbol, f\u00fatbol americano y artes marciales mixtas en su agenda bilateral revela un plan deliberado para utilizar los grandes eventos como plataforma de fortalecimiento interno y proyecci\u00f3n internacional.<\/p>\n<p class=\"paragraph\" id=\"paragraph_18\">As\u00ed, entre inauguraciones de sedes, finales de campeonatos y combates en la <strong>Casa Blanca<\/strong>, <strong>Donald Trump<\/strong> consolida un estilo pol\u00edtico que encuentra en el deporte un aliado de primer orden.<\/p>\n<p class=\"paragraph\" id=\"paragraph_19\">De la mano de <strong>Gianni Infantino<\/strong> y de <strong>Dana White<\/strong>, el inquilino de Pennsylvania Avenue sit\u00faa a Estados Unidos en el centro de las grandes citas deportivas y refuerza su blindaje medi\u00e1tico y cultural.<\/p>\n","protected":false},"excerpt":{"rendered":"En su segundo mandato, Donald Trump contin\u00faa estrechando sus lazos con el mundo del deporte. La confirmaci\u00f3n de&hellip;\n","protected":false},"author":2,"featured_media":118595,"comment_status":"","ping_status":"","sticky":false,"template":"","format":"standard","meta":{"footnotes":""},"categories":[276],"tags":[168,352,25,24,14013,11268,1915,23,167,343],"class_list":{"0":"post-118594","1":"post","2":"type-post","3":"status-publish","4":"format-standard","5":"has-post-thumbnail","7":"category-ufc","8":"tag-deportes","9":"tag-donald-trump","10":"tag-es","11":"tag-espana","12":"tag-fifa","13":"tag-nfl","14":"tag-otros-deportes","15":"tag-spain","16":"tag-sports","17":"tag-ufc"},"share_on_mastodon":{"url":"","error":""},"_links":{"self":[{"href":"https:\/\/www.europesays.com\/es\/wp-json\/wp\/v2\/posts\/118594","targetHints":{"allow":["GET"]}}],"collection":[{"href":"https:\/\/www.europesays.com\/es\/wp-json\/wp\/v2\/posts"}],"about":[{"href":"https:\/\/www.europesays.com\/es\/wp-json\/wp\/v2\/types\/post"}],"author":[{"embeddable":true,"href":"https:\/\/www.europesays.com\/es\/wp-json\/wp\/v2\/users\/2"}],"replies":[{"embeddable":true,"href":"https:\/\/www.europesays.com\/es\/wp-json\/wp\/v2\/comments?post=118594"}],"version-history":[{"count":0,"href":"https:\/\/www.europesays.com\/es\/wp-json\/wp\/v2\/posts\/118594\/revisions"}],"wp:featuredmedia":[{"embeddable":true,"href":"https:\/\/www.europesays.com\/es\/wp-json\/wp\/v2\/media\/118595"}],"wp:attachment":[{"href":"https:\/\/www.europesays.com\/es\/wp-json\/wp\/v2\/media?parent=118594"}],"wp:term":[{"taxonomy":"category","embeddable":true,"href":"https:\/\/www.europesays.com\/es\/wp-json\/wp\/v2\/categories?post=118594"},{"taxonomy":"post_tag","embeddable":true,"href":"https:\/\/www.europesays.com\/es\/wp-json\/wp\/v2\/tags?post=118594"}],"curies":[{"name":"wp","href":"https:\/\/api.w.org\/{rel}","templated":true}]}}