{"id":118598,"date":"2025-09-16T11:01:07","date_gmt":"2025-09-16T11:01:07","guid":{"rendered":"https:\/\/www.europesays.com\/es\/118598\/"},"modified":"2025-09-16T11:01:07","modified_gmt":"2025-09-16T11:01:07","slug":"ivan-cortina-ciclista-asturiano-del-movistar-en-la-vuelta-es-triste-que-te-tiren-chinchetas-a-la-cara","status":"publish","type":"post","link":"https:\/\/www.europesays.com\/es\/118598\/","title":{"rendered":"Iv\u00e1n Cortina, ciclista asturiano del Movistar en La Vuelta: \u00abEs triste que te tiren chinchetas a la cara\u00bb"},"content":{"rendered":"<p>\u00abVen\u00edamos a hacer deporte y que, en alguna etapa, no haya podido discurrir la carrera por protestas que han pasado la l\u00ednea roja&#8230; Da  &#8230; pena, sobre todo por el precedente que sienta\u00bb. Las palabras de <a href=\"https:\/\/www.elcomercio.es\/deportes\/ciclismo\/vuelta-asturias-ivan-cortina-rompe-sequia-casa-20250425175441-nt.html\" target=\"_blank\" data-voc-vtm-id=\"in-text-traffic\" title=\"Iv\u00e1n Garc\u00eda Cortina\" data-mrf-link=\"www.elcomercio.es\" rel=\"nofollow noopener\">Iv\u00e1n Garc\u00eda Cortina<\/a> el d\u00eda despu\u00e9s de completar <a href=\"https:\/\/www.elcomercio.es\/deportes\/ciclismo\/vuelta-espana\/\" target=\"_blank\" data-voc-vtm-id=\"in-text-traffic\" title=\"La Vuelta a Espa\u00f1a\" data-mrf-link=\"www.elcomercio.es\" rel=\"nofollow noopener\">La Vuelta a Espa\u00f1a<\/a> \u2013encadenando su segunda grande del a\u00f1o tras el Tour de Francia\u2013 deber\u00edan pivotar sobre el aspecto deportivo. Sin Enric Mas, al corredor asturiano le toc\u00f3 trabajar en pos de alg\u00fan triunfo de etapa, suyo o de alg\u00fan compa\u00f1ero. No lleg\u00f3, en una edici\u00f3n de la ronda ciclista en la que las <a href=\"https:\/\/www.elcomercio.es\/deportes\/ciclismo\/vuelta-espana\/vuelta-2025-marcada-revuelta-civil-favor-causa-20250914220728-ntrc.html\" target=\"_blank\" data-voc-vtm-id=\"in-text-traffic\" title=\"protestas propalestina\" data-mrf-link=\"www.elcomercio.es\" rel=\"nofollow noopener\">protestas propalestina<\/a> contra la presencia del equipo Israel Premier-Tech eclipsaron en varias etapas a lo deportivo.<\/p>\n<p class=\"v-p\">\u00abCon mucha incertidumbre y tristeza\u00bb explica Cortina que se viv\u00eda desde dentro de la caravana el avance de las etapas y el clima que se iba generando contra el pelot\u00f3n. \u00abHab\u00edamos visto alg\u00fan cartel de boicot a La Vuelta. Quiz\u00e1 nos esper\u00e1bamos alguna etapa complicada por las protestas, como en el Pa\u00eds Vasco, pero no en el resto de sitios\u00bb, reconoce el corredor pocas horas despu\u00e9s de terminar su cuarta Vuelta a Espa\u00f1a. Lo hizo sin cruzar la meta, pues la \u00faltima etapa, el habitual paseo triunfal de los ciclistas por Madrid, tuvo que ser anulada cuando faltaban 50 kil\u00f3metrospor las manifestaciones en la capital. \u00abEn principio nos pens\u00e1bamos que pod\u00eda ser una de las etapas m\u00e1s sencillas de controlar en cuanto a seguridad al ser un circuito cerrado y mira&#8230; Al final fue la que m\u00e1s distancia qued\u00f3 sin completar\u00bb. La madrile\u00f1a fue la tercera jornada en la que los deportistas no pudieron cruzar el arco de meta. \u00abNos han insultado y tirado chinchetas a la cara. Son cosas que van contra el esp\u00edritu deportivo. Es triste\u00bb, a\u00f1ade Cortina, quien defiende el papel de la organizaci\u00f3n: \u00abNo tienen potestad para sacar de La Vuelta al equipo de Israel. Creo que hicieron todo lo mejor que pudieron. Nadie les reprocha nada\u00bb.<\/p>\n<p><a href=\"http:\/\/www.elcomercio.es\/deportes\/ciclismo\/vuelta-espana\/podio-improvisado-vuelta-celebro-parking-hotel-subidos-20250915122725-ntrc.html#vtm_modulosEngag=mod-rel:deportes:noticia:1:cmp:1-not\" class=\"v-a-link\" aria-label=\"Imagen\" rel=\"nofollow noopener\" target=\"_blank\"><\/p>\n<p><img decoding=\"async\" loading=\"lazy\" src=\"https:\/\/www.europesays.com\/es\/wp-content\/uploads\/2025\/09\/Clipboard-0122-kRaC--366x256@RC.jpg\" class=\"v-a-img\" width=\"258\" height=\"180\" alt=\"\" data-voc-vtm-id=\"in-text-traffic\"\/><\/p>\n<p><\/a><\/p>\n<p class=\"v-p\">Hugo de la Calle, Sinuh\u00e9 Fern\u00e1ndez \u2013ambos del Burgos BH\u2013 y el propio Cortina fueron los tres ciclistas asturianos llamados a filas por sus equipos para esta edici\u00f3n de la prueba ciclista, con inicio en el Piamonte italiano y que, ya en la Pen\u00ednsula, atraves\u00f3 la zona norte hasta descender a Madrid, donde ayer se esperaba su gran jornada final. Los deportistas ten\u00edan marcado en rojo algunas de las ascensiones m\u00e1s ic\u00f3nicas de la ronda espa\u00f1ola, como los finales en alto de Asturias de L&#8217;Angliru y La Farrapona o la del s\u00e1bado, con final en la Bola del Mundo de Navacerrada. No contaban con que las mayores dificultades no iban a estar en las cimas, sino en los m\u00e1rgenes de las carreteras. \u00abLos ciclistas del Israel no tienen nada que ver con lo que pasa en Gaza ni son responsables. Solo quieren llevar el pan a casa\u00bb, concluye Cortina. La Vuelta 2025 ya es historia. En todos los sentidos.<\/p>\n","protected":false},"excerpt":{"rendered":"\u00abVen\u00edamos a hacer deporte y que, en alguna etapa, no haya podido discurrir la carrera por protestas que&hellip;\n","protected":false},"author":2,"featured_media":118599,"comment_status":"","ping_status":"","sticky":false,"template":"","format":"standard","meta":{"footnotes":""},"categories":[273],"tags":[12232,2608,39437,313,1757,24070,312,168,25,24,4358,303,23,167,39436,7465,1357],"class_list":{"0":"post-118598","1":"post","2":"type-post","3":"status-publish","4":"format-standard","5":"has-post-thumbnail","7":"category-ciclismo","8":"tag-asturiano","9":"tag-cara","10":"tag-chinchetas","11":"tag-ciclismo","12":"tag-ciclista","13":"tag-cortina","14":"tag-cycling","15":"tag-deportes","16":"tag-es","17":"tag-espana","18":"tag-ivan","19":"tag-movistar","20":"tag-spain","21":"tag-sports","22":"tag-tiren","23":"tag-triste","24":"tag-vuelta"},"share_on_mastodon":{"url":"","error":""},"_links":{"self":[{"href":"https:\/\/www.europesays.com\/es\/wp-json\/wp\/v2\/posts\/118598","targetHints":{"allow":["GET"]}}],"collection":[{"href":"https:\/\/www.europesays.com\/es\/wp-json\/wp\/v2\/posts"}],"about":[{"href":"https:\/\/www.europesays.com\/es\/wp-json\/wp\/v2\/types\/post"}],"author":[{"embeddable":true,"href":"https:\/\/www.europesays.com\/es\/wp-json\/wp\/v2\/users\/2"}],"replies":[{"embeddable":true,"href":"https:\/\/www.europesays.com\/es\/wp-json\/wp\/v2\/comments?post=118598"}],"version-history":[{"count":0,"href":"https:\/\/www.europesays.com\/es\/wp-json\/wp\/v2\/posts\/118598\/revisions"}],"wp:featuredmedia":[{"embeddable":true,"href":"https:\/\/www.europesays.com\/es\/wp-json\/wp\/v2\/media\/118599"}],"wp:attachment":[{"href":"https:\/\/www.europesays.com\/es\/wp-json\/wp\/v2\/media?parent=118598"}],"wp:term":[{"taxonomy":"category","embeddable":true,"href":"https:\/\/www.europesays.com\/es\/wp-json\/wp\/v2\/categories?post=118598"},{"taxonomy":"post_tag","embeddable":true,"href":"https:\/\/www.europesays.com\/es\/wp-json\/wp\/v2\/tags?post=118598"}],"curies":[{"name":"wp","href":"https:\/\/api.w.org\/{rel}","templated":true}]}}