{"id":118611,"date":"2025-09-16T11:09:10","date_gmt":"2025-09-16T11:09:10","guid":{"rendered":"https:\/\/www.europesays.com\/es\/118611\/"},"modified":"2025-09-16T11:09:10","modified_gmt":"2025-09-16T11:09:10","slug":"radio-sevilla-celebra-este-martes-el-acto-principal-de-su-centenario-en-el-pabellon-de-la-navegacion-sociedad","status":"publish","type":"post","link":"https:\/\/www.europesays.com\/es\/118611\/","title":{"rendered":"Radio Sevilla celebra este martes el acto principal de su centenario en el pabell\u00f3n de la Navegaci\u00f3n | Sociedad"},"content":{"rendered":"<p class=\"loc\">Sevilla<\/p>\n<p>El este martes 16 de septiembre a las 20.00 Horas, el Pabell\u00f3n de la Navegaci\u00f3n de la Isla de la Cartuja se convertir\u00e1 en un gran estudio de radio para conmemorar los primeros cien a\u00f1os del nacimiento de la emisora decana de Sevilla el 1 de julio de 1925.<\/p>\n<p>La Vicepresidenta de PRISA y Consejera Delegada de PRISA Media, Pilar Gil, el Director general de Radio y Negocio Audiovisual, Jaume Serra y el Director de Radio Sevilla, Antonio Y\u00e9lamo ser\u00e1n los anfitriones del evento en el que intervendr\u00e1n el Presidente de la Junta de Andaluc\u00eda, Juan Manuel Moreno, la Vicepresidenta Primera del Gobierno, Mar\u00eda Jes\u00fas Montero, el Alcalde de Sevilla, Jos\u00e9 Luis Sanz y el Presidente de la Diputaci\u00f3n de Sevilla, Javier Fern\u00e1ndez. Los principales gobernantes de todas las administraciones presidir\u00e1n el acto, que recordar\u00e1 los principales hitos de un siglo en el que la radio ha estado presente acompa\u00f1ando, informando y entreteniendo a los sevillanos.<\/p>\n<p>M\u00e1s informaci\u00f3n<\/p>\n<p>El escritor, humorista y presentador Manu S\u00e1nchez conducir\u00e1 el evento m\u00e1s especial de todos los que Radio Sevilla organiza durante este a\u00f1o 2025, que contar\u00e1 con el periodista I\u00f1aki Gabilondo, unido para siempre con Sevilla y la emisora, de la que fue Director entre 1972 y 1976, a\u00f1os en los que la radio no se conform\u00f3 con contar la realidad, sino que ayud\u00f3 a transformarla, jugando un papel decisivo en la consecuci\u00f3n de la autonom\u00eda andaluza. Como director, <a href=\"https:\/\/cadenaser.com\/andalucia\/2025\/05\/27\/inaki-gabilondo-ante-las-noticias-fake-hay-que-hacer-periodismo-con-solvencia-profesional-y-decencia-para-ser-referentes-radio-sevilla\/\" target=\"_blank\" rel=\"nofollow noopener\" title=\"https:\/\/cadenaser.com\/andalucia\/2025\/05\/27\/inaki-gabilondo-ante-las-noticias-fake-hay-que-hacer-periodismo-con-solvencia-profesional-y-decencia-para-ser-referentes-radio-sevilla\/\">I\u00f1aki Gabilondo<\/a> acu\u00f1\u00f3 la famosa frase: \u201cSi\u00e9ntase orgulloso de SER andaluz\u201d, con el objetivo de fomentar la autoestima de todos los andaluces.<\/p>\n<p>Distintas proyecciones audiovisuales repasar\u00e1n el pasado, presente y futuro de Radio Sevilla con especial atenci\u00f3n a la evoluci\u00f3n desde la radio de entretenimiento hacia la radio informativa. <a href=\"https:\/\/cadenaser.com\/andalucia\/2025\/07\/01\/hoy-por-hoy-celebra-el-centenario-de-radio-sevilla-con-una-edicion-muy-especial-desde-lugares-emblematicos-para-la-emisora-radio-sevilla\/\" target=\"_blank\" rel=\"nofollow noopener\" title=\"https:\/\/cadenaser.com\/andalucia\/2025\/07\/01\/hoy-por-hoy-celebra-el-centenario-de-radio-sevilla-con-una-edicion-muy-especial-desde-lugares-emblematicos-para-la-emisora-radio-sevilla\/\">Radio Sevilla realiz\u00f3 en 1928 la primera emisi\u00f3n nacional <\/a>de la Semana Santa de Sevilla y en su redacci\u00f3n se idearon los primeros informativos regionales durante la transici\u00f3n espa\u00f1ola.<\/p>\n","protected":false},"excerpt":{"rendered":"Sevilla El este martes 16 de septiembre a las 20.00 Horas, el Pabell\u00f3n de la Navegaci\u00f3n de la&hellip;\n","protected":false},"author":2,"featured_media":118612,"comment_status":"","ping_status":"","sticky":false,"template":"","format":"standard","meta":{"footnotes":""},"categories":[170],"tags":[146,147,25,24,184,185,23],"class_list":{"0":"post-118611","1":"post","2":"type-post","3":"status-publish","4":"format-standard","5":"has-post-thumbnail","7":"category-musica","8":"tag-entertainment","9":"tag-entretenimiento","10":"tag-es","11":"tag-espana","12":"tag-music","13":"tag-musica","14":"tag-spain"},"share_on_mastodon":{"url":"","error":""},"_links":{"self":[{"href":"https:\/\/www.europesays.com\/es\/wp-json\/wp\/v2\/posts\/118611","targetHints":{"allow":["GET"]}}],"collection":[{"href":"https:\/\/www.europesays.com\/es\/wp-json\/wp\/v2\/posts"}],"about":[{"href":"https:\/\/www.europesays.com\/es\/wp-json\/wp\/v2\/types\/post"}],"author":[{"embeddable":true,"href":"https:\/\/www.europesays.com\/es\/wp-json\/wp\/v2\/users\/2"}],"replies":[{"embeddable":true,"href":"https:\/\/www.europesays.com\/es\/wp-json\/wp\/v2\/comments?post=118611"}],"version-history":[{"count":0,"href":"https:\/\/www.europesays.com\/es\/wp-json\/wp\/v2\/posts\/118611\/revisions"}],"wp:featuredmedia":[{"embeddable":true,"href":"https:\/\/www.europesays.com\/es\/wp-json\/wp\/v2\/media\/118612"}],"wp:attachment":[{"href":"https:\/\/www.europesays.com\/es\/wp-json\/wp\/v2\/media?parent=118611"}],"wp:term":[{"taxonomy":"category","embeddable":true,"href":"https:\/\/www.europesays.com\/es\/wp-json\/wp\/v2\/categories?post=118611"},{"taxonomy":"post_tag","embeddable":true,"href":"https:\/\/www.europesays.com\/es\/wp-json\/wp\/v2\/tags?post=118611"}],"curies":[{"name":"wp","href":"https:\/\/api.w.org\/{rel}","templated":true}]}}