{"id":118613,"date":"2025-09-16T11:10:21","date_gmt":"2025-09-16T11:10:21","guid":{"rendered":"https:\/\/www.europesays.com\/es\/118613\/"},"modified":"2025-09-16T11:10:21","modified_gmt":"2025-09-16T11:10:21","slug":"critica-de-la-ley-de-jenny-pen-terror-neozelandes-con-geoffrey-rush-y-john-lithgow-como-sus-dos-colosales-protagonistas","status":"publish","type":"post","link":"https:\/\/www.europesays.com\/es\/118613\/","title":{"rendered":"Cr\u00edtica de &#8216;La ley de Jenny Pen&#8217;, terror neozeland\u00e9s con Geoffrey Rush y John Lithgow como sus dos colosales protagonistas"},"content":{"rendered":"<p data-journey-content=\"true\" data-node-id=\"3\" class=\"css-i9p093 emevuu60\">Entre el terror y el thriller, esta producci\u00f3n neozelandesa confirma, por si fuera necesario, la popular cita de Sartre: \u00abEl infierno son los otros\u00bb. A lo que cabr\u00eda a\u00f1adir, y la vejez, el terror en estado puro. A su director le basta, salvo alguna excepci\u00f3n, retratar el d\u00eda a d\u00eda de una residencia de ancianos, sin subrayados, lentes deformantes ni efectos especiales para que al espectador le corra un sudor fr\u00edo por la espalda. Esa es una de las principales virtudes del film. Otra es que no fundamenta el suspense en una suma de sustos sino en sugerencias e im\u00e1genes, la mera aparici\u00f3n de la terror\u00edfica mu\u00f1eca sin ojos de uno de los personajes, para que la mente se dispare a imaginar lo que vendr\u00e1 despu\u00e9s.<\/p>\n<p><img draggable=\"true\" alt=\"la ley de jenny pen\" title=\"La ley de Jenny Pen\" loading=\"lazy\" width=\"800\" height=\"533\" decoding=\"async\" data-nimg=\"1\" style=\"color:transparent;width:100%;height:auto;\"   src=\"https:\/\/www.europesays.com\/es\/wp-content\/uploads\/2025\/09\/la-ley-de-jenny-pen-foto-2-68c187f173836.jpg\" class=\"css-0 e1g79fud0\"\/><\/p>\n<p>Karma Films<\/p>\n<p data-journey-content=\"true\" data-node-id=\"8\" class=\"css-i9p093 emevuu60\"><strong data-node-id=\"8.0\">El tercer pilar son sus dos colosales protagonistas: Geoffrey Rush, indefensa v\u00edctima f\u00edsica, y el demenciado acosador, John Lithgow<\/strong>. El \u00edmpetu del abus\u00f3n, las limitaciones f\u00edsicas y mentales de los residentes, su encierro en el centro y la pasividad del personal ante lo que ocurre a su alrededor son el caldo de cultivo de la trama. Salvando las distancias, viene a la mente el &#8216;Corredor sin retorno&#8217; (Samuel Fuller, 1963).<\/p>\n<p>Para quienes prefieren el cine de terror de baja intensidad<\/p>\n<p data-journey-content=\"true\" data-node-id=\"12\" class=\"body-tip css-1st2czx emevuu60\"><strong data-node-id=\"12.0\">Lo mejor:<\/strong> el retrato realista que hace del terror cotidiano.<\/p>\n<p>No te pierdas esto<a data-theme-key=\"base-link\" href=\"#\" class=\"e1fx7w0v4 css-ottsob e1c1bym14\">Reg\u00edstrate para recibir contenido personalizado<img src=\"https:\/\/www.fotogramas.es\/_assets\/design-tokens\/fre\/static\/icons\/arrow-right-regular.e879c19.svg\" alt=\"\" width=\"100%\" height=\"auto\" decoding=\"async\" loading=\"lazy\" class=\"css-13htjwu e1fx7w0v1\"\/><\/a><\/p>\n<p data-journey-content=\"true\" data-node-id=\"16\" class=\"body-tip css-1st2czx emevuu60\"><strong data-node-id=\"16.0\">Lo peor:<\/strong> el desarrollo inicial de la trama y el tempo son algo lentos.<\/p>\n<p><img draggable=\"true\" alt=\"la ley de jenny pen\" title=\"La ley de Jenny Pen\" loading=\"lazy\" width=\"2480\" height=\"3543\" decoding=\"async\" data-nimg=\"1\" style=\"color:transparent;width:100%;height:auto;\"   src=\"https:\/\/www.europesays.com\/es\/wp-content\/uploads\/2025\/09\/la-ley-de-jenny-pen-poster-68c1858471f53.jpg\" class=\"css-0 e1g79fud0\"\/><\/p>\n<p>Karma Films<\/p>\n<p>Ficha t\u00e9cnica<\/p>\n<p data-journey-content=\"true\" data-node-id=\"20\" class=\"css-i9p093 emevuu60\"><strong data-node-id=\"20.0\">Direcci\u00f3n:<\/strong> James Ashcroft <strong data-node-id=\"20.2\">Reparto:<\/strong> John Lithgow, Geoffrey Rush, Nathaniel Lees, Maaka Pohatu <strong data-node-id=\"20.4\">Pa\u00eds:<\/strong> Nueva Zelanda <strong data-node-id=\"20.6\">A\u00f1o:<\/strong> 2024 <strong data-node-id=\"20.8\">Fecha de estreno:<\/strong> 12\u201109\u20112025 <strong data-node-id=\"20.10\">G\u00e9nero:<\/strong> Terror <strong data-node-id=\"20.12\">Guion: <\/strong>James Ashcroft, Eli Kent (historia de Owen Marshall) <strong data-node-id=\"20.14\">Duraci\u00f3n:<\/strong> 104 min.<\/p>\n<p data-journey-content=\"true\" data-node-id=\"22\" class=\"css-i9p093 emevuu60\"><strong data-node-id=\"22.0\">Sinopsis:<\/strong> El juez Stefan Mortensen, arrogante y ahora parcialmente paralizado tras un derrame cerebral, es internado en una residencia de ancianos que desprecia. All\u00ed conoce a Dave Crealy, un perturbado que somete a los dem\u00e1s a un juego s\u00e1dico llamado \u00abLa Ley de Jenny Pen\u00bb. Cuando una residente aparece muerta y el personal ignora sus advertencias, Mortensen decide enfrentarse a Crealy con la la ayuda de su compa\u00f1ero de habitaci\u00f3n, el ex-deportista Tony Garfield. Juntos intentan acabar con ese reinado del terror.<\/p>\n<p><img src=\"https:\/\/www.europesays.com\/es\/wp-content\/uploads\/2025\/09\/aee6928d-e263-4198-8dec-7f855c32d2ba_1682078095.file\" alt=\"Headshot of Juan Pando\" title=\"Headshot of Juan Pando\" width=\"100%\" height=\"100%\" decoding=\"async\" loading=\"lazy\" class=\"css-o0wq4v ev8dhu53\"\/><\/p>\n<p>Tres d\u00e9cadas dedicado a informar de cine, mi pasi\u00f3n. La imagen en movimiento fue la \u00faltima de las Bellas Artes en surgir, la s\u00e9ptima, pero fue la primera que naci\u00f3 con la vocaci\u00f3n maravillosa de ser disfrutada de modo mayoritario y en igualdad. Gente como John Ford, Alfred Hitchcock, Billy Wilder, Fran\u00e7ois Truffaut, Garc\u00eda Berlanga, Vittorio de Sica o Steven Spielberg, maestros de la imagen y, por encima de todo, grandes narradores, lo comprendieron e hicieron pel\u00edculas para todos. He tenido la fortuna de poder contarlo en Fotogramas, Onda Cero y El Mundo, entre otros medios; y en libros como &#8216;Hollywood al desnudo&#8217; y &#8216;Cr\u00f3nica negra de Hollywood&#8217;. Miembro de la Academia de Cine (desde 2006).<\/p>\n","protected":false},"excerpt":{"rendered":"Entre el terror y el thriller, esta producci\u00f3n neozelandesa confirma, por si fuera necesario, la popular cita de&hellip;\n","protected":false},"author":2,"featured_media":118614,"comment_status":"","ping_status":"","sticky":false,"template":"","format":"standard","meta":{"footnotes":""},"categories":[169],"tags":[177,1180,146,147,25,24,176,175,23],"class_list":{"0":"post-118613","1":"post","2":"type-post","3":"status-publish","4":"format-standard","5":"has-post-thumbnail","7":"category-cine","8":"tag-cine","9":"tag-editorial","10":"tag-entertainment","11":"tag-entretenimiento","12":"tag-es","13":"tag-espana","14":"tag-film","15":"tag-movies","16":"tag-spain"},"share_on_mastodon":{"url":"","error":""},"_links":{"self":[{"href":"https:\/\/www.europesays.com\/es\/wp-json\/wp\/v2\/posts\/118613","targetHints":{"allow":["GET"]}}],"collection":[{"href":"https:\/\/www.europesays.com\/es\/wp-json\/wp\/v2\/posts"}],"about":[{"href":"https:\/\/www.europesays.com\/es\/wp-json\/wp\/v2\/types\/post"}],"author":[{"embeddable":true,"href":"https:\/\/www.europesays.com\/es\/wp-json\/wp\/v2\/users\/2"}],"replies":[{"embeddable":true,"href":"https:\/\/www.europesays.com\/es\/wp-json\/wp\/v2\/comments?post=118613"}],"version-history":[{"count":0,"href":"https:\/\/www.europesays.com\/es\/wp-json\/wp\/v2\/posts\/118613\/revisions"}],"wp:featuredmedia":[{"embeddable":true,"href":"https:\/\/www.europesays.com\/es\/wp-json\/wp\/v2\/media\/118614"}],"wp:attachment":[{"href":"https:\/\/www.europesays.com\/es\/wp-json\/wp\/v2\/media?parent=118613"}],"wp:term":[{"taxonomy":"category","embeddable":true,"href":"https:\/\/www.europesays.com\/es\/wp-json\/wp\/v2\/categories?post=118613"},{"taxonomy":"post_tag","embeddable":true,"href":"https:\/\/www.europesays.com\/es\/wp-json\/wp\/v2\/tags?post=118613"}],"curies":[{"name":"wp","href":"https:\/\/api.w.org\/{rel}","templated":true}]}}