{"id":118625,"date":"2025-09-16T11:16:07","date_gmt":"2025-09-16T11:16:07","guid":{"rendered":"https:\/\/www.europesays.com\/es\/118625\/"},"modified":"2025-09-16T11:16:07","modified_gmt":"2025-09-16T11:16:07","slug":"la-investigacion-de-la-onu-concluye-que-israel-esta-cometiendo-un-genocidio-en-gaza","status":"publish","type":"post","link":"https:\/\/www.europesays.com\/es\/118625\/","title":{"rendered":"La investigaci\u00f3n de la ONU concluye que Israel \u00abest\u00e1 cometiendo un genocidio\u00bb en Gaza"},"content":{"rendered":"<p style=\"\">La Comisi\u00f3n Internacional Independiente de Investigaci\u00f3n de la <strong>ONU<\/strong> (COI, por sus siglas en ingl\u00e9s), que no habla en nombre del organismo mundial y ha sido objeto de duras cr\u00edticas de <a href=\"https:\/\/www.abc.es\/espana\/dana-erlich-encargada-negocios-israel-sanchez-legitimando-20250915172645-nt.html\" target=\"_self\" data-voc-vtm-id=\"in-text-traffic\" title=\"Israel\" data-mrf-link=\"www.abc.es\" rel=\"nofollow noopener\">Israel<\/a>, ha acusado a Israel de <a href=\"https:\/\/www.abc.es\/internacional\/omar-akkad-israel-gaza-genocidio-cuesta-imaginar-20250529044128-nt.html\" title=\"www.abc.es\" data-voc-vtm-id=\"in-text-traffic\" data-mrf-link=\"www.abc.es\" rel=\"nofollow noopener\" target=\"_blank\">cometer un \u00abgenocidio\u00bb en la franja de Gaza<\/a> &#8230;  tras un an\u00e1lisis exhaustivo entre el 7 de octubre de 2023 y el 31 de julio de este a\u00f1o.<\/p>\n<p class=\"voc-p\" style=\"\">La comisi\u00f3n denuncia que el Gobierno y el Ej\u00e9rcito israel\u00edes han cometido \u00abcuatro de los cinco actos genocidas definidos en la Convenci\u00f3n para la Prevenci\u00f3n y la Sanci\u00f3n del Delito de Genocidio, de 1948\u00bb alegando que el Ejecutivo del pa\u00eds ha buscado \u00abla destrucci\u00f3n total o parcial de los palestinos\u00bb y ha impuesto \u00abmedidas destinadas a impedir la natalidad\u00bb. Les acusa de \u00abmatar y causar lesiones graves a la integridad f\u00edsica o mental\u00bb.<\/p>\n<p class=\"voc-p\" style=\"\"><a href=\"https:\/\/news.un.org\/es\/story\/2025\/09\/1540443\" title=\"news.un.org\" data-voc-vtm-id=\"in-text-traffic\" data-mrf-link=\"news.un.org\" rel=\"nofollow noopener\" target=\"_blank\">El documento <\/a>reza que, tras la investigaci\u00f3n, han determinado que el pa\u00eds hebreo ha impuesto un \u00ab<a href=\"https:\/\/www.abc.es\/internacional\/paola-caridi-israel-cambia-paisaje-ocupar-palestina-20250728214734-nt.html\" title=\"www.abc.es\" data-voc-vtm-id=\"in-text-traffic\" data-mrf-link=\"www.abc.es\" rel=\"nofollow noopener\" target=\"_blank\">asedio total<\/a> con el bloqueo de la ayuda humanitaria que ha provocado hambruna\u00bb, ha destruido los sistemas \u00absantiario y educativo\u00bb, ha cometido \u00abactos de violencia sexual y de g\u00e9nero\u00bb, adem\u00e1s de atacar a ni\u00f1os entre otras cuestiones.<\/p>\n<p class=\"voc-p\" style=\"\">Los investigadores afirman que las declaraciones expl\u00edcitas de las autoridades<a href=\"https:\/\/www.abc.es\/internacional\/rubio-visita-israel-reiterar-apoyo-eeuu-pese-20250914171341-nt.html\" target=\"_self\" data-voc-vtm-id=\"in-text-traffic\" title=\" civiles y militares israel\u00edes\" data-mrf-link=\"www.abc.es\" rel=\"nofollow noopener\"> civiles y militares israel\u00edes<\/a>, junto con el patr\u00f3n de conducta de las fuerzas israel\u00edes, indican \u00abque los actos genocidas se cometieron con la intenci\u00f3n de destruir (&#8230;) a los palestinos de la franja de Gaza como grupo\u00bb.<\/p>\n<p class=\"voc-p\" style=\"\">El informe concluye que el presidente israel\u00ed<strong> Isaac Herzog<\/strong>, el primer ministro<strong> Benjamin Netanyahu<\/strong> y el exministro de Defensa <strong>Yoav Gallant<\/strong> \u00abincitaron a cometer un genocidio y que las autoridades israel\u00edes no tomaron medidas contra ellos para castigar esta incitaci\u00f3n\u00bb.<\/p>\n<p class=\"voc-p\" style=\"\">Por \u00faltimo, la comisi\u00f3n ha dejado un recado a la comunidad internacional de la mano de la jefa de la comisi\u00f3n, <strong>Navi Pillay<\/strong>, que asegura que \u00ablos Estados tienen la obligaci\u00f3n legal de utilizar todos los medios a su alcance para detener el genocidio en Gaza\u00bb.<\/p>\n<ul class=\"oc-d-c-list__list\">\n<li class=\"voc-d-c-list__item\">\n<p class=\"voc-d-c-list__paragraph\">Matanza de miembros del grupo \u2013sea este de car\u00e1cter nacional, \u00e9tnico, racial o religioso\u2013<\/p>\n<\/li>\n<li class=\"voc-d-c-list__item\">\n<p class=\"voc-d-c-list__paragraph\">Lesi\u00f3n grave a la integridad f\u00edsica o mental de los miembros del grupo en cuesti\u00f3n<\/p>\n<\/li>\n<li class=\"voc-d-c-list__item\">\n<p class=\"voc-d-c-list__paragraph\">Sometimiento intencional del grupo a condiciones de existencia que hayan de acarrear su destrucci\u00f3n f\u00edsica, total o parcial<\/p>\n<\/li>\n<li class=\"voc-d-c-list__item\">\n<p class=\"voc-d-c-list__paragraph\">Medidas destinadas a impedir los nacimientos en el seno del grupo<\/p>\n<\/li>\n<li class=\"voc-d-c-list__item\">\n<p class=\"voc-d-c-list__paragraph\">Traslado por fuerza de ni\u00f1os del grupo a otro grupo<\/p>\n<\/li>\n<\/ul>\n<p class=\"voc-p\" style=\"\">Paralelamente, ya son casi 65.000 las personas que han muerto en Gaza desde que estall\u00f3 el 7 de octubre de 2023 este \u00faltimo cap\u00edtulo en el conflicto entre Israel y Palestina, seg\u00fan cifras del Ministerio de Salud de Gaza, controlado por Ham\u00e1s y que la ONU considera fiables.<\/p>\n<p>\nIsrael responde a la ONU\n<\/p>\n<p class=\"voc-p\" style=\"\">Israel, por su parte, ha negado la mayor. El Ministerio de Exteriores israel\u00ed ha acusado, mediante un comunicado, a la Comisi\u00f3n de investigaci\u00f3n de la ONU de actuar \u00abcomo agentes de Ham\u00e1s\u00bb y de mantener \u00abposiciones abiertamente antisemitas\u00bb. <\/p>\n<p class=\"voc-p\" style=\"\">En el comunicado, el organismo considera que el \u00abinforme se basa completamente en falsedades de Ham\u00e1s\u00bb y asegura que estas \u00abinvenciones\u00bb han sido \u00abdesmentidas exhaustivamente\u00bb, citando al &#8216;think tank&#8217; israel\u00ed Centro Begin-Sadat de Estudios Estrat\u00e9gicos (<a href=\"https:\/\/besacenter.org\/wp-content\/uploads\/2025\/09\/213-2.9.2025-Edited.pdf\" title=\"besacenter.org\" data-voc-vtm-id=\"in-text-traffic\" data-mrf-link=\"besacenter.org\" rel=\"nofollow noopener\" target=\"_blank\">BESA<\/a>), que \u00abha refutado todas y cada una de las afrimaciones falsas sobre genocidio\u00bb. De acuerdo al documento que defiende Tel Aviv, es Ham\u00e1s \u00abel partido que intent\u00f3 cometer genocidio en Israel\u00bb,<a href=\"https:\/\/www.abc.es\/internacional\/hadas-jaouikalderon-israel-hamas-deben-flexibles-poder-20241214174709-nt.html\" title=\"www.abc.es\" data-voc-vtm-id=\"in-text-traffic\" data-mrf-link=\"www.abc.es\" rel=\"nofollow noopener\" target=\"_blank\"> tras el atentado del 7 de octubre de 2023<\/a>, donde 1.200 israel\u00edes murieron, y donde \u00ab[Ham\u00e1s] viol\u00f3 mujeres, quem\u00f3 vivas a familias y declar\u00f3 abiertamente su ibjetivo de matar a todos los jud\u00edos\u00bb.<\/p>\n<blockquote class=\"twitter-tweet\">\n<p lang=\"en\" dir=\"ltr\">In response to the Pillay, Sidoti and Kothari Commission of Inquiry\u2019s fake report:<\/p>\n<p>Three individuals serving as Hamas proxies, notorious for their openly antisemitic positions \u2014 and whose horrific statements about Jews have been condemned worldwide \u2014 released today another fake\u2026<\/p>\n<p>\u2014 Israel Foreign Ministry (@IsraelMFA) <a href=\"https:\/\/twitter.com\/IsraelMFA\/status\/1967849154509459799?ref_src=twsrc%5Etfw\" rel=\"nofollow noopener\" target=\"_blank\">September 16, 2025<\/a><\/p><\/blockquote>\n<p class=\"voc-p\" style=\"\">Por \u00faltimo, el Ejecutivo liderado por <strong>Benjamin Netanyahu<\/strong> ha solicitado la \u00ababolici\u00f3n inmediata de esta Comisi\u00f3n de Investigaci\u00f3n\u00bb, tras acusarla de emitir un informe \u00abdistorsionado y falso\u00bb.<\/p>\n<p><script async src=\"https:\/\/platform.twitter.com\/widgets.js\" charset=\"utf-8\"><\/script><\/p>\n","protected":false},"excerpt":{"rendered":"La Comisi\u00f3n Internacional Independiente de Investigaci\u00f3n de la ONU (COI, por sus siglas en ingl\u00e9s), que no habla&hellip;\n","protected":false},"author":2,"featured_media":118626,"comment_status":"","ping_status":"","sticky":false,"template":"","format":"standard","meta":{"footnotes":""},"categories":[42],"tags":[17,18,39444,14734,13,14,694,79,11,39443,61,62,63,64,1294,8526,19,20,7459,9,10,15,16,732,1461,977,12,21,22,65,66,67],"class_list":{"0":"post-118625","1":"post","2":"type-post","3":"status-publish","4":"format-standard","5":"has-post-thumbnail","7":"category-internacional","8":"tag-breaking-news","9":"tag-breakingnews","10":"tag-cometer","11":"tag-concluye","12":"tag-featured-news","13":"tag-featurednews","14":"tag-gaza","15":"tag-genocidio","16":"tag-headlines","17":"tag-incitaron","18":"tag-internacional","19":"tag-international","20":"tag-international-news","21":"tag-internationalnews","22":"tag-investigacion","23":"tag-israelies","24":"tag-latest-news","25":"tag-latestnews","26":"tag-ministro","27":"tag-news","28":"tag-noticias","29":"tag-noticias-destacadas","30":"tag-noticiasdestacadas","31":"tag-onu","32":"tag-presidente","33":"tag-primer","34":"tag-titulares","35":"tag-ultimas-noticias","36":"tag-ultimasnoticias","37":"tag-world","38":"tag-world-news","39":"tag-worldnews"},"share_on_mastodon":{"url":"","error":""},"_links":{"self":[{"href":"https:\/\/www.europesays.com\/es\/wp-json\/wp\/v2\/posts\/118625","targetHints":{"allow":["GET"]}}],"collection":[{"href":"https:\/\/www.europesays.com\/es\/wp-json\/wp\/v2\/posts"}],"about":[{"href":"https:\/\/www.europesays.com\/es\/wp-json\/wp\/v2\/types\/post"}],"author":[{"embeddable":true,"href":"https:\/\/www.europesays.com\/es\/wp-json\/wp\/v2\/users\/2"}],"replies":[{"embeddable":true,"href":"https:\/\/www.europesays.com\/es\/wp-json\/wp\/v2\/comments?post=118625"}],"version-history":[{"count":0,"href":"https:\/\/www.europesays.com\/es\/wp-json\/wp\/v2\/posts\/118625\/revisions"}],"wp:featuredmedia":[{"embeddable":true,"href":"https:\/\/www.europesays.com\/es\/wp-json\/wp\/v2\/media\/118626"}],"wp:attachment":[{"href":"https:\/\/www.europesays.com\/es\/wp-json\/wp\/v2\/media?parent=118625"}],"wp:term":[{"taxonomy":"category","embeddable":true,"href":"https:\/\/www.europesays.com\/es\/wp-json\/wp\/v2\/categories?post=118625"},{"taxonomy":"post_tag","embeddable":true,"href":"https:\/\/www.europesays.com\/es\/wp-json\/wp\/v2\/tags?post=118625"}],"curies":[{"name":"wp","href":"https:\/\/api.w.org\/{rel}","templated":true}]}}