{"id":118631,"date":"2025-09-16T11:19:08","date_gmt":"2025-09-16T11:19:08","guid":{"rendered":"https:\/\/www.europesays.com\/es\/118631\/"},"modified":"2025-09-16T11:19:08","modified_gmt":"2025-09-16T11:19:08","slug":"handbolistas-representaran-a-la-region-en-asuncion","status":"publish","type":"post","link":"https:\/\/www.europesays.com\/es\/118631\/","title":{"rendered":"Handbolistas representar\u00e1n a la Regi\u00f3n en Asunci\u00f3n"},"content":{"rendered":"<p>Excelentes noticias llegaron para el <strong>balonmano regional<\/strong>, luego que un grupo de deportistas del programa <strong>Promesas Chile<\/strong> fueran convocados por la federaci\u00f3n chilena para representar al pa\u00eds en el <strong>Campeonato Sur Centro Americano 2025.<\/strong><\/p>\n<p>Del Centro de Entrenamiento Balonmano Infantil de Concepci\u00f3n, fueron llamadas <strong>Camila Llanos, Magdalena Carrera y Sof\u00eda Llorens<\/strong>. Mientras que del Centro de Entrenamiento de Balonmano Juvenil de Los \u00c1ngeles, los nominados fueron <strong>Mar\u00eda Stegmeier, Magdalena Friz, Michel Eiberger y Daniel Beltr\u00e1n.<\/strong><\/p>\n<p>Los exponentes representar\u00e1n a la Regi\u00f3n del <strong>23 al 27 de septiembre, en Asunci\u00f3n<\/strong>.<\/p>\n","protected":false},"excerpt":{"rendered":"Excelentes noticias llegaron para el balonmano regional, luego que un grupo de deportistas del programa Promesas Chile fueran&hellip;\n","protected":false},"author":2,"featured_media":118632,"comment_status":"","ping_status":"","sticky":false,"template":"","format":"standard","meta":{"footnotes":""},"categories":[278],"tags":[376,39445,168,25,24,375,39446,744,39447,23,167],"class_list":{"0":"post-118631","1":"post","2":"type-post","3":"status-publish","4":"format-standard","5":"has-post-thumbnail","7":"category-balonmano","8":"tag-balonmano","9":"tag-campeonato-sur-centro-americano-balonmano-asuncion-2025","10":"tag-deportes","11":"tag-es","12":"tag-espana","13":"tag-handball","14":"tag-ind","15":"tag-polideportivo","16":"tag-promesas-chile","17":"tag-spain","18":"tag-sports"},"share_on_mastodon":{"url":"","error":""},"_links":{"self":[{"href":"https:\/\/www.europesays.com\/es\/wp-json\/wp\/v2\/posts\/118631","targetHints":{"allow":["GET"]}}],"collection":[{"href":"https:\/\/www.europesays.com\/es\/wp-json\/wp\/v2\/posts"}],"about":[{"href":"https:\/\/www.europesays.com\/es\/wp-json\/wp\/v2\/types\/post"}],"author":[{"embeddable":true,"href":"https:\/\/www.europesays.com\/es\/wp-json\/wp\/v2\/users\/2"}],"replies":[{"embeddable":true,"href":"https:\/\/www.europesays.com\/es\/wp-json\/wp\/v2\/comments?post=118631"}],"version-history":[{"count":0,"href":"https:\/\/www.europesays.com\/es\/wp-json\/wp\/v2\/posts\/118631\/revisions"}],"wp:featuredmedia":[{"embeddable":true,"href":"https:\/\/www.europesays.com\/es\/wp-json\/wp\/v2\/media\/118632"}],"wp:attachment":[{"href":"https:\/\/www.europesays.com\/es\/wp-json\/wp\/v2\/media?parent=118631"}],"wp:term":[{"taxonomy":"category","embeddable":true,"href":"https:\/\/www.europesays.com\/es\/wp-json\/wp\/v2\/categories?post=118631"},{"taxonomy":"post_tag","embeddable":true,"href":"https:\/\/www.europesays.com\/es\/wp-json\/wp\/v2\/tags?post=118631"}],"curies":[{"name":"wp","href":"https:\/\/api.w.org\/{rel}","templated":true}]}}