{"id":118639,"date":"2025-09-16T11:24:13","date_gmt":"2025-09-16T11:24:13","guid":{"rendered":"https:\/\/www.europesays.com\/es\/118639\/"},"modified":"2025-09-16T11:24:13","modified_gmt":"2025-09-16T11:24:13","slug":"antonio-morales-gran-canaria-no-acogera-la-vuelta-ciclista-a-espana-si-participa-israel","status":"publish","type":"post","link":"https:\/\/www.europesays.com\/es\/118639\/","title":{"rendered":"Antonio Morales: \u00abGran Canaria no acoger\u00e1 la Vuelta Ciclista a Espa\u00f1a si participa Israel\u00bb"},"content":{"rendered":"<p><a class=\"v-mdl-ath__fig-a\" href=\"https:\/\/www.canarias7.es\/autor\/canarias7-6545.html\" title=\"CANARIAS7\" rel=\"nofollow noopener\" target=\"_blank\"><br \/>\n<img decoding=\"async\" class=\"v-mdl-ath__img\" src=\"https:\/\/www.europesays.com\/es\/wp-content\/uploads\/2025\/08\/1754689268_701_autor-6545-foto-1.png\" alt=\"CANARIAS7\"\/><br \/>\n<\/a><\/p>\n<p class=\"v-mdl-ath__p v-mdl-ath__p--6\">\nLunes, 15 de septiembre 2025, 16:39<\/p>\n<p class=\"v-p\">El presidente del Cabildo de Gran Canaria, Antonio Morales, ha manifestado hoy que, con la participaci\u00f3n de Israel, <strong>\u00abGran Canaria no acoger\u00e1 la Vuelta Ciclista a Espa\u00f1a\u00bb<\/strong>. A pesar de que se hab\u00eda firmado un preacuerdo con Unipublic, empresa organizadora de la prueba deportiva para el regreso de la ronda ciclista a Gran Canaria en 2026, \u00abtengo que decir con absoluta convicci\u00f3n que participando Israel no, <strong>Gran Canaria no est\u00e1 dispuesta a blanquear el genocidio del Estado de Israel a trav\u00e9s del deporte o de cualquier otra actividad<\/strong>\u00bb.<\/p>\n<p class=\"v-p\">Morales afirm\u00f3 tambi\u00e9n que \u00abvamos a esperar a ver qu\u00e9 sucede en los pr\u00f3ximos meses\u00bb, pero aclar\u00f3 que si las condiciones no cambian y no se toman medidas para evitar la presencia del equipo Israel-Premier Tech, Gran Canaria se desmarcar\u00e1 de ese principio de acuerdo. \u00abNos parec\u00eda una medida atractiva para la isla de Gran Canaria\u00bb, y record\u00f3 que \u00ab<strong>en esas conversaciones estaban tambi\u00e9n el Cabildo de Tenerife y el Gobierno de Canarias<\/strong>, para que despu\u00e9s de tantos a\u00f1os la Vuelta llegara de nuevo a nuestra tierra, a nuestra isla\u00bb. Sin embargo, <strong>\u00abno hay nada definitivo firmado, no hay ning\u00fan acuerdo final que diga que se ha cerrado el regreso de la Vuelta a Canarias\u00bb<\/strong>.<\/p>\n<p class=\"v-p\">El presidente lament\u00f3 \u00abla falta de decisi\u00f3n de los organismos internacionales\u00bb para evitar la participaci\u00f3n de equipos y deportistas israel\u00edes en este tipo de competiciones y \u00abno tomar las mismas medidas que en su d\u00eda se adoptaron con Rusia\u00bb, algo que a su juicio \u00abest\u00e1 enfrentando y dividiendo a las sociedades de los distintos pa\u00edses europeos\u00bb. Morales cree que \u00abest\u00e1n permitiendo que Israel nos enfrente y que mine nuestra convivencia\u00bb.<\/p>\n<p><a href=\"http:\/\/www.canarias7.es\/canarias\/gran-canaria\/gran-canaria-dice-basta-genocidio-palestina-20250915135715-nt.html#vtm_modulosEngag=mod-rel:canarias:noticia:1:cmp:1-not\" class=\"v-a-link\" title=\"Gran Canaria le dice basta al genocidio en Palestina\" rel=\"nofollow noopener\" target=\"_blank\"><br \/>\n<img decoding=\"async\" loading=\"lazy\" src=\"https:\/\/www.europesays.com\/es\/wp-content\/uploads\/2025\/09\/basta-gaza-kNwG--1200x840@Canarias7.jpg\" class=\"v-a-img\" width=\"258\" height=\"180\" alt=\"Gran Canaria le dice basta al genocidio en Palestina\"\/><\/p>\n<p><\/a><\/p>\n<p class=\"v-p\">Las protestas que han protagonizado diferentes colectivos durante gran parte de la<strong> Vuelta Ciclista a Espa\u00f1a<\/strong>, que culminaron ayer con la suspensi\u00f3n de la \u00faltima etapa en Madrid, son \u00ableg\u00edtimas, todos sabemos que detr\u00e1s de ese equipo hay un magnate amigo \u00edntimo de Netanyahu que comparte sus ideas, por lo tanto, est\u00e1 blanqueando el genocidio. Eso no se puede permitir, as\u00ed que es totalmente leg\u00edtimo que la gente exprese en la calle su descontento con esa situaci\u00f3n\u00bb.<\/p>\n<p class=\"v-p\">Tambi\u00e9n reproch\u00f3 Morales la actitud mantenida durante los \u00faltimos d\u00edas por el Gobierno de Espa\u00f1a y el PP, \u00abes un disparate continuo que est\u00e1 incrementando el voto de la extrema derecha y alejando a la gente de las instituciones, fomentando el descr\u00e9dito de la pol\u00edtica\u00bb. Y alent\u00f3 a buscar \u00abun gran pacto de estado para afrontar con serenidad los grandes retos que tiene Espa\u00f1a y el mundo\u00bb. El enfrentamiento \u00abme parece una barbaridad y usar esta situaci\u00f3n me parece terrible, incluso el PP pareci\u00e9ndose cada d\u00eda m\u00e1s a la ultraderecha\u00bb. Celebr\u00f3 tambi\u00e9n \u00abque la ciudadan\u00eda ha expresado en la calle libremente su rechazo a que Israel blanquee, a trav\u00e9s de un equipo de ciclismo, el genocidio que est\u00e1 perpetrando en Gaza\u00bb.<\/p>\n<p>Comenta<\/p>\n<p>Reporta un error<\/p>\n","protected":false},"excerpt":{"rendered":"Lunes, 15 de septiembre 2025, 16:39 El presidente del Cabildo de Gran Canaria, Antonio Morales, ha manifestado hoy&hellip;\n","protected":false},"author":2,"featured_media":118640,"comment_status":"","ping_status":"","sticky":false,"template":"","format":"standard","meta":{"footnotes":""},"categories":[273],"tags":[2231,1247,7221,313,1757,312,168,25,24,3956,74,4126,2846,23,167,1357],"class_list":{"0":"post-118639","1":"post","2":"type-post","3":"status-publish","4":"format-standard","5":"has-post-thumbnail","7":"category-ciclismo","8":"tag-acogera","9":"tag-antonio","10":"tag-canaria","11":"tag-ciclismo","12":"tag-ciclista","13":"tag-cycling","14":"tag-deportes","15":"tag-es","16":"tag-espana","17":"tag-gran","18":"tag-israel","19":"tag-morales","20":"tag-participa","21":"tag-spain","22":"tag-sports","23":"tag-vuelta"},"share_on_mastodon":{"url":"","error":""},"_links":{"self":[{"href":"https:\/\/www.europesays.com\/es\/wp-json\/wp\/v2\/posts\/118639","targetHints":{"allow":["GET"]}}],"collection":[{"href":"https:\/\/www.europesays.com\/es\/wp-json\/wp\/v2\/posts"}],"about":[{"href":"https:\/\/www.europesays.com\/es\/wp-json\/wp\/v2\/types\/post"}],"author":[{"embeddable":true,"href":"https:\/\/www.europesays.com\/es\/wp-json\/wp\/v2\/users\/2"}],"replies":[{"embeddable":true,"href":"https:\/\/www.europesays.com\/es\/wp-json\/wp\/v2\/comments?post=118639"}],"version-history":[{"count":0,"href":"https:\/\/www.europesays.com\/es\/wp-json\/wp\/v2\/posts\/118639\/revisions"}],"wp:featuredmedia":[{"embeddable":true,"href":"https:\/\/www.europesays.com\/es\/wp-json\/wp\/v2\/media\/118640"}],"wp:attachment":[{"href":"https:\/\/www.europesays.com\/es\/wp-json\/wp\/v2\/media?parent=118639"}],"wp:term":[{"taxonomy":"category","embeddable":true,"href":"https:\/\/www.europesays.com\/es\/wp-json\/wp\/v2\/categories?post=118639"},{"taxonomy":"post_tag","embeddable":true,"href":"https:\/\/www.europesays.com\/es\/wp-json\/wp\/v2\/tags?post=118639"}],"curies":[{"name":"wp","href":"https:\/\/api.w.org\/{rel}","templated":true}]}}