{"id":118645,"date":"2025-09-16T11:27:12","date_gmt":"2025-09-16T11:27:12","guid":{"rendered":"https:\/\/www.europesays.com\/es\/118645\/"},"modified":"2025-09-16T11:27:12","modified_gmt":"2025-09-16T11:27:12","slug":"fc-barcelona-rashford-la-quiere-volver-a-liar-en-inglaterra","status":"publish","type":"post","link":"https:\/\/www.europesays.com\/es\/118645\/","title":{"rendered":"FC Barcelona | Rashford la quiere volver a liar en Inglaterra"},"content":{"rendered":"<p class=\"ft-text\"><a class=\"ft-link ft-link--decoration\" href=\"https:\/\/www.sport.es\/es\/noticias\/barca\/rashford-jugar-mejor-futbol-necesito-120740923\" rel=\"nofollow noopener\" target=\"_blank\">Vuelve Marcus Rashford a tierras inglesas<\/a>, de donde sali\u00f3 tras deteriorarse su relaci\u00f3n con el entrenador del Manchester United, R\u00faben Amorim, y despu\u00e9s de una cesi\u00f3n en el Aston Villa que no tuvo el final deseado a causa de una lesi\u00f3n. El extremo es una figura importante en su pa\u00eds, pero necesita, de alguna forma, redimirse y volver a ser profeta en su tierra. Sabe que el foco y la atenci\u00f3n medi\u00e1tica (sobre todo, si no llega a tiempo para jugar Lamine Yamal) estar\u00e1 puesto sobre su actuaci\u00f3n en un partido que tendr\u00e1 un componente muy especial para el de Manchester: <strong>su primer encuentro de Champions League con una camiseta diferente a la de los &#8216;red devils&#8217;.<\/strong><\/p>\n<p class=\"ft-text\">Once temporadas al m\u00e1ximo nivel desde que subiera al primer equipo del ManUnited en la 2015\/2016 dan para mucho. Para marcar 138 goles en 426 partidos oficiales con los de Old Trafford, a los que hay que sumar 4 dianas la pasada temporada en 17 participaciones con el Aston Villa de Unai Emery. <a class=\"ft-link ft-link--decoration\" href=\"https:\/\/www.sport.es\/es\/noticias\/barca\/newcastle-prepara-caldera-recibir-barca-121603929\" rel=\"nofollow noopener\" target=\"_blank\">Muchos goles de los que 5 han sido al Newcastle United, el rival del Bar\u00e7a este jueves.<\/a><\/p>\n<p>Precedentes ante los &#8216;magpies&#8217;<\/p>\n<p class=\"ft-text\">Los &#8216;magpies&#8217; no son el rival que se le da mejor a Rashford (es el Leicester, con 8 tantos), pero s\u00ed de los que se le dan mejor. De los 5, 2 fueron en Saint James&#8217; Park, el feudo de enfervorizados &#8216;geordies&#8217;, como se les conoce a los habitantes de Newcastle y las zonas cercanas, con su particular dialecto propio. La campa\u00f1a 2020\/2021, se luci\u00f3, porque adem\u00e1s de marcar, asisti\u00f3 a Bruno Fernandes y a Wan-Bissaka para la goleada 1-4 (la otra asistencia ante las &#8216;urracas&#8217; se la hab\u00eda dado 4 a\u00f1os antes a Paul Pogba).<\/p>\n<p class=\"ft-text\">Pero el gol m\u00e1s importante de Rashford ante el Newcastle lleg\u00f3 en Wembley, en la final de la Carabao Cup en febrero de 2023 para el definitivo 2-0 que sentenciaba el t\u00edtulo para los &#8216;red devils&#8217;. Marcus gan\u00f3 seis t\u00edtulos con el United <strong>(entre ellos, la Europa League 2016\/2017) <\/strong>y a nivel personal, fue elegido en dos ocasiones el mejor futbolista en Inglaterra (2019\/2020 y 2022\/2023), adem\u00e1s de m\u00e1ximo realizador de la EFL Cup (6 goles) y de la Europa League, ambos de la campa\u00f1a 2022\/2023, su mejor a\u00f1o futbol\u00edstico.<\/p>\n<p><img decoding=\"async\" src=\"https:\/\/www.europesays.com\/es\/wp-content\/uploads\/2025\/09\/418ff57f-e6dc-434a-93a8-5fa266404c87_alta-libre-aspect-ratio_default_0.jpg\" width=\"1200\" height=\"800\" alt=\"Marcus Rashford, con el Manchester United\" class=\"ft-helper-img-rd\" loading=\"lazy\" hasdataaida=\"true\"\/><\/p>\n<p class=\"ft-helper-fontColor-quaternary ft-helper-fontSize-body-S ft-helper-spacer-t-xxs\">Marcus Rashford, con el Manchester United  \/ LAP<\/p>\n<p>Necesidad de reivindicarse<\/p>\n<p class=\"ft-text\">Pero el f\u00fatbol tiene memoria corta y Marcus Rashford, a sus 27 a\u00f1os y tras toda una vida en Inglaterra, ha llegado al Bar\u00e7a a pr\u00e9stamo para volver a relanzar su carrera. No lo tiene f\u00e1cil en un equipo de la m\u00e1xima exigencia como es el de Hansi Flick, pero tras una pretemporada ilusionante y unos primeros partidos oficiales en los que dej\u00f3 dudas (sobre todo cuando el t\u00e9cnico le hizo jugar por el centro), contra el Valencia ya se empez\u00f3 a ver una buena muestra de lo que puede dar el delantero ingl\u00e9s.<\/p>\n<p class=\"ft-text\"><a class=\"ft-link ft-link--decoration\" href=\"https:\/\/www.sport.es\/es\/noticias\/barca\/resumen-goles-resultado-barca-valencia-liga-johan-cruyff-121570671\" rel=\"nofollow noopener\" target=\"_blank\">Rapidez, verticalidad, asociaci\u00f3n&#8230; sobre todo destac\u00f3 el centro a Raphinha para marcar el brasile\u00f1o el segundo de los seis goles con los que el Bar\u00e7a arroll\u00f3 a los ches en el Estadi Johan Cruyff, y que precedi\u00f3 una buena jugada individual.<\/a><\/p>\n<p class=\"ft-text\">Precisamente, el de Porto Alegre es la m\u00e1xima competencia para Marcus en el extremo izquierdo, aunque si no est\u00e1 Lamine, puede pasar a la derecha y mantener Rashford la titularidad. Seguro que Hansi Flick tambi\u00e9n tendr\u00e1 en cuenta <strong>la especial motivaci\u00f3n con la que el ingl\u00e9s afrontar\u00e1 este gran partido europeo en su tierra.<\/strong><\/p>\n","protected":false},"excerpt":{"rendered":"Vuelve Marcus Rashford a tierras inglesas, de donde sali\u00f3 tras deteriorarse su relaci\u00f3n con el entrenador del Manchester&hellip;\n","protected":false},"author":2,"featured_media":118646,"comment_status":"","ping_status":"","sticky":false,"template":"","format":"standard","meta":{"footnotes":""},"categories":[268],"tags":[11681,168,25,24,280,282,39451,2014,39450,281,23,167],"class_list":{"0":"post-118645","1":"post","2":"type-post","3":"status-publish","4":"format-standard","5":"has-post-thumbnail","7":"category-futbol","8":"tag-champions","9":"tag-deportes","10":"tag-es","11":"tag-espana","12":"tag-football","13":"tag-futbol","14":"tag-magpies","15":"tag-manchester-united","16":"tag-newcastle-barca","17":"tag-soccer","18":"tag-spain","19":"tag-sports"},"share_on_mastodon":{"url":"","error":""},"_links":{"self":[{"href":"https:\/\/www.europesays.com\/es\/wp-json\/wp\/v2\/posts\/118645","targetHints":{"allow":["GET"]}}],"collection":[{"href":"https:\/\/www.europesays.com\/es\/wp-json\/wp\/v2\/posts"}],"about":[{"href":"https:\/\/www.europesays.com\/es\/wp-json\/wp\/v2\/types\/post"}],"author":[{"embeddable":true,"href":"https:\/\/www.europesays.com\/es\/wp-json\/wp\/v2\/users\/2"}],"replies":[{"embeddable":true,"href":"https:\/\/www.europesays.com\/es\/wp-json\/wp\/v2\/comments?post=118645"}],"version-history":[{"count":0,"href":"https:\/\/www.europesays.com\/es\/wp-json\/wp\/v2\/posts\/118645\/revisions"}],"wp:featuredmedia":[{"embeddable":true,"href":"https:\/\/www.europesays.com\/es\/wp-json\/wp\/v2\/media\/118646"}],"wp:attachment":[{"href":"https:\/\/www.europesays.com\/es\/wp-json\/wp\/v2\/media?parent=118645"}],"wp:term":[{"taxonomy":"category","embeddable":true,"href":"https:\/\/www.europesays.com\/es\/wp-json\/wp\/v2\/categories?post=118645"},{"taxonomy":"post_tag","embeddable":true,"href":"https:\/\/www.europesays.com\/es\/wp-json\/wp\/v2\/tags?post=118645"}],"curies":[{"name":"wp","href":"https:\/\/api.w.org\/{rel}","templated":true}]}}