{"id":118649,"date":"2025-09-16T11:29:04","date_gmt":"2025-09-16T11:29:04","guid":{"rendered":"https:\/\/www.europesays.com\/es\/118649\/"},"modified":"2025-09-16T11:29:04","modified_gmt":"2025-09-16T11:29:04","slug":"los-floreros-culturales-jot-down-cultural-magazine","status":"publish","type":"post","link":"https:\/\/www.europesays.com\/es\/118649\/","title":{"rendered":"Los floreros culturales &#8211; Jot Down Cultural Magazine"},"content":{"rendered":"<p>        <a href=\"https:\/\/www.europesays.com\/es\/wp-content\/uploads\/2025\/09\/Como-cantan-los-viejos-tocan-los-ninos-de-Jan-Steen.-floreros-culturales.jpg\"><img loading=\"lazy\" decoding=\"async\" class=\"size-full wp-image-275423\" src=\"https:\/\/www.europesays.com\/es\/wp-content\/uploads\/2025\/09\/Como-cantan-los-viejos-tocan-los-ninos-de-Jan-Steen.-floreros-culturales.jpg\" alt=\"Como cantan los viejos, tocan los ni\u00f1os, de Jan Steen. floreros culturales\" width=\"820\" height=\"679\" title=\"Los floreros culturales 1\"  \/><\/a>Como cantan los viejos, tocan los ni\u00f1os, de Jan Steen.<\/p>\n<p style=\"text-align: justify;\" data-start=\"221\" data-end=\"658\"><strong>El dise\u00f1o de los espacios culturales<\/strong><\/p>\n<p style=\"text-align: justify;\" data-start=\"221\" data-end=\"658\">Acaban de finalizar las obras de las Reales Atarazanas de Sevilla, un edificio cuyos or\u00edgenes se remontan al siglo XIII, encargado por Alfonso X el Sabio como factor\u00eda naval. A lo largo de sus siglos ha tenido usos de lo m\u00e1s variopintos: factor\u00eda de barcos, mercado de pescado, almac\u00e9n, cuartel militar\u2026 Y ahora, tras un ambicioso y complicado proyecto firmado por Guillermo V\u00e1zquez Consuegra, llega el uso florero, es decir, cultural.<\/p>\n<p style=\"text-align: justify;\" data-start=\"660\" data-end=\"1778\">Digo florero porque en alg\u00fan momento de los \u00faltimos diez o quince a\u00f1os alguien decidi\u00f3 que el uso de este espacio deb\u00eda ser cultural, as\u00ed, a secas. Imagino que porque lo cultural queda bonito para el m\u00e1rquetin institucional. Y as\u00ed ha seguido la cosa, con diferentes gobiernos de distintos colores y diversos actores privados: nadie ha puesto en duda el uso cultural del espacio. Lo que nadie ha concretado es el uso real del mismo. S\u00ed, cultural, pero \u00bfqu\u00e9 cultura deber\u00eda tener cabida entre los arcos semienterrados de las Atarazanas? En un momento dado, la Fundaci\u00f3n La Caixa decidi\u00f3 que pod\u00eda llevar all\u00ed su primer Caixaforum de Andaluc\u00eda, pero abortaron la operaci\u00f3n cuando una asociaci\u00f3n patrimonialista de rancia tradici\u00f3n decidi\u00f3 ganar protagonismo medi\u00e1tico torpedeando cualquier acci\u00f3n referida al edificio que no contara con sus parabienes decimon\u00f3nicos. M\u00e1s all\u00e1 de esta opci\u00f3n como sede del Caixaforum \u2014la \u00fanica m\u00ednimamente seria\u2014, las Atarazanas han tenido que o\u00edr las m\u00e1s peregrinas propuestas: nueva sede del Centro Andaluz de Arte Contempor\u00e1neo, museo de las Am\u00e9ricas, del mar (en una ciudad sin mar)\u2026<\/p>\n<p style=\"text-align: justify;\" data-start=\"1780\" data-end=\"2274\">As\u00ed pues, ahora mismo, a finales del verano de 2025, a las Atarazanas las est\u00e1n envolviendo en papel de regalo para la instituci\u00f3n que se va a hacer cargo de su uso: la <a href=\"https:\/\/fundacioncajasol.com\/\" target=\"_blank\" rel=\"noopener nofollow\">Fundaci\u00f3n Cajasol<\/a>, ap\u00e9ndice extra\u00f1o de la Fundaci\u00f3n La Caixa y heredera de las muy a\u00f1oradas obras sociales de la Caja San Fernando y El Monte. Esta fundaci\u00f3n cuenta ya con un m\u00e1s que notable y asentado espacio cultural en la plaza de San Francisco, justo a la espalda del Ayuntamiento hispalense, en pleno centro hist\u00f3rico.<\/p>\n<p style=\"text-align: justify;\" data-start=\"2276\" data-end=\"2704\">Sobre el futuro m\u00e1s o menos inmediato de las Atarazanas seguimos sin saber nada, salvo su uso como florero, es decir, como espacio cultural a secas. \u00bfSer\u00e1 un callej\u00f3n sin salida como los muchos que pululan por la propia Sevilla y por tantas ciudades espa\u00f1olas? Espacios donde cabe de todo porque en su momento no se decidi\u00f3 el uso real y, una vez acabados, nadie ha sido capaz de dar con la tecla de los contenidos apropiados.<\/p>\n<p style=\"text-align: justify;\" data-start=\"2706\" data-end=\"3660\">La Fundaci\u00f3n Cajasol lleva a cabo una programaci\u00f3n que Vargas Llosa llamar\u00eda del espect\u00e1culo, donde caben los toros, la Semana Santa, la literatura de grandes nombres, la Navidad, algo de m\u00fasica y una cierta visi\u00f3n del arte contempor\u00e1neo del siglo pasado, adem\u00e1s de numerosas charlas y presentaciones. Tiene un p\u00fablico fiel y numeroso que agradece este tipo de oferta cultural, que adem\u00e1s ocupa un espacio propio y necesario en la agenda de la ciudad. La duda es si se va a dise\u00f1ar un nuevo programa de contenidos para las Atarazanas o si se va a llevar esta programaci\u00f3n, aument\u00e1ndola hasta, quiz\u00e1s, el infinito. As\u00ed se ha creado la <a href=\"https:\/\/www.manueljesusflorencio.com\/2025\/05\/la-fundacion-que-gestionara-las-atarazanas-sera-una-mera-filial-de-la-fundacion-cajasol\/\" target=\"_blank\" rel=\"noopener nofollow\">Fundaci\u00f3n Atarazanas de Sevilla<\/a>, que repite el mismo organigrama de la propia Fundaci\u00f3n Cajasol, lo que hace pensar en esta segunda opci\u00f3n. Por no entrar en la ausencia de expertos culturales en el listado. Lo cierto es que, a obra terminada, se sigue sin saber cu\u00e1les son los apellidos que el uso cultural va a tener.<\/p>\n<p style=\"text-align: justify;\" data-start=\"198\" data-end=\"1430\">Por otra parte, tampoco se trata de nada nuevo bajo el sol cultural patrio. Las Atarazanas son solo un ejemplo m\u00e1s, m\u00e1s gravoso si se quiere por su historia, su tama\u00f1o, la inversi\u00f3n realizada y las expectativas institucionales y ciudadanas. Existen numerosos espacios, sobre todo si son hist\u00f3ricos, a los que se les asigna el uso cultural pero sin que medie el m\u00e1s m\u00ednimo criterio ni prospecci\u00f3n de las necesidades culturales del territorio. Ninguna administraci\u00f3n suele pararse a mirar la cultura de su ciudad: \u00bffaltan o sobran auditorios, salas de exposiciones, espacios esc\u00e9nicos? \u00bfTienen todos los medios art\u00edsticos espacios donde poder mostrar obras? \u00bfExisten espacios de creaci\u00f3n adem\u00e1s de exhibici\u00f3n? Es decir, nadie se molesta en ver qu\u00e9 necesita, desde un punto de vista cultural, un territorio concreto. En muchas ocasiones se apuesta, a veces con ingentes cantidades de dinero (lo cual es m\u00e1s sangrante a\u00fan en un medio tan infrafinanciado en Espa\u00f1a como es el cultural), por la moda \u2014ll\u00e1mese Guggenheim o Matadero\u2014 y se clonan usos y programaciones que nunca acaban calando fuera del territorio para donde fueron pensadas y terminan por abandonarse, creando nuevos callejones sin salida culturales\/festivos\/comerciales.<\/p>\n<p style=\"text-align: justify;\" data-start=\"1432\" data-end=\"2756\">En un <a href=\"https:\/\/www.jotdown.es\/2025\/07\/burocracia-mato-a-la-politica-cultural\/\" target=\"_blank\" rel=\"noopener nofollow\">art\u00edculo previo<\/a> lamentaba y trataba de explicar c\u00f3mo la burocracia ha hecho, de facto, imposible dise\u00f1ar e implementar una pol\u00edtica cultural digna de tal nombre. Los espacios culturales floreros como las Atarazanas que acabo de explicar me llevan a otro problema grave de la cultura nacional y que va de la mano de la dictadura de la burocracia: la falta de inter\u00e9s institucional, p\u00fablico o privado, por desarrollar pol\u00edticas culturales realistas y de base. Si las trabas administrativas, con sus plazos, requerimientos y reparos imposibles, acaban por marchitar cualquier esfuerzo profesional de pol\u00edticos, gestores y creadores, la falta de rigor a la hora de dise\u00f1ar pol\u00edticas culturales y, en el caso que nos ocupa, espacios culturales, termina por hacer de la cultura p\u00fablica un espacio cada vez m\u00e1s conquistado por el espect\u00e1culo y el negocio puro y duro, a lo que se suman de vez en cuando compromisos pol\u00edticos y sociales e intereses profesionales m\u00e1s cercanos al gusto personal que a la necesidad del sector y la sociedad. Si a esto se le suma el tsunami de los contenidos de dise\u00f1o marcados por el imperio de la moda cultural del momento, tenemos una pol\u00edtica cultural que ha abandonado la base cultural y a los creadores que no salen en los medios y a los que los algoritmos nunca dar\u00e1n oportunidad alguna.<\/p>\n<p style=\"text-align: justify;\" data-start=\"151\" data-end=\"891\">Uno de los sectores que m\u00e1s sufren este abandono institucional y pol\u00edtico es el de los j\u00f3venes creadores y gestores. \u00bfCreen por un momento que una instituci\u00f3n va a ceder un espacio reci\u00e9n inaugurado, con todo el equipamiento reci\u00e9n estrenado, a un colectivo de j\u00f3venes creadores o a un comisario o gestor cultural reci\u00e9n salido del m\u00e1ster de turno? \u00bfCreen que una banda reci\u00e9n creada va a poder tocar en alguno de los miles de festivales que inundan las ciudades y hasta pueblos del pa\u00eds, que \u00fanicamente se nutren de bandas consolidadas que les aseguran entradas, titulares y tweets? \u00bfCreen que un centro de arte contempor\u00e1neo va a contratar a uno de estos j\u00f3venes comisarios o va a exponer a una nueva generaci\u00f3n de artistas pl\u00e1sticos?<\/p>\n<p style=\"text-align: justify;\" data-start=\"893\" data-end=\"1713\">Un ejemplo: la Junta de Andaluc\u00eda, en plena crisis financiera, cancel\u00f3 el programa de Arte y Creaci\u00f3n Joven Desencaja, uno de los programas de este tipo m\u00e1s ambiciosos del pa\u00eds, por el que pasaron Pony Bravo, los Hermanos MP Rosado, Zahara o Jos\u00e9 Pablo Garc\u00eda. No solo nadie llor\u00f3 ni ning\u00fan medio se hizo eco, sino que a\u00fan hoy los j\u00f3venes creadores andaluces siguen sin tener un asidero que les ayude y apoye en los primeros pasos profesionales. \u00bfCu\u00e1ntos creadores se habr\u00e1n quedado por el camino? \u00bfCu\u00e1ntas instituciones siguen funcionando con el piloto autom\u00e1tico puesto, sin cumplir con sus obligaciones? \u00bfPara qu\u00e9 sirven las administraciones culturales si no aseguran que la ciudadan\u00eda pueda acceder a una oferta cultural amplia y variada ni permiten a creadores que no sean medi\u00e1ticos desarrollarse art\u00edsticamente?<\/p>\n<p style=\"text-align: justify;\" data-start=\"1715\" data-end=\"2539\">Ni resulta complejo administrativamente ni supone una inversi\u00f3n descomunal encargar a profesionales \u2014a gestores culturales conocedores del territorio\u2014 estudios que analicen la realidad cultural de esas ciudades, que definan cu\u00e1les son las necesidades culturales, cu\u00e1les los focos de desarrollo, d\u00f3nde est\u00e1n las oportunidades culturales que pueden ayudar al desarrollo del territorio. Hay que saber qu\u00e9 medios art\u00edsticos est\u00e1n desarrollados y cu\u00e1les tienen mimbres para crecer, qu\u00e9 tipolog\u00eda de gestores trabajan en la ciudad. Sobre esos informes se pueden decidir usos culturales que sean efectivos y \u00fatiles, para la cultura y para el resto de la sociedad. As\u00ed, adem\u00e1s de un mayor aprovechamiento de los recursos p\u00fablicos, se crear\u00e1n espacios efectivos, aumentando la vinculaci\u00f3n de las administraciones con la ciudadan\u00eda.<\/p>\n<p style=\"text-align: justify;\" data-start=\"158\" data-end=\"965\">Eso s\u00ed, estos estudios y an\u00e1lisis hay que hacerlos antes del proyecto arquitect\u00f3nico. Si hay necesidad de espacios de formaci\u00f3n, de nada sirve un edificio con un magn\u00edfico auditorio sin aulas; si, por el contrario, se necesitan salas de exposiciones, es in\u00fatil y caro, de cara a la programaci\u00f3n, levantar grandes espacios di\u00e1fanos que luego haya que panelar para cada muestra. Y si lo que se necesita son espacios de creaci\u00f3n, de poco sirven salas de exposiciones. Desgraciadamente, a nivel de dise\u00f1o arquitect\u00f3nico se suele tender a meter en estos edificios un poco de todo, un frito variado que pueda dar respuesta a todo, pero que al final condiciona el uso final del espacio, conden\u00e1ndolo a una falta de especializaci\u00f3n que puede ser justo lo que se necesita en ese momento en ese territorio concreto.<\/p>\n<p style=\"text-align: justify;\" data-start=\"967\" data-end=\"1755\">Hay que matizar que un espacio cultural sea un callej\u00f3n sin salida no es negativo per se; es m\u00e1s, hacen falta \u2014mucha falta\u2014 este tipo de espacios vers\u00e1tiles que puedan dar respuesta a m\u00faltiples necesidades de creadores y gesti\u00f3n. Un edificio especializado en un sector que no tiene anclaje en el territorio es un fracaso seguro y se convertir\u00e1 en un agujero negro de fondos p\u00fablicos. El problema quiz\u00e1s est\u00e9 en que este tipo de edificios multifunci\u00f3n tienen mal m\u00e1rquetin. Siempre es m\u00e1s f\u00e1cil vender un nuevo museo, un nuevo teatro, que un edificio cultural de usos m\u00faltiples. Y, siguiendo con el p\u00e1rrafo anterior, tampoco un edificio generalista en sus usos podr\u00e1 ser realmente efectivo si su dise\u00f1o no atiende a un plan de usos previo, definido y viable, cultural y econ\u00f3micamente.<\/p>\n<p style=\"text-align: justify;\" data-start=\"1757\" data-end=\"3109\">Creo, honestamente, que ni es caro ni complejo realizar este tipo de informes antes de decidir un uso cultural de un espacio. Pero hay varios problemas de fondo. Uno de ellos es la inmediatez: la necesidad de dar titulares que calmen la supuesta ansiedad \u2014m\u00e1s medi\u00e1tica y pol\u00edtica que social\u2014 de informaci\u00f3n. Desgraciadamente, esta ansiedad se calma muy f\u00e1cilmente con la etiqueta cultural sin m\u00e1s. Otro problema, el m\u00e1s grave, es la falta real de importancia pol\u00edtica y medi\u00e1tica que la cultura tiene hoy d\u00eda. Hay una crisis de reputaci\u00f3n de la cultura cuyo efecto m\u00e1s evidente es la falta de cr\u00edtica cultural en los medios, muchos de los cuales se limitan a replicar las notas de prensa de las instituciones. Esto hace que falte un cuestionamiento p\u00fablico de las decisiones pol\u00edticas en materia cultural. As\u00ed, se pueden dar titulares sin que en la mayor\u00eda de ocasiones se vaya m\u00e1s all\u00e1. S\u00ed, se va a dar un uso cultural a las Atarazanas, pero \u00bfcu\u00e1l va a ser ese uso? \u00bfPor qu\u00e9, con la obra terminada, no est\u00e1 a\u00fan definido ese uso? \u00bfQu\u00e9 coste adicional va a tener volver a adecuar el espacio al uso que se decida? \u00bfO acaso se va a definir el uso con el criterio principal de no aumentar los costes de obra? Pocas veces se hacen estas preguntas y pocas veces se les da la importancia suficiente a las respuestas o, sobre todo, a la falta de las mismas.<\/p>\n<p style=\"text-align: justify;\" data-start=\"3111\" data-end=\"3172\">Eso s\u00ed, nos va a quedar un pa\u00eds precioso con tanto florero.<\/p>\n<p style=\"text-align: justify;\" data-start=\"103\" data-end=\"116\"><strong data-start=\"103\" data-end=\"114\">Ep\u00edlogo<\/strong><\/p>\n<p style=\"text-align: justify;\" data-start=\"118\" data-end=\"829\">No solo hay espacios culturales floreros, tambi\u00e9n hay eventos culturales floreros, como la mal llamada Comic Con de M\u00e1laga (mal llamada porque c\u00f3mic es de lo que menos ofrece), un evento en el que las instituciones se van a gastar 4,5 millones, diez veces m\u00e1s de lo que, por ejemplo, la Junta de Andaluc\u00eda ha invertido en apoyar el c\u00f3mic en toda su historia. Un evento que aterriza como un ovni, sin relaci\u00f3n con el sector \u2014ni con la parte creativa ni con la industrial\u2014 y que, a poco que fallen las visitas, se ir\u00e1 de vuelta a las Am\u00e9ricas sin dejar ning\u00fan poso o herencia y, lo que es peor, con unas administraciones a las que se les habr\u00e1n quitado las ganas de volver a hacer algo relacionado con el <a href=\"https:\/\/comics.jotdown.es\/\" target=\"_blank\" rel=\"noopener nofollow\">c\u00f3mic<\/a>.<\/p>\n<p style=\"text-align: justify;\" data-start=\"831\" data-end=\"1190\">Y todo esto mientras n<a href=\"https:\/\/www.hispacomic.eu\/\" target=\"_blank\" rel=\"noopener nofollow\">umerosos eventos de peque\u00f1o y mediano formato<\/a> sobreviven sin apenas apoyo real por parte de las instituciones que estar\u00edan obligadas a hacerlo. \u00bfCu\u00e1ntos proyectos sobre el c\u00f3mic tienen estas instituciones en el caj\u00f3n por falta de presupuestos? Por no se\u00f1alar que es un evento que ni siquiera acredita a los autores de c\u00f3mics andaluces.<\/p>\n","protected":false},"excerpt":{"rendered":"Como cantan los viejos, tocan los ni\u00f1os, de Jan Steen. El dise\u00f1o de los espacios culturales Acaban de&hellip;\n","protected":false},"author":2,"featured_media":118650,"comment_status":"","ping_status":"","sticky":false,"template":"","format":"standard","meta":{"footnotes":""},"categories":[173],"tags":[229,233,231,230,232,234,146,147,25,24,23],"class_list":{"0":"post-118649","1":"post","2":"type-post","3":"status-publish","4":"format-standard","5":"has-post-thumbnail","7":"category-arte-y-diseno","8":"tag-arte","9":"tag-arte-y-diseno","10":"tag-arts","11":"tag-arts-and-design","12":"tag-design","13":"tag-diseno","14":"tag-entertainment","15":"tag-entretenimiento","16":"tag-es","17":"tag-espana","18":"tag-spain"},"share_on_mastodon":{"url":"","error":""},"_links":{"self":[{"href":"https:\/\/www.europesays.com\/es\/wp-json\/wp\/v2\/posts\/118649","targetHints":{"allow":["GET"]}}],"collection":[{"href":"https:\/\/www.europesays.com\/es\/wp-json\/wp\/v2\/posts"}],"about":[{"href":"https:\/\/www.europesays.com\/es\/wp-json\/wp\/v2\/types\/post"}],"author":[{"embeddable":true,"href":"https:\/\/www.europesays.com\/es\/wp-json\/wp\/v2\/users\/2"}],"replies":[{"embeddable":true,"href":"https:\/\/www.europesays.com\/es\/wp-json\/wp\/v2\/comments?post=118649"}],"version-history":[{"count":0,"href":"https:\/\/www.europesays.com\/es\/wp-json\/wp\/v2\/posts\/118649\/revisions"}],"wp:featuredmedia":[{"embeddable":true,"href":"https:\/\/www.europesays.com\/es\/wp-json\/wp\/v2\/media\/118650"}],"wp:attachment":[{"href":"https:\/\/www.europesays.com\/es\/wp-json\/wp\/v2\/media?parent=118649"}],"wp:term":[{"taxonomy":"category","embeddable":true,"href":"https:\/\/www.europesays.com\/es\/wp-json\/wp\/v2\/categories?post=118649"},{"taxonomy":"post_tag","embeddable":true,"href":"https:\/\/www.europesays.com\/es\/wp-json\/wp\/v2\/tags?post=118649"}],"curies":[{"name":"wp","href":"https:\/\/api.w.org\/{rel}","templated":true}]}}