{"id":118651,"date":"2025-09-16T11:30:17","date_gmt":"2025-09-16T11:30:17","guid":{"rendered":"https:\/\/www.europesays.com\/es\/118651\/"},"modified":"2025-09-16T11:30:17","modified_gmt":"2025-09-16T11:30:17","slug":"10-lecturas-basicas-para-mejorar-tus-habitos-y-construir-rutinas-positivas-desde-septiembre","status":"publish","type":"post","link":"https:\/\/www.europesays.com\/es\/118651\/","title":{"rendered":"10 lecturas b\u00e1sicas para mejorar tus h\u00e1bitos y construir rutinas positivas desde septiembre"},"content":{"rendered":"<p data-gtm-element-container=\"modulo-texto-link\" class=\"paragraph\">El oto\u00f1o se acerca de forma inminente, y lo hace como un recordatorio de que todo ciclo trae consigo la oportunidad de transformarse. Es esa estaci\u00f3n en la que el aire se vuelve m\u00e1s fresco, las hojas cambian de color y, de alguna manera, tambi\u00e9n nosotros sentimos la necesidad de renovarnos. Volver a poner orden en nuestra vida, ajustar horarios y crear nuevos h\u00e1bitos no es solo cuesti\u00f3n de disciplina: es un acto de autocuidado. Afrontar los desaf\u00edos que trae esta etapa del a\u00f1o con constancia, autocontrol y apertura al aprendizaje puede marcar la diferencia entre arrastrarnos por la inercia o tomar las riendas.<\/p>\n<p data-gtm-element-container=\"modulo-texto-link\" class=\"paragraph\">Si lo que buscas es una versi\u00f3n mejorada de ti mismo, este es el momento perfecto para empezar. Y una de las herramientas m\u00e1s efectivas es contar con una lista de lecturas b\u00e1sicas que te inspiren a dar el paso, a reforzar h\u00e1bitos positivos y a mantener rutinas que impulsen tu bienestar. Los libros pueden ser faros en medio de la confusi\u00f3n: gu\u00edas pr\u00e1cticas que nos ense\u00f1an c\u00f3mo gestionar mejor nuestro tiempo, mantener la motivaci\u00f3n en los d\u00edas m\u00e1s grises y cultivar la calma en medio de la exigencia diaria. Empezar el oto\u00f1o con esas premisas en tus manos es abrir la puerta a una estaci\u00f3n donde la mejora personal se convierte en tu mejor proyecto. \u00bfTe atreves a dar el paso?<\/p>\n<p>Promociones de septiembre en Abacus<\/p>\n<p class=\"module-text\">\u25aa\ufe0f Acumula compras por valor de 100 \u20ac en Abacus hasta el 21 de septiembre y ll\u00e9vate tu <strong>chaqueta WOW<\/strong>, personalizable y de FABBRIC. \u00a1Solo te costar\u00e1 14,99\u20ac!<\/p>\n<p>\u25aa\ufe0f Hasta el 28 de septiembre, puedes participar en el <strong>sorteo de 10 iPhone 16<\/strong> por compras m\u00ednimas de 40 \u20ac en productos de la marca Oxford.<\/p>\n<p>\u25aa\ufe0f<strong> Sorteo Staedtler: <\/strong>por una compra m\u00ednima de 10 \u20ac en productos de la marca, entrar\u00e1s en el sorteo de furgonetas Volkswagen, auriculares, tarjetas regalo de Abacus&#8230; Tienes tiempo hasta el 30 de septiembre.<\/p>\n<p>10 libros para mejorar tus h\u00e1bitos y crear rutinas positivas:<\/p>\n<p>C\u00e9ntrate (Deep Work)Cal Newport<\/p>\n<p>                <img loading=\"lazy\" decoding=\"async\" data-full-src=\"https:\/\/www.lavanguardia.com\/uploads\/2025\/09\/16\/68c926953d377.jpeg\" alt=\"C\u00e9ntrate (Deep Work)\" width=\"449\" height=\"337\" src=\"https:\/\/www.europesays.com\/es\/wp-content\/uploads\/2025\/09\/68c926953d377.jpeg\" class=\"lazy\"\/><\/p>\n<p class=\"caption-title \">C\u00e9ntrate (Deep Work)\u00a0<\/p>\n<p>                    Abacus<\/p>\n<p data-gtm-element-container=\"modulo-texto-link\" class=\"paragraph\">Vivimos en una era donde la distracci\u00f3n parece haberse convertido en la norma, y es precisamente ah\u00ed donde C\u00e9ntrate (Deep Work)\u00a0brilla como una llamada al orden. El autor sostiene que la capacidad de sumergirse en un trabajo profundo, libre de interrupciones y con toda la concentraci\u00f3n puesta en una sola tarea, es la habilidad m\u00e1s valiosa de nuestro tiempo. A trav\u00e9s de ejemplos claros y un enfoque pr\u00e1ctico, Cal Newport demuestra que alcanzar altos niveles de productividad y creatividad no depende de trabajar m\u00e1s horas, sino de aprender a entrenar nuestra mente para enfocarse en lo esencial.<\/p>\n<p data-gtm-element-container=\"modulo-texto-link\" class=\"paragraph\">El libro no es solo una teor\u00eda, es una gu\u00eda de transformaci\u00f3n personal. Newport comparte estrategias concretas para organizar tu jornada, reducir distracciones digitales y cultivar la disciplina necesaria para entrar en ese estado de concentraci\u00f3n total donde las ideas fluyen y el rendimiento se multiplica. M\u00e1s que un manual de productividad, es una invitaci\u00f3n a replantear c\u00f3mo usamos nuestra atenci\u00f3n en un mundo ruidoso, record\u00e1ndonos que aprender a trabajar en profundidad no solo nos hace m\u00e1s competentes, sino tambi\u00e9n m\u00e1s plenos.<\/p>\n<p>H\u00e1bitos que te salvar\u00e1n la vida<br \/>Dra. Odile Fern\u00e1ndez<\/p>\n<p>                <img loading=\"lazy\" decoding=\"async\" data-full-src=\"https:\/\/www.lavanguardia.com\/uploads\/2025\/09\/16\/68c92750e4dbb.jpeg\" alt=\"H\u00e1bitos que te salvar\u00e1n la vida\" width=\"449\" height=\"337\" src=\"https:\/\/www.europesays.com\/es\/wp-content\/uploads\/2025\/09\/68c92750e4dbb.jpeg\" class=\"lazy\"\/><\/p>\n<p class=\"caption-title \">H\u00e1bitos que te salvar\u00e1n la vida\u00a0<\/p>\n<p>                    Abacus<\/p>\n<p data-gtm-element-container=\"modulo-texto-link\" class=\"paragraph\">H\u00e1bitos que te salvar\u00e1n la vida, de Odile Fern\u00e1ndez, es una obra que va mucho m\u00e1s all\u00e1 de un simple manual de consejos. La autora, m\u00e9dica y especialista en nutrici\u00f3n y vida saludable, nos recuerda que la forma en que vivimos d\u00eda a d\u00eda \u2014desde lo que comemos hasta c\u00f3mo gestionamos el estr\u00e9s\u2014 puede marcar la diferencia entre desgastarnos lentamente o ganar vitalidad. Con un lenguaje cercano y accesible, se nos invita a tomar conciencia de que cada peque\u00f1a decisi\u00f3n cuenta, y que los h\u00e1bitos son la llave para transformar nuestra salud f\u00edsica y mental.<\/p>\n<p data-gtm-element-container=\"modulo-texto-link\" class=\"paragraph\">Este libro no se limita a hablar de alimentaci\u00f3n, aunque dedica especial atenci\u00f3n a ella; tambi\u00e9n aborda el descanso, el ejercicio, las emociones y la conexi\u00f3n con nuestro entorno como pilares fundamentales. Su propuesta es clara: no se trata de cambios radicales, sino de pasos sencillos y sostenibles que, acumulados, tienen un impacto profundo en nuestra vida. H\u00e1bitos que te salvar\u00e1n la vida es una gu\u00eda inspiradora y pr\u00e1ctica que te anima a asumir el control de tu bienestar, demostrando que cuidarse no es un lujo, sino una decisi\u00f3n vital al alcance de todos.<\/p>\n<p>Com fer que et passin coses bones<br \/>Marian Rojas Estap\u00e9<\/p>\n<p>                <img loading=\"lazy\" decoding=\"async\" data-full-src=\"https:\/\/www.lavanguardia.com\/uploads\/2025\/09\/16\/68c928c80484e.jpeg\" alt=\"Com fer que et passin coses bones\" width=\"449\" height=\"337\" src=\"https:\/\/www.europesays.com\/es\/wp-content\/uploads\/2025\/09\/68c928c80484e.jpeg\" class=\"lazy\"\/><\/p>\n<p class=\"caption-title \">Com fer que et passin coses bones\u00a0<\/p>\n<p>                    Abacus<\/p>\n<p data-gtm-element-container=\"modulo-texto-link\" class=\"paragraph\">Com fer que et passin coses bones, de Marian Rojas Estap\u00e9, es un libro que mezcla ciencia y reflexi\u00f3n personal para mostrarnos c\u00f3mo nuestra mente y nuestras decisiones influyen directamente en la calidad de nuestra vida. La autora, psiquiatra y divulgadora, nos gu\u00eda con un estilo cercano y lleno de ejemplos, explicando que no se trata de suerte ni de casualidad, sino de comprender c\u00f3mo funcionan nuestros pensamientos, emociones y h\u00e1bitos para atraer experiencias positivas.<\/p>\n<p data-gtm-element-container=\"modulo-texto-link\" class=\"paragraph\">El libro propone herramientas concretas para gestionar el estr\u00e9s, cultivar la resiliencia y potenciar la felicidad en lo cotidiano. Rojas Estap\u00e9 subraya la importancia de la atenci\u00f3n plena, la inteligencia emocional y las elecciones conscientes, demostrando que, al cambiar nuestra manera de mirar el mundo, tambi\u00e9n podemos cambiar lo que nos ocurre. Es una gu\u00eda accesible y motivadora que invita a tomar las riendas de nuestra vida con optimismo y responsabilidad, ayud\u00e1ndonos a que las buenas cosas realmente nos encuentren.<\/p>\n<p>\nLimpieza, orden y felicidad<br \/>Bego, la Ordenatriz<\/p>\n<p>                <img loading=\"lazy\" decoding=\"async\" data-full-src=\"https:\/\/www.lavanguardia.com\/uploads\/2025\/09\/16\/68c92961ebfe4.jpeg\" alt=\"Limpieza, orden y felicidad\" width=\"449\" height=\"337\" src=\"https:\/\/www.europesays.com\/es\/wp-content\/uploads\/2025\/09\/68c92961ebfe4.jpeg\" class=\"lazy\"\/><\/p>\n<p class=\"caption-title \">Limpieza, orden y felicidad\u00a0<\/p>\n<p>                    Abacus<\/p>\n<p data-gtm-element-container=\"modulo-texto-link\" class=\"paragraph\">Limpieza, orden y felicidad, de Bego &#8216;La Ordenatriz&#8217;, es un libro que combina organizaci\u00f3n dom\u00e9stica con bienestar emocional, mostrando que un espacio limpio y ordenado puede influir directamente en nuestro estado de \u00e1nimo y en nuestra productividad. Con un estilo pr\u00e1ctico, la autora explica c\u00f3mo peque\u00f1as rutinas de orden pueden generar grandes cambios, convirtiendo el hogar en un refugio donde sentirse tranquilo, motivado y en absoluto control.<\/p>\n<p data-gtm-element-container=\"modulo-texto-link\" class=\"paragraph\">El libro ofrece estrategias concretas para mantener cada espacio en armon\u00eda, desde c\u00f3mo gestionar el desorden acumulado hasta m\u00e9todos para mantener la limpieza sin esfuerzo diario. Bego subraya la relaci\u00f3n entre la organizaci\u00f3n y la felicidad, demostrando que cuidar nuestro entorno es tambi\u00e9n cuidar de nosotros mismos. Es una gu\u00eda amena y motivadora que invita a transformar el hogar y, con \u00e9l, la vida cotidiana, haciendo del orden una herramienta para vivir m\u00e1s ligero y m\u00e1s feliz.<\/p>\n<p>Es f\u00e1cil dejar de fumar sin fuerza de voluntad<br \/>Allen Carr<\/p>\n<p>                <img loading=\"lazy\" decoding=\"async\" data-full-src=\"https:\/\/www.lavanguardia.com\/uploads\/2025\/09\/16\/68c92a16347df.jpeg\" alt=\"Es f\u00e1cil dejar de fumar sin fuerza de voluntad\" width=\"449\" height=\"337\" src=\"https:\/\/www.europesays.com\/es\/wp-content\/uploads\/2025\/09\/68c92a16347df.jpeg\" class=\"lazy\"\/><\/p>\n<p class=\"caption-title \">Es f\u00e1cil dejar de fumar sin fuerza de voluntad\u00a0<\/p>\n<p>                    Abacus<\/p>\n<p data-gtm-element-container=\"modulo-texto-link\" class=\"paragraph\">Es f\u00e1cil dejar de fumar sin fuerza de voluntad, de Allen Carr, es un libro que desaf\u00eda la idea de que dejar de fumar requiere un esfuerzo tit\u00e1nico. Con un enfoque fresco y directo, Carr gu\u00eda al lector a comprender la adicci\u00f3n desde la ra\u00edz, desmontando mitos y mostrando que el tabaquismo no aporta placer, sino dependencia. Su m\u00e9todo no se basa en sacrificios ni en la fuerza de voluntad, sino en cambiar la forma de pensar sobre el h\u00e1bito.<\/p>\n<p data-gtm-element-container=\"modulo-texto-link\" class=\"paragraph\">A lo largo del libro, el autor ofrece estrategias claras y reflexivas para liberarse del tabaco de manera definitiva, manteniendo la mente abierta y evitando la sensaci\u00f3n de p\u00e9rdida. Carr consigue que el lector se sienta acompa\u00f1ado y motivado, demostrando que dejar de fumar puede ser un proceso natural, incluso ligero, sin ansiedad ni renuncias extremas. Es una gu\u00eda pr\u00e1ctica y sorprendentemente esperanzadora para quienes quieren recuperar su libertad y su salud.<\/p>\n<p>\nAdi\u00f3s a la inflamaci\u00f3n<br \/>Sandra Mo\u00f1ino<\/p>\n<p>                <img loading=\"lazy\" decoding=\"async\" data-full-src=\"https:\/\/www.lavanguardia.com\/uploads\/2025\/09\/16\/68c92b0103089.jpeg\" alt=\"Adi\u00f3s a la inflamaci\u00f3n\" width=\"449\" height=\"337\" src=\"https:\/\/www.europesays.com\/es\/wp-content\/uploads\/2025\/09\/68c92b0103089.jpeg\" class=\"lazy\"\/><\/p>\n<p class=\"caption-title \">Adi\u00f3s a la inflamaci\u00f3n\u00a0<\/p>\n<p>                    Abacus<\/p>\n<p data-gtm-element-container=\"modulo-texto-link\" class=\"paragraph\">Adi\u00f3s a la inflamaci\u00f3n, de Sandra Mo\u00f1ino, es un libro que propone un enfoque integral para entender y reducir la inflamaci\u00f3n en nuestro cuerpo, uno de los factores silenciosos detr\u00e1s de muchas dolencias modernas. La autora combina ciencia clara con consejos pr\u00e1cticos para que el lector pueda identificar los desencadenantes de la inflamaci\u00f3n en su d\u00eda a d\u00eda, desde la alimentaci\u00f3n hasta el estr\u00e9s o los h\u00e1bitos poco saludables. El objetivo es recuperar el equilibrio interno y sentirse con m\u00e1s energ\u00eda y vitalidad.<\/p>\n<p data-gtm-element-container=\"modulo-texto-link\" class=\"paragraph\">A lo largo de sus p\u00e1ginas, Mo\u00f1ino ofrece estrategias accesibles y efectivas: recetas, rutinas de cuidado personal y pautas de alimentaci\u00f3n antiinflamatoria que ayudan a mejorar la salud de manera gradual y sostenible. Es un manual pensado para quienes buscan un cambio real en su bienestar, aprendiendo a escuchar el cuerpo y a tomar decisiones conscientes que reducen la inflamaci\u00f3n y potencian la calidad de vida.<\/p>\n<p>Els h\u00e0bits que els faran feli\u00e7os<br \/>Alba Castellvi<\/p>\n<p>                <img loading=\"lazy\" decoding=\"async\" data-full-src=\"https:\/\/www.lavanguardia.com\/uploads\/2025\/09\/16\/68c92c1913239.jpeg\" alt=\"Els h\u00e0bits que els faran feli\u00e7os\" width=\"449\" height=\"337\" src=\"https:\/\/www.europesays.com\/es\/wp-content\/uploads\/2025\/09\/68c92c1913239.jpeg\" class=\"lazy\"\/><\/p>\n<p class=\"caption-title \">Els h\u00e0bits que els faran feli\u00e7os\u00a0<\/p>\n<p>                    Abacus<\/p>\n<p data-gtm-element-container=\"modulo-texto-link\" class=\"paragraph\">Els h\u00e0bits que els faran feli\u00e7os, de Alba Castellvi, es un libro que invita a redescubrir el poder de las peque\u00f1as rutinas diarias para construir una vida m\u00e1s plena y satisfactoria. La autora parte de la idea de que la felicidad no es un destino lejano, sino el resultado de h\u00e1bitos sencillos y constantes que podemos incorporar en nuestro d\u00eda a d\u00eda, desde la manera en que nos relacionamos con los dem\u00e1s hasta c\u00f3mo gestionamos nuestro tiempo y nuestras emociones.<\/p>\n<p data-gtm-element-container=\"modulo-texto-link\" class=\"paragraph\">Con un estilo cercano, Castellvi ofrece herramientas claras para dise\u00f1ar h\u00e1bitos positivos que potencien el bienestar f\u00edsico, emocional y mental. A trav\u00e9s de ejemplos, ejercicios y consejos f\u00e1ciles de aplicar, el lector aprende a crear un entorno que favorezca la alegr\u00eda y la serenidad, demostrando que la felicidad se construye con constancia, atenci\u00f3n y decisiones conscientes.<\/p>\n<p>H\u00e1bitos at\u00f3micos<br \/>James Clear<\/p>\n<p>                <img loading=\"lazy\" decoding=\"async\" data-full-src=\"https:\/\/www.lavanguardia.com\/uploads\/2025\/04\/04\/67efad99e7219.jpeg\" alt=\"H\u00e1bitos at\u00f3micos\" width=\"449\" height=\"337\" src=\"https:\/\/www.europesays.com\/es\/wp-content\/uploads\/2025\/09\/67efad99e7219.jpeg\" class=\"lazy\"\/><\/p>\n<p class=\"caption-title \">H\u00e1bitos at\u00f3micos\u00a0<\/p>\n<p>                    Abacus<\/p>\n<p data-gtm-element-container=\"modulo-texto-link\" class=\"paragraph\">Imagina que cada peque\u00f1o gesto que haces a diario pudiera acumularse hasta transformar por completo tu vida. Eso es exactamente lo que propone H\u00e1bitos at\u00f3micos, de James Clear: descubrir el poder de los cambios diminutos y consistentes para alcanzar resultados extraordinarios. No se trata de revoluciones dr\u00e1sticas, sino de ajustes min\u00fasculos que, sumados, crean un efecto imparable a largo plazo.<\/p>\n<p data-gtm-element-container=\"modulo-texto-link\" class=\"paragraph\">Clear combina psicolog\u00eda, neurociencia y ejemplos de la vida real para mostrar c\u00f3mo formar h\u00e1bitos positivos, eliminar los que nos perjudican y aprovechar nuestra identidad para consolidarlos. Con estrategias concretas sobre entorno, motivaci\u00f3n y recompensas, este libro se convierte en una hoja de ruta clara para construir h\u00e1bitos sostenibles y duraderos, permiti\u00e9ndote mejorar poco a poco cada aspecto de tu d\u00eda a d\u00eda.<\/p>\n<p>Recupera tu mente, reconquista tu vida<br \/>Marian Rojas Estap\u00e9<\/p>\n<p>                <img loading=\"lazy\" decoding=\"async\" data-full-src=\"https:\/\/www.lavanguardia.com\/uploads\/2025\/04\/08\/67f53374601a2.jpeg\" alt=\"Recupera tu mente, reconquista tu vida\" width=\"449\" height=\"337\" src=\"https:\/\/www.europesays.com\/es\/wp-content\/uploads\/2025\/09\/67f53374601a2.jpeg\" class=\"lazy\"\/><\/p>\n<p class=\"caption-title \">Recupera tu mente, reconquista tu vida\u00a0<\/p>\n<p>                    Abacus<\/p>\n<p data-gtm-element-container=\"modulo-texto-link\" class=\"paragraph\">\u00bfTe has detenido alguna vez a pensar en cu\u00e1nto controla tu mente tu vida diaria? Recupera tu mente, reconquista tu vida de Marian Rojas Estap\u00e9 propone justamente eso: retomar las riendas de tus pensamientos y emociones para vivir de manera m\u00e1s plena y consciente. No es un manual abstracto, sino una gu\u00eda pr\u00e1ctica que conecta psicolog\u00eda, neurociencia y experiencias reales para entender c\u00f3mo nuestros patrones mentales influyen en todo lo que hacemos.<\/p>\n<p data-gtm-element-container=\"modulo-texto-link\" class=\"paragraph\">El libro te ense\u00f1a a identificar y manejar las emociones que frenan tu bienestar, a reforzar la resiliencia frente al estr\u00e9s y a crear h\u00e1bitos mentales que potencien tu felicidad y equilibrio. Con un lenguaje cercano y ejemplos cotidianos, Marian Rojas Estap\u00e9 muestra que reconquistar la vida empieza por recuperar el control sobre tu mente, brind\u00e1ndote herramientas concretas para tomar decisiones m\u00e1s conscientes y disfrutar de cada momento con mayor claridad y calma.<\/p>\n<p>El subtil art que tot t&#8217;importi una merda<br \/>Mark Manson<\/p>\n<p>                <img loading=\"lazy\" decoding=\"async\" data-full-src=\"https:\/\/www.lavanguardia.com\/uploads\/2025\/09\/16\/68c92e797cc73.jpeg\" alt=\"El subtil art que tot t'importi una merda\" width=\"449\" height=\"337\" src=\"https:\/\/www.europesays.com\/es\/wp-content\/uploads\/2025\/09\/68c92e797cc73.jpeg\" class=\"lazy\"\/><\/p>\n<p class=\"caption-title \">El subtil art que tot t&#8217;importi una merda\u00a0<\/p>\n<p>                    Abacus<\/p>\n<p data-gtm-element-container=\"modulo-texto-link\" class=\"paragraph\">Terminamos con otro libro que\u00a0llega para sacudir obsesiones y ense\u00f1ar a centrarte en lo que realmente merece tu energ\u00eda. Con su estilo directo y provocador, Manson rompe con la mentalidad de \u201ctodo es importante\u201d y propone un enfoque radicalmente honesto sobre prioridades, valores y la manera en que elegimos invertir nuestro tiempo y emociones.<\/p>\n<p data-gtm-element-container=\"modulo-texto-link\" class=\"paragraph\">Este libro combina humor, experiencias personales y reflexiones para mostrar que la clave del bienestar no est\u00e1 en evitar problemas, sino en aprender a elegir por cu\u00e1les vale la pena preocuparse. Manson te invita a cuestionar las expectativas externas, soltar lo superfluo y adoptar una actitud m\u00e1s ligera y aut\u00e9ntica ante la vida, ayud\u00e1ndote a vivir con menos estr\u00e9s, m\u00e1s claridad y con un sentido m\u00e1s verdadero de lo que importa y tiene valor. Un libro que cambiar\u00e1 tu forma de pensar&#8230;<\/p>\n<p data-gtm-element-container=\"modulo-texto-link\" class=\"paragraph\">\u00bfQu\u00e9 te han parecido nuestras recomendaciones para construir rutinas positivas y superar tus desaf\u00edos? Con estos libros de Abacus crecer\u00e1s a nivel personal, establecer\u00e1s nuevas bases de autocontrol y disciplina y, por tanto, podr\u00e1s tomarte el cambio de estaci\u00f3n de otra manera. Este oto\u00f1o, prioriza la salud mental antes que los miedos, las inseguridades y la obligaci\u00f3n autoimpuesta de complacer a los dem\u00e1s. Aprende a poner l\u00edmites, liberar tensiones y conseguir tus prop\u00f3sitos. \u00a1T\u00fa puedes!<\/p>\n<p>        Lee tambi\u00e9n<\/p>\n<p>    Carlos Dom\u00ednguez<\/p>\n<p>             <img loading=\"lazy\" decoding=\"async\" data-full-src=\"https:\/\/www.lavanguardia.com\/uploads\/2025\/09\/09\/68c01389e2afd.jpeg\" alt=\"Aprende nuevas claves de crecimiento personal para reducir el estr\u00e9s posvacacional\" width=\"334\" height=\"164\" src=\"https:\/\/www.europesays.com\/es\/wp-content\/uploads\/2025\/09\/68c01389e2afd.jpeg\" class=\"lazy\"\/><\/p>\n<p>        Lee tambi\u00e9n<\/p>\n<p>    Carlos Dom\u00ednguez<\/p>\n<p>             <img loading=\"lazy\" decoding=\"async\" data-full-src=\"https:\/\/www.lavanguardia.com\/uploads\/2025\/09\/05\/68bab6618212d.jpeg\" alt=\"Lildami y Alexia Pascual ya tienen la chaqueta m\u00e1s WOW para la vuelta al cole 2025\" width=\"334\" height=\"164\" src=\"https:\/\/www.europesays.com\/es\/wp-content\/uploads\/2025\/09\/68bab6618212d.jpeg\" class=\"lazy\"\/><\/p>\n<p>        Lee tambi\u00e9n<\/p>\n<p>    Carlos Dom\u00ednguez<\/p>\n<p>             <img loading=\"lazy\" decoding=\"async\" data-full-src=\"https:\/\/www.lavanguardia.com\/uploads\/2025\/08\/05\/68920b6327bf7.jpeg\" alt=\"Descubre las mejores novelas de misterio para devorar despu\u00e9s de las vacaciones\" width=\"334\" height=\"164\" src=\"https:\/\/www.europesays.com\/es\/wp-content\/uploads\/2025\/09\/68920b6327bf7.jpeg\" class=\"lazy\"\/><\/p>\n","protected":false},"excerpt":{"rendered":"El oto\u00f1o se acerca de forma inminente, y lo hace como un recordatorio de que todo ciclo trae&hellip;\n","protected":false},"author":2,"featured_media":118652,"comment_status":"","ping_status":"","sticky":false,"template":"","format":"standard","meta":{"footnotes":""},"categories":[172],"tags":[224,146,147,25,24,225,23],"class_list":{"0":"post-118651","1":"post","2":"type-post","3":"status-publish","4":"format-standard","5":"has-post-thumbnail","7":"category-libros","8":"tag-books","9":"tag-entertainment","10":"tag-entretenimiento","11":"tag-es","12":"tag-espana","13":"tag-libros","14":"tag-spain"},"share_on_mastodon":{"url":"","error":""},"_links":{"self":[{"href":"https:\/\/www.europesays.com\/es\/wp-json\/wp\/v2\/posts\/118651","targetHints":{"allow":["GET"]}}],"collection":[{"href":"https:\/\/www.europesays.com\/es\/wp-json\/wp\/v2\/posts"}],"about":[{"href":"https:\/\/www.europesays.com\/es\/wp-json\/wp\/v2\/types\/post"}],"author":[{"embeddable":true,"href":"https:\/\/www.europesays.com\/es\/wp-json\/wp\/v2\/users\/2"}],"replies":[{"embeddable":true,"href":"https:\/\/www.europesays.com\/es\/wp-json\/wp\/v2\/comments?post=118651"}],"version-history":[{"count":0,"href":"https:\/\/www.europesays.com\/es\/wp-json\/wp\/v2\/posts\/118651\/revisions"}],"wp:featuredmedia":[{"embeddable":true,"href":"https:\/\/www.europesays.com\/es\/wp-json\/wp\/v2\/media\/118652"}],"wp:attachment":[{"href":"https:\/\/www.europesays.com\/es\/wp-json\/wp\/v2\/media?parent=118651"}],"wp:term":[{"taxonomy":"category","embeddable":true,"href":"https:\/\/www.europesays.com\/es\/wp-json\/wp\/v2\/categories?post=118651"},{"taxonomy":"post_tag","embeddable":true,"href":"https:\/\/www.europesays.com\/es\/wp-json\/wp\/v2\/tags?post=118651"}],"curies":[{"name":"wp","href":"https:\/\/api.w.org\/{rel}","templated":true}]}}