{"id":118655,"date":"2025-09-16T11:32:08","date_gmt":"2025-09-16T11:32:08","guid":{"rendered":"https:\/\/www.europesays.com\/es\/118655\/"},"modified":"2025-09-16T11:32:08","modified_gmt":"2025-09-16T11:32:08","slug":"lil-nas-x-no-acude-a-su-cita-con-la-justicia-por-estar-bajo-un-tratamiento-clinico-fuera-del-estado-de-california-actualidad","status":"publish","type":"post","link":"https:\/\/www.europesays.com\/es\/118655\/","title":{"rendered":"Lil Nas X no acude a su cita con la justicia por estar bajo un \u00abtratamiento cl\u00ednico\u00bb fuera del estado de California | Actualidad"},"content":{"rendered":"<p><a href=\"https:\/\/los40.com\/2025\/08\/26\/lil-nas-x-en-libertad-bajo-fianza-tras-su-detencion-en-los-angeles-que-cargos-se-le-imputan\/\" target=\"_blank\" rel=\"noreferrer nofollow noopener\" title=\"https:\/\/los40.com\/2025\/08\/26\/lil-nas-x-en-libertad-bajo-fianza-tras-su-detencion-en-los-angeles-que-cargos-se-le-imputan\/\"><b>Lil Nas X<\/b><\/a> ten\u00eda previsto ayer, lunes 15 de septiembre de 2025, una audiencia preliminar ante el juez para conocer si finalmente ir\u00eda a juicio o no por los hechos ocurridos el pasado 21 de agosto y los delitos que se le imputaron el pasado 25 de agosto tras su puesta en libertad. Sin embargo, el rapero no acudi\u00f3 a la citaci\u00f3n judicial por un motivo de peso.<\/p>\n<p>Su equipo legal ha confirmado que<b> el cantante se encuentra bajo tratamiento en una cl\u00ednica fuera del estado,<\/b> aunque no se han dado detalles sobre el tipo de cuidados que est\u00e1 recibiendo. Ante esta informaci\u00f3n, la jueza que lleva el caso, Shellie Samuels, ha autorizado que el artista permanezca fuera de California mientras contin\u00fae con el tratamiento. \u00abSi el tratamiento cambia y se vuelve ambulatorio, entonces hablaremos\u00bb<b>, declar\u00f3 la magistrada, quien fij\u00f3 la pr\u00f3xima cita judicial para el 18 de noviembre.<\/b><\/p>\n<p>El abogado de Montero (nombre de pila del cantante), Drew Findling, ha asegurado que ahora mismo la prioridad es el bienestar de su defendido: \u00abEst\u00e1 rodeado de una familia incre\u00edble y un equipo que lo apoya. Estamos abordando los problemas, y \u00e9l va a superar este bache\u201d.<\/p>\n<p><img decoding=\"async\" src=\"https:\/\/los40.com\/pf\/resources\/img\/logo-40-v-c.svg?d=879\" alt=\"LOS40\" class=\"i-pro\" width=\"68\" height=\"68\" loading=\"lazy\"\/>\u00bfQu\u00e9 ocurri\u00f3?<\/p>\n<p><a href=\"https:\/\/los40.com\/2025\/08\/21\/arrestado-hospitalizado-por-sobredosis-lil-nas-x-activa-todas-las-alertas\/\" target=\"_blank\" rel=\"noreferrer nofollow noopener\" title=\"https:\/\/los40.com\/2025\/08\/21\/arrestado-hospitalizado-por-sobredosis-lil-nas-x-activa-todas-las-alertas\/\"><b>Lil Nas X fue arrestado el pasado 21 de agosto <\/b>tras ser visto caminando por Ventura Boulevard en ropa interior y botas blancas<\/a>. Seg\u00fan la denuncia, al momento de ser abordado por la polic\u00eda, el autor de Old Town Road habr\u00eda utilizado fuerza contra al menos tres agentes, y habr\u00eda intentado impedir que otro cumpliera con su deber legal. <\/p>\n<p>El lunes 25 de agosto, tras estar todo el fin de semana en prisi\u00f3n y a la espera de pasar a disposici\u00f3n judicial, <b>el artista se declar\u00f3 inocente de los tres delitos que se le imputan \u2014tres delitos graves de agresi\u00f3n con lesiones a oficiales y uno por resistencia a la autoridad\u2014<\/b> y fue puesto en libertad con cargos tras pagar una tras pagar una fianza de 75.000 d\u00f3lares. En redes sociales, tranquiliz\u00f3 a sus fans con un mensaje: \u201cYour girl is gonna be OK, y\u2019all\u2026 That was terrifying\u201d. (\u00abVuestra chica estar\u00e1 bien&#8230; Aunque ha sido aterrador\u00bb).<\/p>\n<p>Antes de su detenci\u00f3n,<b> Lil Nas X hab\u00eda compartido en Instagram <\/b><a href=\"https:\/\/los40.com\/2025\/03\/10\/lil-nas-x-da-la-sorpresa-con-su-nuevo-estreno-y-su-promesa-de-algo-mas-grande-muy-pronto\/\" target=\"_blank\" rel=\"noreferrer nofollow noopener\" title=\"https:\/\/los40.com\/2025\/03\/10\/lil-nas-x-da-la-sorpresa-con-su-nuevo-estreno-y-su-promesa-de-algo-mas-grande-muy-pronto\/\"><b>una serie de im\u00e1genes que preocuparon a sus seguidores<\/b><\/a><b>.<\/b> La polic\u00eda lo traslad\u00f3 inicialmente a un hospital por una posible sobredosis, aunque su padre, Robert Stafford, neg\u00f3 que el incidente estuviera relacionado con drogas. \u201cTodos tenemos momentos de ruptura, pero cuando eres famoso, se viven en p\u00fablico\u201d, declar\u00f3 a The Times. \u201cEsperamos que esto sea un punto de inflexi\u00f3n en su estabilidad mental\u201d, a\u00f1adi\u00f3. <\/p>\n","protected":false},"excerpt":{"rendered":"Lil Nas X ten\u00eda previsto ayer, lunes 15 de septiembre de 2025, una audiencia preliminar ante el juez&hellip;\n","protected":false},"author":2,"featured_media":118656,"comment_status":"","ping_status":"","sticky":false,"template":"","format":"standard","meta":{"footnotes":""},"categories":[170],"tags":[1765,146,147,25,24,184,185,23,1766],"class_list":{"0":"post-118655","1":"post","2":"type-post","3":"status-publish","4":"format-standard","5":"has-post-thumbnail","7":"category-musica","8":"tag-bestof","9":"tag-entertainment","10":"tag-entretenimiento","11":"tag-es","12":"tag-espana","13":"tag-music","14":"tag-musica","15":"tag-spain","16":"tag-topix"},"share_on_mastodon":{"url":"","error":""},"_links":{"self":[{"href":"https:\/\/www.europesays.com\/es\/wp-json\/wp\/v2\/posts\/118655","targetHints":{"allow":["GET"]}}],"collection":[{"href":"https:\/\/www.europesays.com\/es\/wp-json\/wp\/v2\/posts"}],"about":[{"href":"https:\/\/www.europesays.com\/es\/wp-json\/wp\/v2\/types\/post"}],"author":[{"embeddable":true,"href":"https:\/\/www.europesays.com\/es\/wp-json\/wp\/v2\/users\/2"}],"replies":[{"embeddable":true,"href":"https:\/\/www.europesays.com\/es\/wp-json\/wp\/v2\/comments?post=118655"}],"version-history":[{"count":0,"href":"https:\/\/www.europesays.com\/es\/wp-json\/wp\/v2\/posts\/118655\/revisions"}],"wp:featuredmedia":[{"embeddable":true,"href":"https:\/\/www.europesays.com\/es\/wp-json\/wp\/v2\/media\/118656"}],"wp:attachment":[{"href":"https:\/\/www.europesays.com\/es\/wp-json\/wp\/v2\/media?parent=118655"}],"wp:term":[{"taxonomy":"category","embeddable":true,"href":"https:\/\/www.europesays.com\/es\/wp-json\/wp\/v2\/categories?post=118655"},{"taxonomy":"post_tag","embeddable":true,"href":"https:\/\/www.europesays.com\/es\/wp-json\/wp\/v2\/tags?post=118655"}],"curies":[{"name":"wp","href":"https:\/\/api.w.org\/{rel}","templated":true}]}}