{"id":118659,"date":"2025-09-16T11:39:08","date_gmt":"2025-09-16T11:39:08","guid":{"rendered":"https:\/\/www.europesays.com\/es\/118659\/"},"modified":"2025-09-16T11:39:08","modified_gmt":"2025-09-16T11:39:08","slug":"israel-comete-genocidio-en-gaza-afirma-comision-investigadora-de-la-onu","status":"publish","type":"post","link":"https:\/\/www.europesays.com\/es\/118659\/","title":{"rendered":"Israel comete genocidio en Gaza, afirma comisi\u00f3n investigadora de la ONU"},"content":{"rendered":"<p><img fetchpriority=\"high\" decoding=\"async\" src=\"https:\/\/www.europesays.com\/es\/wp-content\/uploads\/2025\/09\/a97249e0-9294-11f0-84c8-99de564f0440.jpg.webp.webp\"   alt=\"Fotograf\u00eda de archivo que muestra a la madre del adolescente palestino Khaled al-Shinbari sosteniendo sus zapatos durante su funeral en el hospital al-Shifa, en la ciudad de Gaza (28 de agosto de 2025).\" loading=\"eager\" width=\"2000\" height=\"1125\" style=\"aspect-ratio:2000 \/ 1125\" class=\"bbc-139onq\"\/><\/p>\n<p class=\"bbc-by8ykd\" role=\"text\">Fuente de la imagen, Reuters<\/p>\n<p>Pie de foto, La madre de un adolescente palestino asesinado por fuego israel\u00ed llora durante su funeral en un hospital de la ciudad de Gaza en agosto.<strong id=\"article-byline\" aria-hidden=\"true\" class=\"bbc-m04vo2\">Informaci\u00f3n del art\u00edculo<\/strong><\/p>\n<ul class=\"bbc-1rvtlej\">\n<li class=\"bbc-oe8da4\">\n<ul role=\"list\" class=\"bbc-r1yif8\">\n<li>Autor, David Gritten<\/li>\n<li>T\u00edtulo del autor,  BBC News<\/li>\n<\/ul>\n<\/li>\n<li class=\"bbc-1clfxfc\">\n<p>1 hora<\/p>\n<\/li>\n<li class=\"bbc-1clfxfc\"\/><\/ul>\n<p dir=\"ltr\" class=\"bbc-hhl7in e17g058b0\"><b>Una comisi\u00f3n de investigaci\u00f3n de Naciones Unidas concluy\u00f3 que Israel est\u00e1 cometiendo genocidio contra los palestinos en Gaza.<\/b><\/p>\n<p dir=\"ltr\" class=\"bbc-hhl7in e17g058b0\">El informe de la Comisi\u00f3n Internacional Independiente de Investigaci\u00f3n sobre el Territorio Palestino Ocupado indica que existen motivos razonables para concluir que cuatro de los cinco actos genocidas definidos por el derecho internacional se han llevado a cabo desde el inicio de la guerra contra Ham\u00e1s en 2023.<\/p>\n<p dir=\"ltr\" class=\"bbc-hhl7in e17g058b0\">Estos actos son: matar a miembros de un grupo, causarles graves da\u00f1os f\u00edsicos y mentales, infligir deliberadamente condiciones destinadas a destruir al grupo e impedir nacimientos.<\/p>\n<p dir=\"ltr\" class=\"bbc-hhl7in e17g058b0\">Como prueba de la intenci\u00f3n de actos genocidas, el informe cita declaraciones de l\u00edderes israel\u00edes, incuido el primer ministro Benjamin Netanyahu, y el patr\u00f3n de conducta de las fuerzas armadas israel\u00edes.<\/p>\n<p dir=\"ltr\" class=\"bbc-hhl7in e17g058b0\">El an\u00e1lisis jur\u00eddico de 72 p\u00e1ginas de la comisi\u00f3n de la ONU cita ejemplos que incluyen la escala de asesinatos, bloqueos a la ayuda, el desplazamiento forzado y la destrucci\u00f3n de una cl\u00ednica de fertilidad, lo que apoya los hallazgos de grupos de derechos humanos y otros organismos que han llegado a la misma conclusi\u00f3n.<\/p>\n<p dir=\"ltr\" class=\"bbc-hhl7in e17g058b0\">\u00abSe est\u00e1 produciendo un genocidio en Gaza\u00bb, declar\u00f3 la presidenta de la comisi\u00f3n Navi Pillay, quien fue jefa de derechos humanos de la ONU y presidenta del tribunal internacional sobre el genocidio de Ruanda.<\/p>\n<p dir=\"ltr\" class=\"bbc-hhl7in e17g058b0\">\u00abLa responsabilidad de estos cr\u00edmenes atroces recae en las m\u00e1s altas esferas de las autoridades israel\u00edes, que han orquestado una campa\u00f1a genocida durante casi dos a\u00f1os con la intenci\u00f3n espec\u00edfica de destruir al grupo palestino en Gaza\u00bb, agreg\u00f3.<\/p>\n<p dir=\"ltr\" class=\"bbc-hhl7in e17g058b0\">El Ministerio de Asuntos Exteriores de Israel rechaz\u00f3 categ\u00f3ricamente el informe, calific\u00e1ndolo de \u00abdistorsionado y falso\u00bb.<\/p>\n<p dir=\"ltr\" class=\"bbc-hhl7in e17g058b0\">Un portavoz acus\u00f3 a la comisi\u00f3n de actuar como \u00abrepresentante de Ham\u00e1s\u00bb y de basarse \u00abtotalmente en falsedades de Ham\u00e1s\u00bb que ya hab\u00edan sido \u00abcompletamente desmentidas\u00bb.<\/p>\n<p><img decoding=\"async\" src=\"https:\/\/www.europesays.com\/es\/wp-content\/uploads\/2025\/09\/1d5c0e40-9295-11f0-b391-6936825093bd.jpg.webp.webp\"   alt=\"Tras un ataque israel\u00ed, palestinos desplazados huyen del norte de Gaza, en el centro de la Franja de Gaza (14 de septiembre de 2025)\" loading=\"lazy\" width=\"2000\" height=\"1125\" style=\"aspect-ratio:2000 \/ 1125\" class=\"bbc-139onq\"\/><\/p>\n<p class=\"bbc-by8ykd\" role=\"text\">Fuente de la imagen, Reuters<\/p>\n<p>Pie de foto, El ej\u00e9rcito israel\u00ed ha ordenado a cientos de miles de palestinos que evacuen la ciudad de Gaza antes de una ofensiva terrestre para conquistarla.<\/p>\n<p dir=\"ltr\" class=\"bbc-hhl7in e17g058b0\">El ej\u00e9rcito israel\u00ed lanz\u00f3 una campa\u00f1a en Gaza en respuesta al ataque sin precedentes liderado por Ham\u00e1s contra el sur de Israel el 7 de octubre de 2023, en el que, seg\u00fan las autoridades israel\u00edes, murieron unas 1.200 personas y 251 fueron tomadas como rehenes<\/p>\n<p dir=\"ltr\" class=\"bbc-hhl7in e17g058b0\">Al menos 64.905 personas han muerto en ataques israel\u00edes en Gaza desde entonces, seg\u00fan el Ministerio de Salud del territorio.<\/p>\n<p dir=\"ltr\" class=\"bbc-hhl7in e17g058b0\">La mayor parte de la poblaci\u00f3n tambi\u00e9n ha sido desplazada repetidamente; se estima que m\u00e1s del 90% de las viviendas han resultado da\u00f1adas o destruidas; los sistemas de salud, agua, saneamiento e higiene han colapsado; y expertos en seguridad alimentaria respaldados por la ONU han declarado una hambruna en la ciudad de Gaza.<\/p>\n<p dir=\"ltr\" class=\"bbc-hhl7in e17g058b0\">La Comisi\u00f3n Internacional Independiente de Investigaci\u00f3n sobre el Territorio Palestino Ocupado fue establecida por el Consejo de Derechos Humanos de la ONU en 2021 para investigar todas las presuntas violaciones del derecho internacional humanitario y de los derechos humanos.<\/p>\n<p>La \u00abintenci\u00f3n de destruir\u00bb<\/p>\n<p dir=\"ltr\" class=\"bbc-hhl7in e17g058b0\">La Convenci\u00f3n de la ONU sobre el Genocidio de 1948, adoptada tras el asesinato en masa de jud\u00edos por la Alemania nazi, define el genocidio como cr\u00edmenes cometidos \u00abcon la intenci\u00f3n de destruir, total o parcialmente, a un grupo nacional, \u00e9tnico, racial o religioso, como tal\u00bb.<\/p>\n<p dir=\"ltr\" class=\"bbc-hhl7in e17g058b0\">Para que se considere genocidio, debe haberse cometido al menos uno de cinco actos.<\/p>\n<p dir=\"ltr\" class=\"bbc-hhl7in e17g058b0\">El informe de la comisi\u00f3n alega que las autoridades y las fuerzas israel\u00edes han cometido cuatro de esos cinco actos de genocidio contra los palestinos en Gaza:<\/p>\n<ul class=\"bbc-1lxq1jn\" role=\"list\">\n<li role=\"listitem\" class=\"bbc-1maxgwy\"><b>Matar a miembros del grupo <\/b>mediante ataques a objetos protegidos; Ataques contra civiles y otras personas protegidas; y la imposici\u00f3n deliberada de condiciones que causan muertes.<\/li>\n<\/ul>\n<ul class=\"bbc-1lxq1jn\" role=\"list\">\n<li role=\"listitem\" class=\"bbc-1maxgwy\"><b>Causar graves da\u00f1os f\u00edsicos o mentales<\/b> <b>a miembros del grupo<\/b> mediante ataques directos contra civiles y bienes protegidos; maltrato severo a detenidos; desplazamiento forzado; y destrucci\u00f3n del medio ambiente.<\/li>\n<\/ul>\n<ul class=\"bbc-1lxq1jn\" role=\"list\">\n<li role=\"listitem\" class=\"bbc-1maxgwy\"><b>Imponer deliberadamente condiciones de vida calculadas para provocar la destrucci\u00f3n total o parcial del grupo <\/b>mediante la destrucci\u00f3n de estructuras y tierras esenciales para los palestinos; destrucci\u00f3n y negaci\u00f3n del acceso a servicios m\u00e9dicos; desplazamiento forzado; impedir que la ayuda esencial, el agua, la electricidad y el combustible lleguen a los palestinos; violencia reproductiva; y condiciones espec\u00edficas que afectan a los ni\u00f1os.<\/li>\n<\/ul>\n<ul class=\"bbc-1lxq1jn\" role=\"list\">\n<li role=\"listitem\" class=\"bbc-1maxgwy\"><b>Imponer medidas destinadas a impedir nacimientos<\/b> mediante el ataque de diciembre de 2023 contra la mayor cl\u00ednica de fertilidad de Gaza, que, seg\u00fan se informa, destruy\u00f3 alrededor de 4.000 embriones, 1.000 muestras de esperma y \u00f3vulos no fecundados.<\/li>\n<\/ul>\n<p dir=\"ltr\" class=\"bbc-hhl7in e17g058b0\">La Convenci\u00f3n sobre el Genocidio indica que para cumplir con la definici\u00f3n legal de genocidio, tambi\u00e9n debe establecerse que el autor cometi\u00f3 cualquiera de esos actos con la intenci\u00f3n espec\u00edfica de destruir al grupo, total o parcialmente.<\/p>\n<p dir=\"ltr\" class=\"bbc-hhl7in e17g058b0\">La comisi\u00f3n afirma haber analizado las declaraciones de los l\u00edderes israel\u00edes y alega que el presidente Isaac Herzog, el primer ministro Benjamin Netanyahu y el exministro de Defensa Yoav Gallant \u00abhan incitado a la comisi\u00f3n de genocidio\u00bb.<\/p>\n<p dir=\"ltr\" class=\"bbc-hhl7in e17g058b0\">Tambi\u00e9n afirma que \u00abla intenci\u00f3n genocida fue la \u00fanica inferencia razonable\u00bb que se pod\u00eda concluir del patr\u00f3n de conducta de las autoridades y las fuerzas de seguridad israel\u00edes en Gaza.<\/p>\n<p dir=\"ltr\" class=\"bbc-hhl7in e17g058b0\">La comisi\u00f3n a\u00f1ade que el patr\u00f3n de conducta incluye matar intencionalmente y causar graves da\u00f1os a un n\u00famero sin precedentes de palestinos utilizando munici\u00f3n pesada; ataques sistem\u00e1ticos y generalizados contra lugares religiosos, culturales y educativos; e imponer un asedio a Gaza y provocar hambruna a su poblaci\u00f3n.<\/p>\n<p dir=\"ltr\" class=\"bbc-hhl7in e17g058b0\">El gobierno de Israel insiste en que sus esfuerzos se dirigen \u00fanicamente a desmantelar las capacidades de Ham\u00e1s y no a la poblaci\u00f3n de Gaza. Afirma que sus fuerzas operan de conformidad con el derecho internacional y toman todas las medidas posibles para mitigar los da\u00f1os a la poblaci\u00f3n civil.<\/p>\n<p><img decoding=\"async\" src=\"https:\/\/www.europesays.com\/es\/wp-content\/uploads\/2025\/09\/05cb93d0-92e1-11f0-b391-6936825093bd.jpg.webp.webp\"   alt=\"Palestinos en bicicleta pasan frente al Centro de FIV Al-Basma, da\u00f1ado por la guerra, en la ciudad de Gaza, al norte de Gaza.\" loading=\"lazy\" width=\"976\" height=\"549\" style=\"aspect-ratio:976 \/ 549\" class=\"bbc-139onq\"\/><\/p>\n<p class=\"bbc-by8ykd\" role=\"text\">Fuente de la imagen, Reuters<\/p>\n<p>Pie de foto, La comisi\u00f3n de investigaci\u00f3n alega que las fuerzas israel\u00edes atacaron intencionalmente la mayor cl\u00ednica de fertilidad de Gaza.<\/p>\n<p dir=\"ltr\" class=\"bbc-hhl7in e17g058b0\">\u00abDesde el 7 de octubre de 2023, el primer ministro Netanyahu prometi\u00f3 infligir lo que dijo ser\u00eda una &#8216;venganza poderosa&#8217; contra &#8216;todos los lugares donde Ham\u00e1s est\u00e1 desplegado, se esconde y opera en esa ciudad malvada; los reduciremos a escombros'\u00bb, declar\u00f3 Pillay en una entrevista con la BBC.<\/p>\n<p dir=\"ltr\" class=\"bbc-hhl7in e17g058b0\">\u00abSu uso de la frase &#8216;ciudad malvada&#8217; en la misma declaraci\u00f3n implicaba que consideraba responsable a toda la ciudad de Gaza y como un blanco de venganza. Y les dijo a los palestinos que &#8216;se fueran ahora porque operaremos con fuerza en todas partes'\u00bb.<\/p>\n<p dir=\"ltr\" class=\"bbc-hhl7in e17g058b0\">La comisi\u00f3n cit\u00f3 al exministro de Defensa israel\u00ed, Yoav Gallant, quien declar\u00f3 d\u00edas despu\u00e9s del 7 de octubre de 2023 que Israel estaba \u00abcombatiendo animales humanos, y actuaremos como corresponde\u00bb. El presidente Herzog, por su parte, declar\u00f3 que \u00abtoda una naci\u00f3n es responsable\u00bb.<\/p>\n<p dir=\"ltr\" class=\"bbc-hhl7in e17g058b0\">Pillay agreg\u00f3: \u00abNos llev\u00f3 dos a\u00f1os recopilar todas las acciones y llevar a cabo hallazgos basados en hechos, verificar si eso hab\u00eda sucedido&#8230; Solo los hechos te pueden guiar.  Y solo puedes amparar (esos hechos) bajo la Convenci\u00f3n sobre el Genocidio si los actos se cometieron con esa intenci\u00f3n\u00bb.<\/p>\n<p dir=\"ltr\" class=\"bbc-hhl7in e17g058b0\">La comisi\u00f3n afirma que los actos de los l\u00edderes pol\u00edticos y militares israel\u00edes son \u00abatribuibles al Estado de Israel\u00bb y que, por lo tanto, este \u00abes responsable de no haber prevenido el genocidio y la comisi\u00f3n de genocidio, y de no haber castigado el genocidio\u00bb.<\/p>\n<p dir=\"ltr\" class=\"bbc-hhl7in e17g058b0\">Tambi\u00e9n advierte que todos los dem\u00e1s pa\u00edses tienen la obligaci\u00f3n inmediata, en virtud de la Convenci\u00f3n sobre el Genocidio, de \u00abprevenir y castigar el delito de genocidio\u00bb, empleando todas las medidas a su alcance. De no hacerlo, se\u00f1ala, podr\u00edan ser c\u00f3mplices.<\/p>\n<p dir=\"ltr\" class=\"bbc-hhl7in e17g058b0\">\u00abNo hemos llegado al extremo de se\u00f1alar a las partes como co-conspiradoras o c\u00f3mplices del genocidio. Pero ese es el trabajo continuo de esta comisi\u00f3n. Se llevar\u00e1 a cabo\u00bb, declar\u00f3 Pillay.<\/p>\n<p dir=\"ltr\" class=\"bbc-hhl7in e17g058b0\">Varias organizaciones internacionales e israel\u00edes de derechos humanos, expertos independientes de la ONU y acad\u00e9micos tambi\u00e9n han acusado a Israel de genocidio contra los palestinos en Gaza.<\/p>\n<p dir=\"ltr\" class=\"bbc-hhl7in e17g058b0\">Mientras tanto, la Corte Internacional de Justicia (CIJ) est\u00e1 viendo un caso presentado por Sud\u00e1frica que acusa a las fuerzas israel\u00edes de genocidio. Israel ha calificado el caso de \u00abtotalmente infundado\u00bb y basado en \u00abafirmaciones tendenciosas y falsas\u00bb.<\/p>\n<p><img decoding=\"async\" src=\"https:\/\/www.europesays.com\/es\/wp-content\/uploads\/2025\/09\/75a79820-92e1-11f0-84c8-99de564f0440.png.webp.webp\"   alt=\"line\" loading=\"lazy\" width=\"800\" height=\"100\" style=\"aspect-ratio:800 \/ 100\" class=\"bbc-139onq\"\/><\/p>\n<p dir=\"ltr\" class=\"bbc-hhl7in e17g058b0\"><a href=\"https:\/\/www.bbc.com\/mundo\/send\/u184973209\" class=\"focusIndicatorReducedWidth bbc-n8oauk e1p3sufg0\" rel=\"nofollow noopener\" target=\"_blank\">Suscr\u00edbete aqu\u00ed<\/a> a nuestro nuevo newsletter para recibir cada viernes una selecci\u00f3n del mejor contenido de la semana.<\/p>\n<p dir=\"ltr\" class=\"bbc-hhl7in e17g058b0\">Y recuerda que puedes recibir notificaciones en nuestra app. Descarga la \u00faltima versi\u00f3n y act\u00edvalas.<\/p>\n","protected":false},"excerpt":{"rendered":"Fuente de la imagen, Reuters Pie de foto, La madre de un adolescente palestino asesinado por fuego israel\u00ed&hellip;\n","protected":false},"author":2,"featured_media":118660,"comment_status":"","ping_status":"","sticky":false,"template":"","format":"standard","meta":{"footnotes":""},"categories":[42],"tags":[17,18,13,14,11,61,62,63,64,19,20,9,10,15,16,12,21,22,65,66,67],"class_list":{"0":"post-118659","1":"post","2":"type-post","3":"status-publish","4":"format-standard","5":"has-post-thumbnail","7":"category-internacional","8":"tag-breaking-news","9":"tag-breakingnews","10":"tag-featured-news","11":"tag-featurednews","12":"tag-headlines","13":"tag-internacional","14":"tag-international","15":"tag-international-news","16":"tag-internationalnews","17":"tag-latest-news","18":"tag-latestnews","19":"tag-news","20":"tag-noticias","21":"tag-noticias-destacadas","22":"tag-noticiasdestacadas","23":"tag-titulares","24":"tag-ultimas-noticias","25":"tag-ultimasnoticias","26":"tag-world","27":"tag-world-news","28":"tag-worldnews"},"share_on_mastodon":{"url":"","error":""},"_links":{"self":[{"href":"https:\/\/www.europesays.com\/es\/wp-json\/wp\/v2\/posts\/118659","targetHints":{"allow":["GET"]}}],"collection":[{"href":"https:\/\/www.europesays.com\/es\/wp-json\/wp\/v2\/posts"}],"about":[{"href":"https:\/\/www.europesays.com\/es\/wp-json\/wp\/v2\/types\/post"}],"author":[{"embeddable":true,"href":"https:\/\/www.europesays.com\/es\/wp-json\/wp\/v2\/users\/2"}],"replies":[{"embeddable":true,"href":"https:\/\/www.europesays.com\/es\/wp-json\/wp\/v2\/comments?post=118659"}],"version-history":[{"count":0,"href":"https:\/\/www.europesays.com\/es\/wp-json\/wp\/v2\/posts\/118659\/revisions"}],"wp:featuredmedia":[{"embeddable":true,"href":"https:\/\/www.europesays.com\/es\/wp-json\/wp\/v2\/media\/118660"}],"wp:attachment":[{"href":"https:\/\/www.europesays.com\/es\/wp-json\/wp\/v2\/media?parent=118659"}],"wp:term":[{"taxonomy":"category","embeddable":true,"href":"https:\/\/www.europesays.com\/es\/wp-json\/wp\/v2\/categories?post=118659"},{"taxonomy":"post_tag","embeddable":true,"href":"https:\/\/www.europesays.com\/es\/wp-json\/wp\/v2\/tags?post=118659"}],"curies":[{"name":"wp","href":"https:\/\/api.w.org\/{rel}","templated":true}]}}