{"id":118667,"date":"2025-09-16T11:47:10","date_gmt":"2025-09-16T11:47:10","guid":{"rendered":"https:\/\/www.europesays.com\/es\/118667\/"},"modified":"2025-09-16T11:47:10","modified_gmt":"2025-09-16T11:47:10","slug":"alberto-de-monaco-evacuado-de-la-vuelta-ciclista-de-espana-tras-las-protestas","status":"publish","type":"post","link":"https:\/\/www.europesays.com\/es\/118667\/","title":{"rendered":"Alberto de M\u00f3naco, evacuado de la Vuelta Ciclista de Espa\u00f1a tras las protestas"},"content":{"rendered":"<p><img decoding=\"async\" class=\"voc-author__img\" src=\"https:\/\/www.europesays.com\/es\/wp-content\/uploads\/2025\/08\/autor-6797-foto-1.png\" alt=\"Daniella Bejarano\"\/><\/p>\n<p class=\"voc-p\" style=\"\"><a href=\"https:\/\/www.abc.es\/gente\/confesion-alberto-monaco-peor-momento-mujer-princesa-20240613091739-nt.html\" target=\"_self\" data-voc-vtm-id=\"in-text-traffic\" title=\"Alberto de M\u00f3naco\" data-mrf-link=\"www.abc.es\" rel=\"nofollow noopener\">Alberto de M\u00f3naco<\/a> (66 a\u00f1os) se convirti\u00f3 en uno de los protagonistas del ca\u00f3tico final de la <a href=\"https:\/\/www.abc.es\/deportes\/ciclismo\/etapa-vuelta-espana-directo-resultado-ganador-ultima-20250914101742-di.html\" target=\"_self\" data-voc-vtm-id=\"in-text-traffic\" title=\"Vuelta Ciclista a Espa\u00f1a\" data-mrf-link=\"www.abc.es\" rel=\"nofollow noopener\">Vuelta Ciclista a Espa\u00f1a<\/a>. \u00bfEl motivo? El Pr\u00edncipe tuvo que ser evacuado debido a las multitudinarias protestas que obligaron a suspender la etapa final de la competici\u00f3n. <\/p>\n<p class=\"voc-p\" style=\"\">La presencia del hijo de Rainiero III y Grace Kelly en la capital estaba vinculada a un momento hist\u00f3rico para la carrera: dentro de un a\u00f1o, la Vuelta dar\u00e1 el pistoletazo de salida en el Principado. Para ello, Alberto hab\u00eda aceptado el gesto simb\u00f3lico de recibir la bandera que marca la continuidad de la competici\u00f3n. El plan, seg\u00fan confirmaron fuentes cercanas a la organizaci\u00f3n, era que se desplazara en un veh\u00edculo oficial hasta la zona del podio en Cibeles y participara en la entrega de trofeos. Nada de esto pudo cumplirse.<\/p>\n<p class=\"voc-p\" style=\"\">Las manifestaciones convocadas en el centro de la ciudad, que ya ven\u00edan repiti\u00e9ndose a lo largo del recorrido de la ronda espa\u00f1ola, alcanzaron su punto \u00e1lgido en los alrededores del Paseo del Prado y Atocha, donde miles de personas colapsaron las calles. A pesar del enorme despliegue policial \u2014m\u00e1s de 2.500 efectivos entre agentes de la Polic\u00eda Nacional, Guardia Civil y antidisturbios\u2014 no fue posible mantener la seguridad del evento. El protocolo orden\u00f3 entonces trasladar al Pr\u00edncipe monegasco a un lugar seguro antes de que se desatara una mayor tensi\u00f3n.<\/p>\n<p class=\"voc-p\" style=\"\">Las c\u00e1maras de &#8216;TVE&#8217; captaron la \u00fanica imagen del soberano  en esos instantes: vestido de manera sobria, con traje azul marino, gorra y gafas de sol, caminaba r\u00e1pido junto a sus escoltas mientras abandonaba la plaza de Cibeles, donde ya resultaba imposible garantizar la normalidad del acto. Una imagen ins\u00f3lita que marc\u00f3 el desenlace de una<strong> jornada hist\u00f3rica<\/strong> por motivos muy distintos a los previstos.<\/p>\n<blockquote class=\"twitter-tweet\">\n<p lang=\"ro\" dir=\"ltr\">The kings of the sprint were greeted by real royalty today \ud83d\ude0d Welcome Albert II, Prince of Monaco<\/p>\n<p>\ud83d\udc51\ud83c\uddf2\ud83c\udde8 El Pr\u00edncipe Alberto de M\u00f3naco se acerca a saludar a los reyes del sprint de <a href=\"https:\/\/twitter.com\/hashtag\/LaVuelta25?src=hash&amp;ref_src=twsrc%5Etfw\" rel=\"nofollow noopener\" target=\"_blank\">#LaVuelta25<\/a> <a href=\"https:\/\/t.co\/iVOV2047b5\" rel=\"nofollow\">pic.twitter.com\/iVOV2047b5<\/a><\/p>\n<p>\u2014 La Vuelta (@lavuelta) <a href=\"https:\/\/twitter.com\/lavuelta\/status\/1959204126384083434?ref_src=twsrc%5Etfw\" rel=\"nofollow noopener\" target=\"_blank\">August 23, 2025<\/a><\/p><\/blockquote>\n<p class=\"voc-p\" style=\"\">Lo cierto es que la edici\u00f3n 2025 de la Vuelta, que comenz\u00f3 en Tur\u00edn el pasado 23 de agosto, deb\u00eda cerrar con la entrega de trofeos y la ceremonia de relevo con M\u00f3naco. Ese momento simb\u00f3lico se perdi\u00f3, pero el calendario ya est\u00e1 marcado: el 22 de agosto de 2026, los ciclistas disputar\u00e1n en Montecarlo una contrarreloj por el m\u00edtico circuito del Gran Premio de F\u00f3rmula 1, y al d\u00eda siguiente partir\u00e1n desde el Palacio Grimaldi. Con ello, el Principado entrar\u00e1 en la historia del ciclismo al ser el \u00fanico pa\u00eds en acoger la salida de las tres grandes vueltas.<\/p>\n<p class=\"voc-p\" style=\"\">Apasionado del deporte, Alberto de M\u00f3naco suele acudir a grandes competiciones internacionales. Ha sido habitual verle en la F\u00f3rmula 1, en Wimbledon o en el Masters de Montecarlo, y en esta ocasi\u00f3n buscaba dar su respaldo a una cita deportiva que forma parte de la \u00e9lite mundial. Su paso por Madrid, sin embargo, ser\u00e1 recordado como una visita marcada por la <strong>tensi\u00f3n <\/strong>y la<strong> cancelaci\u00f3n<\/strong> de una de las etapas m\u00e1s esperadas por los aficionados.<\/p>\n<p>Reportar un error<\/p>\n<p><script async src=\"https:\/\/platform.twitter.com\/widgets.js\" charset=\"utf-8\"><\/script><\/p>\n","protected":false},"excerpt":{"rendered":"Alberto de M\u00f3naco (66 a\u00f1os) se convirti\u00f3 en uno de los protagonistas del ca\u00f3tico final de la Vuelta&hellip;\n","protected":false},"author":2,"featured_media":118668,"comment_status":"","ping_status":"","sticky":false,"template":"","format":"standard","meta":{"footnotes":""},"categories":[273],"tags":[9125,313,1757,312,168,25,24,29747,5095,2315,23,167,575,1357],"class_list":{"0":"post-118667","1":"post","2":"type-post","3":"status-publish","4":"format-standard","5":"has-post-thumbnail","7":"category-ciclismo","8":"tag-alberto","9":"tag-ciclismo","10":"tag-ciclista","11":"tag-cycling","12":"tag-deportes","13":"tag-es","14":"tag-espana","15":"tag-evacuado","16":"tag-monaco","17":"tag-protestas","18":"tag-spain","19":"tag-sports","20":"tag-tras","21":"tag-vuelta"},"share_on_mastodon":{"url":"","error":""},"_links":{"self":[{"href":"https:\/\/www.europesays.com\/es\/wp-json\/wp\/v2\/posts\/118667","targetHints":{"allow":["GET"]}}],"collection":[{"href":"https:\/\/www.europesays.com\/es\/wp-json\/wp\/v2\/posts"}],"about":[{"href":"https:\/\/www.europesays.com\/es\/wp-json\/wp\/v2\/types\/post"}],"author":[{"embeddable":true,"href":"https:\/\/www.europesays.com\/es\/wp-json\/wp\/v2\/users\/2"}],"replies":[{"embeddable":true,"href":"https:\/\/www.europesays.com\/es\/wp-json\/wp\/v2\/comments?post=118667"}],"version-history":[{"count":0,"href":"https:\/\/www.europesays.com\/es\/wp-json\/wp\/v2\/posts\/118667\/revisions"}],"wp:featuredmedia":[{"embeddable":true,"href":"https:\/\/www.europesays.com\/es\/wp-json\/wp\/v2\/media\/118668"}],"wp:attachment":[{"href":"https:\/\/www.europesays.com\/es\/wp-json\/wp\/v2\/media?parent=118667"}],"wp:term":[{"taxonomy":"category","embeddable":true,"href":"https:\/\/www.europesays.com\/es\/wp-json\/wp\/v2\/categories?post=118667"},{"taxonomy":"post_tag","embeddable":true,"href":"https:\/\/www.europesays.com\/es\/wp-json\/wp\/v2\/tags?post=118667"}],"curies":[{"name":"wp","href":"https:\/\/api.w.org\/{rel}","templated":true}]}}