{"id":118679,"date":"2025-09-16T11:53:15","date_gmt":"2025-09-16T11:53:15","guid":{"rendered":"https:\/\/www.europesays.com\/es\/118679\/"},"modified":"2025-09-16T11:53:15","modified_gmt":"2025-09-16T11:53:15","slug":"hay-libros-de-genios-y-diamantes-ocultos-bajo-el-suelo","status":"publish","type":"post","link":"https:\/\/www.europesays.com\/es\/118679\/","title":{"rendered":"\u201cHay libros de genios y diamantes ocultos bajo el suelo\u201d"},"content":{"rendered":"<p>                                <img decoding=\"async\" width=\"900\" height=\"600\" src=\"https:\/\/www.europesays.com\/es\/wp-content\/uploads\/2025\/09\/pedro-luis-azcuy-foto-1.jpg\" class=\"img-responsive wp-post-image\" alt=\"\" loading=\"lazy\"  \/>                                <\/p>\n<p>Pedro Luis Azcuy Flores (La Habana 1984), es ganador de varios premios literarios en su Cuba natal<\/p>\n<p class=\"western\" lang=\"es-ES\" align=\"justify\">Graduado en telecomunicaciones y, adem\u00e1s, poeta y editor, este escritor cubano conversa con los lectores de La Esquina de Padura sobre su quehacer literario y su libro premiado que, seg\u00fan el jurado \u2014integrado por David Mart\u00ednez Balsa, Alejandro \u00c1lvarez Bernal y Ernesto P\u00e9rez Castillo\u2014 alcanz\u00f3 ese reconocimiento por el sostenido balance logrado en la calidad literaria de cada una de sus historias y porque esos relatos intentan contar a otro plural y diverso.<\/p>\n<p class=\"western\" lang=\"es-ES\" align=\"justify\"><b>Marilyn Bobes (MB): \u00bfCu\u00e1les son los temas y los recursos estil\u00edsticos utilizados de tu libro ganador del Premio David?<\/b><\/p>\n<p class=\"western\" lang=\"es-ES\" align=\"justify\"><b>Pedro Luis Azcuy (PLA):<\/b> Leaving La Habana es un libro que fue armado a pedacitos, de modo inconsciente en gran medida. Empec\u00e9 en esto de la literatura no tan temprano, por decirlo de alg\u00fan modo, y en lo que aprend\u00eda a traducir con cierta dignidad lo que llevo dentro, nacieron textos que luego not\u00e9 ten\u00edan coherencia interna pues formaban parte de una historia mayor.<\/p>\n<p class=\"western\" lang=\"es-ES\" align=\"justify\">Clasifico el conjunto como una novela narrada en cuentos, o un cuentario novelado. Un h\u00edbrido ensay\u00edstico que da seguimiento a una etapa en la vida de Leo (uno de mis alters) que en la b\u00fasqueda de su identidad en medio de este delirio habanero, transita de estibador del puerto bananero a intelectual solitario en barrio marginal (tr\u00e1nsito por dem\u00e1s vital en la progresi\u00f3n tem\u00e1tico-estil\u00edstica del conjunto) y deja su impronta como fil\u00f3sofo, poeta, polit\u00f3logo, estadista, m\u00edstico, cr\u00edtico de arte, maestro de meditaci\u00f3n budista y algunas otras cosas. Aprendiz de todo y maestro de nada, representando lo que en buen cubano se llama: un inflador.<\/p>\n<blockquote>\n<p class=\"western\" lang=\"es-ES\">Vivo observando, sin perder por ning\u00fan motivo mi capacidad de asombro, con la consciencia de que cada d\u00eda todo es nuevo\u201d.<\/p>\n<\/blockquote>\n<p class=\"western\" lang=\"es-ES\" align=\"justify\">Testigo y v\u00edctima del choque entre la alta cultura y la marginalidad, Leo se abre paso entre tem\u00e1ticas y escenarios variopintos (con sus variopintos lenguajes) revelando un yo que quiere iluminarse sin renegar del todo. Vive el desarrollo de un ecosistema donde todo lleva sabor a tr\u00e1mite: trabajo, viajes, sexo, desarraigo, e intenta universalizar las vivencias del cubano de a pie, como met\u00e1fora de la lucha espiritual del hombre. La ciudad, la m\u00fasica (con reguet\u00f3n de fondo), el deporte, la migraci\u00f3n como \u00fanica salida en el inconsciente colectivo, el transporte, la soledad, la prostituci\u00f3n, la marginalidad y las drogas, las diferencia de clase en la Cuba actual y otras contextualizaciones, son hilos conductores que se potencian en conjunto y forman parte de un telar narrativo que aspira a dejar su marca en la lengua cubana popular contempor\u00e1nea.<\/p>\n<p class=\"western\" lang=\"es-ES\" align=\"justify\"><b>(MB): \u00bfPor qu\u00e9 escribir literatura en un mundo donde cada d\u00eda se lee menos?<\/b><\/p>\n<p class=\"western\" lang=\"es-ES\" align=\"justify\"><b>(PLA):<\/b> Supongo que, en mi caso, ser de la d\u00e9cada de los 80 y haber digerido todo ese cine de acci\u00f3n barata que te sugiere desarrollar el tipo duro de matar que llevas dentro, adem\u00e1s de no ser nativo digital, desempe\u00f1en un papel fundamental en el modo en que proyecto ser escritor. Supongo que hay cierto morbo en esa heroicidad, cierto goce un poco eg\u00f3latra (si se vale ser sincero a fondo) en eso de sentirme un escriba a lo old school que reniega de ver pel\u00edculas o series, creyendo que seguramente ser\u00e1n muy parecidas a otra antes vistas; que lo dicho influya tambi\u00e9n en eso de sentirme gregario cultural incansable en este mundo donde cada d\u00eda la mayor\u00eda no es que lea menos, sino que lee mal, terrible, debido al masivo divagar en la ligereza de Internet; o sentirme escriba pur\u00edsimo que, de tener una m\u00e1quina del tiempo, sin vacilar, regresar\u00eda a los siglos en que se escrib\u00eda con pluma de ganso y todo ese rollo un tanto m\u00e1s sublime\u2026 En fin, la infinidad estampada en rollos.<\/p>\n<p><img decoding=\"async\" loading=\"lazy\" class=\"wp-image-76127 size-ips-720x480\" src=\"https:\/\/www.europesays.com\/es\/wp-content\/uploads\/2025\/09\/foto-3-JLB-720x480.jpg\" alt=\"\" width=\"720\" height=\"480\"  \/>Sesg\u00fan confes\u00f3 el autor, suele vivir con intensidad el presente. (Foto: Jorge Luis Ba\u00f1os\/ IPS Cuba)<\/p>\n<p class=\"western\" lang=\"es-ES\" align=\"justify\"><b>(MB): \u00bfQu\u00e9 opinas de la narrativa que actualmente se escribe en Cuba?<\/b><\/p>\n<p class=\"western\" lang=\"es-ES\" align=\"justify\"><b>(PLA):<\/b> Esa es una pregunta un tanto dura. Si algo he aprendido a ra\u00edz de mi paso por esta aldea (que en muchos aspectos ha de ser parecida a otras muchas aldeas letradas) es a guardar silencio en pos de la objetividad. Nadie puede leerlo todo como para hablar de \u201cla narrativa que actualmente se escribe en Cuba\u201d; siempre es algo desde una visi\u00f3n personal, segmentada. Tras observar c\u00f3mo llegan los procesos art\u00edsticos a su exposici\u00f3n (cosa que a la postre me hizo apegarme m\u00e1s al proceso de escritura, a mi juicio uno de los m\u00e1s puros) sabes que lo que llega a tu consumo es algo que tuvo que pasar por varias peripecias para concretarse, d\u00edgase: ganar concursos, clasificar en alg\u00fan plan editorial y otras por el estilo, donde la destreza de cada artista para, como se dice en buen cubano, echar palante su arte, juega un papel tan importante como la propia destreza para parirlo en s\u00ed. Entonces, siendo objetivo, pese a tener un criterio en base a una cantidad no peque\u00f1a de literatura actual cubana que he le\u00eddo, no me atrevo a hablar de eso como algo que abarque la realidad del tema. Me gusta pensar que hay libros de genios y diamantes ocultos bajo el suelo tal vez a cada paso que uno da. No s\u00e9 si me hice entender.<\/p>\n<p class=\"western\" lang=\"es-ES\" align=\"justify\"><b>(MB): \u00bfCu\u00e1les son tus referentes literarios nacionales e internacionales?<\/b><\/p>\n<p class=\"western\" lang=\"es-ES\" align=\"justify\"><b>(PLA):<\/b> Esa es otra pregunta un tanto dura, pero de grata respuesta. Tengo buena memoria y, a veces, descubro en mis frases la semilla que sembr\u00f3 aquel autor cuyo texto me cautiv\u00f3 hace unos a\u00f1os\u2026 y me digo: por Dios, esto es el arte. Y bajo esa premisa, puedo calcular con quienes m\u00e1s me sucede en las cosas que he escrito, y debo decir que prevalece una curiosa mezcla entre Bukowki, Saramago y Herman Heese como referentes en el plano internacional. Y del patio, decir que me sucede algo muy particular con los autores que m\u00e1s me han influenciado, pues estos han sido, sin duda alguna, mis maestros de literatura en cada una de mis etapas. Y este hecho trasciende la calidad harto demostrada por ellos en la literatura contempor\u00e1nea de la isla, pues va atada al hecho de haber compartido mucha vida con cada uno de ellos, y descifrar el balance entre lo vivido y lo escrito, entre lo dicho y lo callado, entre lo sucedido y lo trastocado, entre la \u00e9tica de narrar versus la \u00e9tica de vivir, y ese tipo de an\u00e1lisis ha sido de lo m\u00e1s nutritivo y literario que he podido encontrar como referente. Imagino la vida de modo que cada quien es una serie de libros que podr\u00edan escribir quienes le rodean, y a eso es lo que llamo literatura sin fin. Y es la que m\u00e1s me ense\u00f1a.<\/p>\n<p class=\"western\" lang=\"es-ES\" align=\"justify\"><b>(MB): \u00bfQu\u00e9 significa para un autor in\u00e9dito obtener el Premio David?<\/b><\/p>\n<p class=\"western\" lang=\"es-ES\" align=\"justify\"><b>(PLA):<\/b> Suelo vivir con intensidad el presente y, ganarme el David, premio que huelga decir se me hizo el duro, se sinti\u00f3 cabr\u00f3n (como dir\u00eda cualquier reguetonero), pues lo disfrut\u00e9 como si hubiera ganado el mism\u00edsimo premio Nobel. S\u00f3lo faltaron algunos detalles como la Sala de conciertos en Estocolmo, el mill\u00f3n de d\u00f3lares, o qu\u00e9 se yo, bober\u00edas\u2026 La alegr\u00eda de un instante nos hace flotar a todos por igual sin importar el escenario. Lo dem\u00e1s es cuesti\u00f3n de ego.<\/p>\n<p><img decoding=\"async\" loading=\"lazy\" class=\"wp-image-76125 size-ips-720x480\" src=\"https:\/\/www.europesays.com\/es\/wp-content\/uploads\/2025\/09\/foto-2-JLB-720x480.jpg\" alt=\"\" width=\"720\" height=\"480\"  \/>Leaving La Habana es un libro que fue armado a pedacitos, de modo inconsciente en gran medida, relat\u00f3 el autor. (Foto: Jorge Luis Ba\u00f1os\/ IPS Cuba)<\/p>\n<p class=\"western\" lang=\"es-ES\" align=\"justify\"><b>(MB): \u00bfQu\u00e9 opinas del libro digital? \u00bfLo prefieres al impreso?<\/b><\/p>\n<p class=\"western\" lang=\"es-ES\" align=\"justify\"><b>(PLA): <\/b>Es innegable que el libro digital puede garantizarte un n\u00famero de viajes a tus letras que sobrepasa los l\u00edmites de la imaginaci\u00f3n, y tambi\u00e9n que el libro en f\u00edsico a\u00fan conserva su viejo swing, incluyendo la firma de aut\u00f3grafos en d\u00edas de presentaci\u00f3n, la sensaci\u00f3n de regalo fino y ese olor del papel\u2026 En realidad prefiero ambos, y de ese modo tener m\u00e1s chance de que ocurra el milagro de ser le\u00eddo.<\/p>\n<p class=\"western\" lang=\"es-ES\" align=\"justify\"><b>(MB): \u00bfC\u00f3mo definir\u00edas a Pedro Luis Azcuy Flores?<\/b><\/p>\n<p class=\"western\" lang=\"es-ES\" align=\"justify\"><b>(PLA): <\/b>Pedro Luis Azcuy Flores es alguien que asumo desde el cambio. Evito eso de andarme diciendo: \u00abyo soy esto\u00bb, \u00abyo soy aquello\u00bb de un modo radical ya que a la postre eso termina haciendo de la vida algo m\u00e1s recio, inm\u00f3vil. Siguiendo esa premisa budista de que lo \u00fanico que no cambia es que todo est\u00e1 en constante cambio he aprendido a lidiar (y a disfrutar) con el medio tan variado que me rodea. Me observo constantemente como si se tratara de un extra\u00f1o, siempre de modo autocr\u00edtico para seguir mejorando como humano, pero sin perder la compasi\u00f3n conmigo, pues tambi\u00e9n cometo errores. Varios amigos suelen decir que soy alguien demasiado ecl\u00e9ctico, con varias contradicciones. S\u00e9 que es cierto, y me gusta por dem\u00e1s darle rienda suelta a eso, que todo logre reconciliarse y fluir de un modo entretenido. As\u00ed conviven en m\u00ed muchas actitudes (que a la postre se convierten en personajes) y me trasladan de escenario en escenario. Vivo observando, sin perder por ning\u00fan motivo mi capacidad de asombro, con la consciencia de que cada d\u00eda todo es nuevo. Estoy bastante en paz con mi cuerpo y mi mente e intento esparcir eso por donde quiera que voy, sabiendo que los otros tambi\u00e9n est\u00e1n en sus procesos de cambio, y eso funciona como remedio santo contra rencores\u2026 y el ostracismo. (2025)<\/p>\n","protected":false},"excerpt":{"rendered":"Pedro Luis Azcuy Flores (La Habana 1984), es ganador de varios premios literarios en su Cuba natal Graduado&hellip;\n","protected":false},"author":2,"featured_media":118680,"comment_status":"","ping_status":"","sticky":false,"template":"","format":"standard","meta":{"footnotes":""},"categories":[172],"tags":[224,146,147,25,24,225,671,23],"class_list":{"0":"post-118679","1":"post","2":"type-post","3":"status-publish","4":"format-standard","5":"has-post-thumbnail","7":"category-libros","8":"tag-books","9":"tag-entertainment","10":"tag-entretenimiento","11":"tag-es","12":"tag-espana","13":"tag-libros","14":"tag-literatura","15":"tag-spain"},"share_on_mastodon":{"url":"","error":""},"_links":{"self":[{"href":"https:\/\/www.europesays.com\/es\/wp-json\/wp\/v2\/posts\/118679","targetHints":{"allow":["GET"]}}],"collection":[{"href":"https:\/\/www.europesays.com\/es\/wp-json\/wp\/v2\/posts"}],"about":[{"href":"https:\/\/www.europesays.com\/es\/wp-json\/wp\/v2\/types\/post"}],"author":[{"embeddable":true,"href":"https:\/\/www.europesays.com\/es\/wp-json\/wp\/v2\/users\/2"}],"replies":[{"embeddable":true,"href":"https:\/\/www.europesays.com\/es\/wp-json\/wp\/v2\/comments?post=118679"}],"version-history":[{"count":0,"href":"https:\/\/www.europesays.com\/es\/wp-json\/wp\/v2\/posts\/118679\/revisions"}],"wp:featuredmedia":[{"embeddable":true,"href":"https:\/\/www.europesays.com\/es\/wp-json\/wp\/v2\/media\/118680"}],"wp:attachment":[{"href":"https:\/\/www.europesays.com\/es\/wp-json\/wp\/v2\/media?parent=118679"}],"wp:term":[{"taxonomy":"category","embeddable":true,"href":"https:\/\/www.europesays.com\/es\/wp-json\/wp\/v2\/categories?post=118679"},{"taxonomy":"post_tag","embeddable":true,"href":"https:\/\/www.europesays.com\/es\/wp-json\/wp\/v2\/tags?post=118679"}],"curies":[{"name":"wp","href":"https:\/\/api.w.org\/{rel}","templated":true}]}}