{"id":118687,"date":"2025-09-16T11:59:09","date_gmt":"2025-09-16T11:59:09","guid":{"rendered":"https:\/\/www.europesays.com\/es\/118687\/"},"modified":"2025-09-16T11:59:09","modified_gmt":"2025-09-16T11:59:09","slug":"pedro-ruiz-va-al-cine-a-ver-el-cautivo-y-sentencia-la-nueva-pelicula-de-amenabar-sobre-cervantes-la-sala-estaba-llena","status":"publish","type":"post","link":"https:\/\/www.europesays.com\/es\/118687\/","title":{"rendered":"Pedro Ruiz va al cine a ver &#8216;El cautivo&#8217; y sentencia la nueva pel\u00edcula de Amen\u00e1bar sobre Cervantes: \u00abLa sala estaba llena\u00bb"},"content":{"rendered":"<p><img decoding=\"async\" class=\"voc-author__img\" src=\"https:\/\/www.europesays.com\/es\/wp-content\/uploads\/2025\/08\/autor-5052-foto-4.png\" alt=\"Mar\u00eda Albert\"\/><\/p>\n<p class=\"voc-p\" style=\"\">Casi seis a\u00f1os despu\u00e9s del estreno de su \u00faltima pel\u00edcula, &#8216;Mientras dure la guerra&#8217; (2019), <strong>Alejandro Amen\u00e1bar<\/strong> regresa a los cines con uno de sus proyectos m\u00e1s ambiciosos como director, <strong>&#8216;El cautivo&#8217;<\/strong>. En ella, narra la historia del prol\u00edfico escritor <strong>Miguel de Cervantes<\/strong> durante su cautiverio de cinco a\u00f1os en Argel, un argumento en el que se entremezclan <a href=\"https:\/\/www.abc.es\/historia\/cervantes-historia-real-personajes-cautivo-amenabar-cuenta-20250913165924-nt_amp.html\" title=\"www.abc.es\" data-voc-vtm-id=\"in-text-traffic\" data-mrf-link=\"www.abc.es\" rel=\"nofollow noopener\" target=\"_blank\">historias reales<\/a> y ficci\u00f3n a partes iguales y con el que no ha hecho m\u00e1s que <a href=\"https:\/\/www.abc.es\/play\/cine\/noticias\/escritor-novela-historica-cine-ver-cautivo-opina-20250915163346-nt.html\" title=\"www.abc.es\" data-voc-vtm-id=\"in-text-traffic\" data-mrf-link=\"www.abc.es\" rel=\"nofollow noopener\" target=\"_blank\">crear expectaci\u00f3n<\/a> en los \u00faltimos meses.<\/p>\n<p class=\"voc-p\" style=\"\">El cineasta madrile\u00f1o eligi\u00f3 al jovenc\u00edsimo <strong>Julio Pe\u00f1a<\/strong>, conocido por la exitosa saga de Netflix <a href=\"https:\/\/www.abc.es\/play\/cine\/noticias\/vida-personal-julio-pena-cervantes-cautivo-amenabar-20250913150000-nt.html\" title=\"www.abc.es\" data-voc-vtm-id=\"in-text-traffic\" data-mrf-link=\"www.abc.es\" rel=\"nofollow noopener\" target=\"_blank\">&#8216;A trav\u00e9s de mi ventana&#8217;<\/a>, para <a href=\"https:\/\/www.abc.es\/bienestar\/alimentacion\/experta-nutricion-detras-transformacion-fisica-cautivo-julio-20250915132238-nt.html\" title=\"www.abc.es\" data-voc-vtm-id=\"in-text-traffic\" data-mrf-link=\"www.abc.es\" rel=\"nofollow noopener\" target=\"_blank\">ponerse en la piel<\/a> del autor de <strong>&#8216;El Quijote&#8217;<\/strong> para <a href=\"https:\/\/www.abc.es\/espana\/comunidad-valenciana\/rodo-cautivo-lugares-comunidad-valenciana-amenabar-llevo-20250914170637-nt.html\" title=\"www.abc.es\" data-voc-vtm-id=\"in-text-traffic\" data-mrf-link=\"www.abc.es\" rel=\"nofollow noopener\" target=\"_blank\">esta aventura<\/a>. Junto a \u00e9l, un elenco en el que destacan actores tan conocidos de nuestro cine como Fernando Tejero, Roberto \u00c1lamo, Jos\u00e9 Manuel Poga o Miguel Rell\u00e1n, as\u00ed como el italiano Alessandro Borghi.<\/p>\n<p class=\"voc-p\" style=\"\">Los hechos se desarrollan en el a\u00f1o 1575, cuando el escritor, que por entonces era un joven soldado de 28 a\u00f1os, es <strong>capturado en alta mar por corsarios \u00e1rabes<\/strong> y retenido en la capital argelina. All\u00ed, consciente de que le espera una cruel muerte si su familia no paga pronto su rescate, Miguel encontrar\u00e1 refugio en su pasi\u00f3n por contar historias. Durante ese tiempo, el escritor llama la atenci\u00f3n de <strong>Has\u00e1n Baj\u00e1, el gobernante de Argel<\/strong>, con el que forja un <strong>estrecho v\u00ednculo<\/strong>.<\/p>\n<p>\nLa opini\u00f3n de Pedro Ruiz sobre &#8216;El cautivo&#8217;, la nueva pel\u00edcula de Amen\u00e1bar sobre Cervantes\n<\/p>\n<p class=\"voc-p\" style=\"\">Desde que se estrenara el pasado viernes, son muchos los espa\u00f1oles que se han acercado hasta los cines para disfrutar de este megaproyecto. De hecho, su llegada a las carteleras ha supuesto todo un impacto para la <strong>taquilla espa\u00f1ola<\/strong> en los \u00faltimos d\u00edas: en su primer fin de semana en los cines, la pel\u00edcula ya ha conseguido posicionarse como el segundo mejor estreno espa\u00f1ol del 2025, superando los <strong>1,1 millones de recaudaci\u00f3n<\/strong>.<\/p>\n<p class=\"voc-p\" style=\"\">Uno de los aficionados al s\u00e9ptimo arte que aprovech\u00f3 la ocasi\u00f3n fue el presentador de televisi\u00f3n <strong>Pedro Ruiz<\/strong>. El catal\u00e1n, un habitual de la cartelera de nuestro pa\u00eds, suele aprovechar para dar su opini\u00f3n sobre algunas de las cintas del momento en sus redes sociales y con <strong>&#8216;El cautivo&#8217;<\/strong> no ha sido menos. As\u00ed, el actor barcelon\u00e9s, que ha admitido ser amante de las pel\u00edculas del cineasta madrile\u00f1o, ha querido dar su visi\u00f3n m\u00e1s personal tras acudir a ver la pel\u00edcula sobre Cervantes.<\/p>\n<p class=\"voc-p\" style=\"\">\u00ab<strong>Me gusta mucho el cine de Amen\u00e1bar. Tiene hondura, maestr\u00eda y pulso<\/strong>\u00bb, ha comenzado diciendo en su cuenta de X (antes Twitter), dejando clara su afici\u00f3n por los proyectos comandados por el ganador de un Oscar por &#8216;Mar adentro&#8217;.<\/p>\n<p class=\"voc-p\" style=\"\">Ruiz aprovech\u00f3 el fin de semana para acudir al cine y se sorprendi\u00f3 con lo que encontr\u00f3: \u00ab<strong>Ayer fui a ver &#8216;El cautivo&#8217;. Sala llena. Gran esfuerzo y resultado menor<\/strong>\u00bb, ha sentenciado el int\u00e9rprete.<\/p>\n<blockquote class=\"twitter-tweet\">\n<p lang=\"es\" dir=\"ltr\">Me gusta mucho el cine de Amenabar. Tiene hondura, maestr\u00eda y pulso. Ayer fui a ver EL CAUTIVO. Sala llena. Gran esfuerzo y resultado menor.<\/p>\n<p>\u2014 Pedro Ruiz (@ElPedroRuiz) <a href=\"https:\/\/twitter.com\/ElPedroRuiz\/status\/1967287547899605104?ref_src=twsrc%5Etfw\" rel=\"nofollow noopener\" target=\"_blank\">September 14, 2025<\/a><\/p><\/blockquote>\n<p>\nPol\u00e9mica por la supuesta homosexualidad de Cervantes en &#8216;El Cautivo&#8217;\n<\/p>\n<p class=\"voc-p\" style=\"\">Aunque Pedro Ruiz no hace referencia a esto en su cr\u00edtica, lo cierto es que la pel\u00edcula de Amen\u00e1bar ha generado <strong>mucha controversia<\/strong> en estas \u00faltimas semanas, incluso antes de su estreno. El director madrile\u00f1o aborda en este proyecto una cuesti\u00f3n sin mucha respuesta: los <strong>rumores sobre la homosexualidad de Miguel de Cervantes<\/strong>, algo que nunca se ha confirmado oficialmente, pero de lo que s\u00ed existen algunas teor\u00edas.<\/p>\n<p class=\"voc-p\" style=\"\">Las m\u00e1s sonadas parten de las acusaciones del dominico <a href=\"https:\/\/www.abc.es\/historia\/cervantes-historia-real-personajes-cautivo-amenabar-cuenta-20250913165924-nt.html\" data-voc-vtm-id=\"in-text-traffic\" title=\"Blanco de Paz\" rel=\"nofollow noopener\" target=\"_blank\">Blanco de Paz<\/a>, tambi\u00e9n cautivo en Argel y enfrentado a Cervantes, al que Fernando Tejero da vida en la cinta. Este hombre, que delat\u00f3 a los espa\u00f1oles durante sus numerosos intentos de huida, le acus\u00f3 de haber mantenido <strong>\u00abtrato y familiaridad\u00bb con los turcos<\/strong> y de realizar <strong>\u00abcosas viciosas, feas y deshonestas\u00bb<\/strong>, algo que en aquel momento \u00absolo pod\u00eda aludir a la homosexualidad\u00bb, en palabras del propio director.<\/p>\n<p class=\"voc-p\" style=\"\">En torno a estas hip\u00f3tesis y la posible <a href=\"https:\/\/www.abc.es\/opinion\/juan-manuel-de-prada-era-cervantes-homosexual-20250913192721-nt.html\" data-voc-vtm-id=\"in-text-traffic\" title=\"relaci\u00f3n entre el autor de &#039;El Quijote&#039; y el Baj\u00e1\" rel=\"nofollow noopener\" target=\"_blank\">relaci\u00f3n entre el autor de &#8216;El Quijote&#8217; y el Baj\u00e1<\/a> gira la trama que plantea Amen\u00e1bar en &#8216;El cautivo&#8217;, algo que no ha gustado a algunos sectores m\u00e1s conservadores. Son muchos los que, desde entonces, han tratado de boicotear el estreno al considerar que no se le debe dar voz a una <strong>incomprobada tendencia sexual<\/strong>.<\/p>\n<p class=\"voc-p\" style=\"\">A\u00fan as\u00ed, <strong>Jos\u00e9 Manuel Luc\u00eda Meg\u00edas<\/strong>, catedr\u00e1tico de Filolog\u00eda Rom\u00e1nica de la Universidad Complutense de Madrid y <a href=\"https:\/\/www.abc.es\/cultura\/hipotesis-cervantes-homosexual-peso-pruebas-20250910025900-nt.html\" data-voc-vtm-id=\"in-text-traffic\" title=\"asesor hist\u00f3rico de la pel\u00edcula\" rel=\"nofollow noopener\" target=\"_blank\">asesor hist\u00f3rico de la pel\u00edcula<\/a>, ha insistido en los \u00faltimos d\u00edas que no es una teor\u00eda descartable: \u00ab<strong>Los documentos que acreditan su homosexualidad no tienen ninguna validez cient\u00edfica<\/strong>, pero esto no significa que no pudiera tener relaciones homoer\u00f3ticas en Argel. <strong>Esto podr\u00eda demostrar por qu\u00e9 el rey Has\u00e1n Baj\u00e1 le perdon\u00f3 la vida<\/strong> tras cuatro intentos de fuga. Pero, yo no s\u00e9 si hizo un tr\u00edo o si particip\u00f3 en una org\u00eda, no s\u00e9 si en un momento dado se dio al onanismo, no puedo decir nada de esto, porque no tengo documentos para apoyarlo\u00bb, confes\u00f3 en una entrevista.<\/p>\n<p>Reportar un error<\/p>\n<p><script async src=\"https:\/\/platform.twitter.com\/widgets.js\" charset=\"utf-8\"><\/script><\/p>\n","protected":false},"excerpt":{"rendered":"Casi seis a\u00f1os despu\u00e9s del estreno de su \u00faltima pel\u00edcula, &#8216;Mientras dure la guerra&#8217; (2019), Alejandro Amen\u00e1bar regresa&hellip;\n","protected":false},"author":2,"featured_media":118688,"comment_status":"","ping_status":"","sticky":false,"template":"","format":"standard","meta":{"footnotes":""},"categories":[91],"tags":[15992,25326,36447,177,146,147,25,24,39454,2490,17332,1822,1257,5106,3932,57,23,809],"class_list":{"0":"post-118687","1":"post","2":"type-post","3":"status-publish","4":"format-standard","5":"has-post-thumbnail","7":"category-entretenimiento","8":"tag-amenabar","9":"tag-cautivo","10":"tag-cervantes","11":"tag-cine","12":"tag-entertainment","13":"tag-entretenimiento","14":"tag-es","15":"tag-espana","16":"tag-filtros","17":"tag-llena","18":"tag-opina","19":"tag-pedro","20":"tag-pelicula","21":"tag-ruiz","22":"tag-sala","23":"tag-sobre","24":"tag-spain","25":"tag-ver"},"share_on_mastodon":{"url":"","error":""},"_links":{"self":[{"href":"https:\/\/www.europesays.com\/es\/wp-json\/wp\/v2\/posts\/118687","targetHints":{"allow":["GET"]}}],"collection":[{"href":"https:\/\/www.europesays.com\/es\/wp-json\/wp\/v2\/posts"}],"about":[{"href":"https:\/\/www.europesays.com\/es\/wp-json\/wp\/v2\/types\/post"}],"author":[{"embeddable":true,"href":"https:\/\/www.europesays.com\/es\/wp-json\/wp\/v2\/users\/2"}],"replies":[{"embeddable":true,"href":"https:\/\/www.europesays.com\/es\/wp-json\/wp\/v2\/comments?post=118687"}],"version-history":[{"count":0,"href":"https:\/\/www.europesays.com\/es\/wp-json\/wp\/v2\/posts\/118687\/revisions"}],"wp:featuredmedia":[{"embeddable":true,"href":"https:\/\/www.europesays.com\/es\/wp-json\/wp\/v2\/media\/118688"}],"wp:attachment":[{"href":"https:\/\/www.europesays.com\/es\/wp-json\/wp\/v2\/media?parent=118687"}],"wp:term":[{"taxonomy":"category","embeddable":true,"href":"https:\/\/www.europesays.com\/es\/wp-json\/wp\/v2\/categories?post=118687"},{"taxonomy":"post_tag","embeddable":true,"href":"https:\/\/www.europesays.com\/es\/wp-json\/wp\/v2\/tags?post=118687"}],"curies":[{"name":"wp","href":"https:\/\/api.w.org\/{rel}","templated":true}]}}