{"id":118694,"date":"2025-09-16T12:03:10","date_gmt":"2025-09-16T12:03:10","guid":{"rendered":"https:\/\/www.europesays.com\/es\/118694\/"},"modified":"2025-09-16T12:03:10","modified_gmt":"2025-09-16T12:03:10","slug":"feijoo-desconcierta-a-sectores-del-pp-con-una-llamada-a-la-moderacion-en-plena-escalada-para-frenar-a-vox-espana","status":"publish","type":"post","link":"https:\/\/www.europesays.com\/es\/118694\/","title":{"rendered":"Feij\u00f3o desconcierta a sectores del PP con una llamada a la moderaci\u00f3n en plena escalada para frenar a Vox | Espa\u00f1a"},"content":{"rendered":"<p class=\"\"><a href=\"https:\/\/elpais.com\/espana\/2025-09-08\/vox-alcanza-su-mejor-resultado-desde-las-generales-y-deja-al-pp-en-su-peor-registro.html\" target=\"_self\" rel=\"nofollow noopener\" title=\"https:\/\/elpais.com\/espana\/2025-09-08\/vox-alcanza-su-mejor-resultado-desde-las-generales-y-deja-al-pp-en-su-peor-registro.html\">El auge de Vox sobrevol\u00f3 este lunes la reuni\u00f3n de la Junta Directiva Nacional del PP.<\/a> El m\u00e1ximo \u00f3rgano entre congresos del partido se dio cita en G\u00e9nova en un momento de nervios en el PP por el crecimiento de los ultras en las encuestas, mientras la izquierda tambi\u00e9n se est\u00e1 movilizando <a href=\"https:\/\/elpais.com\/espana\/2025-09-15\/las-protestas-propalestinas-durante-la-vuelta-recrudecen-la-crisis-con-israel.html\" target=\"_self\" rel=\"nofollow noopener\" title=\"https:\/\/elpais.com\/espana\/2025-09-15\/las-protestas-propalestinas-durante-la-vuelta-recrudecen-la-crisis-con-israel.html\">por la causa palestina y las protestas contra Israel<\/a> lograron el domingo suspender el final de la Vuelta a Espa\u00f1a. A primera hora de la ma\u00f1ana, antes de la reuni\u00f3n de la Junta, Alberto N\u00fa\u00f1ez Feij\u00f3o hab\u00eda acusado a Pedro S\u00e1nchez de \u201calentar actos de violencia\u201d por su apoyo a esas concentraciones, en un discurso de m\u00e1xima confrontaci\u00f3n con el presidente socialista. Sus palabras iban en la misma l\u00ednea del aumento de la escalada contra el Gobierno con la que ha arrancado el curso pol\u00edtico el PP, presionado por el auge de Vox. Por eso, el l\u00edder del PP sorprendi\u00f3 despu\u00e9s a algunos sectores del partido cuando, en su intervenci\u00f3n ante la plana mayor del PP, hizo una llamada a la moderaci\u00f3n frente a los extremos. \u201cOrden y contraorden es igual a desorden\u201d, advierten algunas voces de la Junta Directiva popular. <\/p>\n<p class=\"\">Despu\u00e9s de un arranque de ruido y furia, que tuvo su punto \u00e1lgido cuando Feij\u00f3o public\u00f3 en Instagram el <a href=\"https:\/\/elpais.com\/videos\/2025-09-07\/feijoo-aparece-cantando-en-un-video-en-el-que-utiliza-la-frase-me-gusta-la-fruta.html\" target=\"_self\" rel=\"nofollow noopener\" title=\"https:\/\/elpais.com\/videos\/2025-09-07\/feijoo-aparece-cantando-en-un-video-en-el-que-utiliza-la-frase-me-gusta-la-fruta.html\">\u201cme gusta la fruta\u201d<\/a> que Isabel D\u00edaz Ayuso invent\u00f3 para llamar \u201chijo de puta\u201d a Pedro S\u00e1nchez, este lunes el l\u00edder del PP pidi\u00f3 a los suyos bajar el sufl\u00e9. Feij\u00f3o responsabiliz\u00f3 al Gobierno de buscar la divisi\u00f3n en la ciudadan\u00eda y de convertir la pol\u00edtica espa\u00f1ola en un \u201cfoco de toxicidad\u201d. Y, frente a ello, reclam\u00f3 a los principales dirigentes del PP que contrapongan el \u201csentido com\u00fan\u201d. \u201cEl sentido com\u00fan no es indefinici\u00f3n ni indecisi\u00f3n. No lo es cuando el extremismo se apodera del pa\u00eds. El sentido com\u00fan es fortaleza\u201d, reflexion\u00f3 en su discurso en la Junta. \u201cLlevarlo todo al extremo siempre nos est\u00e1 desgarrando como naci\u00f3n. Desgarra la sociedad y puede tener consecuencias nefastas como hemos visto en otros lugares del mundo\u201d, razon\u00f3.<\/p>\n<p class=\"\">El mensaje, seg\u00fan lo entendieron muchos de los presentes, se traduc\u00eda en que el PP no debe \u201cperder el espacio del centro\u201d, pese a que es la direcci\u00f3n nacional la que ha endurecido el tono en las \u00faltimas semanas alej\u00e1ndose del centro. \u201cEl mensaje es que nosotros tenemos que ir a lo nuestro, sin mirar a Vox, y representar la sensatez y las posiciones equilibradas\u201d, interpreta un miembro de la junta. Sin embargo, esa apelaci\u00f3n provoc\u00f3 desconcierto en algunos sectores del partido, que lo encontraron \u201ccontradictorio\u201d con el aumento de la escalada y creen que provoca confusi\u00f3n entre los cuadros, que no saben a qu\u00e9 atenerse. <\/p>\n<p class=\"\">El PP se hab\u00eda desayunado este lunes con una nueva encuesta que dispara a los ultras. El sondeo publicado en Abc de Gad3, uno de los institutos demosc\u00f3picos m\u00e1s pr\u00f3ximos al PP, deja a los populares con los mismos 137 diputados que lograron en 2023 \u2015ni uno m\u00e1s, pese a todas las dificultades que rodean al Gobierno progresista\u2015 mientras escala a Vox hasta 60 esca\u00f1os, 27 m\u00e1s de los que tiene ahora. \u201cEs muy complicado no ponerte nervioso, la bronca beneficia a Vox porque recibe el voto del cabreo, y S\u00e1nchez lo alimenta porque entre ambos nos est\u00e1n haciendo una pinza\u201d, analiza un dirigente. <\/p>\n<p class=\"\">El resultado es una estrategia titubeante que a veces contenta a unos y a veces a los otros. Este lunes, las apelaciones a la moderaci\u00f3n de Feij\u00f3o cayeron bien en las baron\u00edas m\u00e1s moderadas. \u201cNo hay que perder el centro pol\u00edtico, ni dar bailes\u201d, se\u00f1alaba un l\u00edder territorial del PP tras escuchar a su jefe en la sede de G\u00e9nova, al mismo tiempo que manifestaba su \u201cpreocupaci\u00f3n\u201d por la subida de Vox en las encuestas. Y apelaba a no perder el rumbo en el discurso por los sondeos, adem\u00e1s de esperar con calma a que baj\u00e9 el sufl\u00e9 de los ultras, sin aspavientos. \u201cYo no soy partidario de los tonos altos ni de subir mucho el ruido\u201d, indica en esa l\u00ednea un presidente auton\u00f3mico. <\/p>\n<p class=\"\">El problema tambi\u00e9n para Feij\u00f3o es que en el PP conviven diferentes sensibilidades y est\u00e1 obligado a hacer una s\u00edntesis de todas ellas. Se vio este lunes, otra vez, con la masacre palestina. La presidenta de la Comunidad de Madrid, Isabel D\u00edaz Ayuso, describi\u00f3 las protestas propalestinas en Madrid del domingo como \u201cSarajevo en guerra\u201d. Mientras, el presidente de Andaluc\u00eda, Juan Manuel Moreno Bonilla, puso el acento en que la situaci\u00f3n en Gaza es \u201ccompletamente inaceptable\u201d. <\/p>\n<p class=\"\">Fuera de los micr\u00f3fonos, en su discurso a puerta cerrada, Feij\u00f3o pidi\u00f3 al PP \u201cno caer en distracciones\u201d ni \u201cen cortinas de humo\u201d, como el de la Vuelta a Espa\u00f1a. <\/p>\n","protected":false},"excerpt":{"rendered":"El auge de Vox sobrevol\u00f3 este lunes la reuni\u00f3n de la Junta Directiva Nacional del PP. El m\u00e1ximo&hellip;\n","protected":false},"author":2,"featured_media":118695,"comment_status":"","ping_status":"","sticky":false,"template":"","format":"standard","meta":{"footnotes":""},"categories":[8],"tags":[6069,17,18,25,24,13,14,11,74,19,20,9,10,15,16,2959,952,956,23,12,21,22,624,7603],"class_list":{"0":"post-118694","1":"post","2":"type-post","3":"status-publish","4":"format-standard","5":"has-post-thumbnail","7":"category-espana","8":"tag-alberto-nunez-feijoo","9":"tag-breaking-news","10":"tag-breakingnews","11":"tag-es","12":"tag-espana","13":"tag-featured-news","14":"tag-featurednews","15":"tag-headlines","16":"tag-israel","17":"tag-latest-news","18":"tag-latestnews","19":"tag-news","20":"tag-noticias","21":"tag-noticias-destacadas","22":"tag-noticiasdestacadas","23":"tag-pedro-sanchez","24":"tag-politica","25":"tag-pp","26":"tag-spain","27":"tag-titulares","28":"tag-ultimas-noticias","29":"tag-ultimasnoticias","30":"tag-vox","31":"tag-vuelta-espana"},"share_on_mastodon":{"url":"","error":""},"_links":{"self":[{"href":"https:\/\/www.europesays.com\/es\/wp-json\/wp\/v2\/posts\/118694","targetHints":{"allow":["GET"]}}],"collection":[{"href":"https:\/\/www.europesays.com\/es\/wp-json\/wp\/v2\/posts"}],"about":[{"href":"https:\/\/www.europesays.com\/es\/wp-json\/wp\/v2\/types\/post"}],"author":[{"embeddable":true,"href":"https:\/\/www.europesays.com\/es\/wp-json\/wp\/v2\/users\/2"}],"replies":[{"embeddable":true,"href":"https:\/\/www.europesays.com\/es\/wp-json\/wp\/v2\/comments?post=118694"}],"version-history":[{"count":0,"href":"https:\/\/www.europesays.com\/es\/wp-json\/wp\/v2\/posts\/118694\/revisions"}],"wp:featuredmedia":[{"embeddable":true,"href":"https:\/\/www.europesays.com\/es\/wp-json\/wp\/v2\/media\/118695"}],"wp:attachment":[{"href":"https:\/\/www.europesays.com\/es\/wp-json\/wp\/v2\/media?parent=118694"}],"wp:term":[{"taxonomy":"category","embeddable":true,"href":"https:\/\/www.europesays.com\/es\/wp-json\/wp\/v2\/categories?post=118694"},{"taxonomy":"post_tag","embeddable":true,"href":"https:\/\/www.europesays.com\/es\/wp-json\/wp\/v2\/tags?post=118694"}],"curies":[{"name":"wp","href":"https:\/\/api.w.org\/{rel}","templated":true}]}}