{"id":118712,"date":"2025-09-16T12:20:28","date_gmt":"2025-09-16T12:20:28","guid":{"rendered":"https:\/\/www.europesays.com\/es\/118712\/"},"modified":"2025-09-16T12:20:28","modified_gmt":"2025-09-16T12:20:28","slug":"annie-leibovitz-aterriza-en-a-coruna-con-wonderland-la-proxima-gran-exposicion-impulsada-por-marta-ortega","status":"publish","type":"post","link":"https:\/\/www.europesays.com\/es\/118712\/","title":{"rendered":"Annie Leibovitz aterriza en A Coru\u00f1a con \u2018Wonderland\u2019, la pr\u00f3xima gran exposici\u00f3n impulsada por Marta Ortega"},"content":{"rendered":"<p>\u201cLas cosas suceden delante de ti. Ese es, quiz\u00e1, el aspecto m\u00e1s maravilloso y misterioso de la fotograf\u00eda\u201d. <strong>Annie Leibovitz<\/strong> no necesita presentaci\u00f3n. Desde los retratos \u00edntimos de <strong>John Lennon<\/strong> hasta las producciones de moda m\u00e1s on\u00edricas para Vogue, su c\u00e1mara ha capturado el pulso de la cultura contempor\u00e1nea durante <strong>m\u00e1s de cinco d\u00e9cadas.<\/strong> Ahora, por primera vez en Espa\u00f1a, podremos adentrarnos en su universo creativo gracias a <strong>Wonderland,<\/strong> la gran retrospectiva que inaugurar\u00e1 la <strong>Fundaci\u00f3n Marta Ortega P\u00e9rez (Fundaci\u00f3n MOP)<\/strong> en <a href=\"https:\/\/www.traveler.es\/articulos\/a-coruna-galicia-que-hacer-que-ver-donde-comer\" rel=\"nofollow noopener\" target=\"_blank\"><strong>A Coru\u00f1a<\/strong><\/a> el pr\u00f3ximo <strong>22 de noviembre.<\/strong><\/p>\n<p>La muestra, abierta <strong>hasta el 1 de mayo de 2026,<\/strong> despliega todo el imaginario de la fot\u00f3grafa estadounidense: un espacio plagado de personajes notables e historias extraordinarias por donde, como describe <strong>Anna Wintour,<\/strong> \u201cAnnie parece viajar con la mirada asombrada de una extra\u00f1a\u2026 gui\u00e1ndonos por esos mundos que a todos nos encantar\u00eda visitar\u201d.<\/p>\n<p><strong><a data-offer-url=\"https:\/\/themopfoundation.org\/es\/exhibitions\/annie-leibovitz\" class=\"external-link\" data-event-click=\"{&quot;element&quot;:&quot;ExternalLink&quot;,&quot;outgoingURL&quot;:&quot;https:\/\/themopfoundation.org\/es\/exhibitions\/annie-leibovitz&quot;}\" href=\"https:\/\/themopfoundation.org\/es\/exhibitions\/annie-leibovitz\" rel=\"nofollow noopener\" target=\"_blank\">Wonderland<\/a><\/strong> arranca con los inicios de Leibovitz en la revista <strong>Rolling Stone,<\/strong> cuando se labr\u00f3 una excelente reputaci\u00f3n por sus retratos \u00edntimos de <strong><a href=\"https:\/\/www.traveler.es\/experiencias\/galerias\/bob-dylan-mapa-de-su-vida\/1624\" rel=\"nofollow noopener\" target=\"_blank\">Bob Dylan<\/a>, Grace Slick, <a href=\"https:\/\/www.traveler.es\/articulos\/imagine-el-himno-del-soft-rock-cumple-50-anos\" rel=\"nofollow noopener\" target=\"_blank\">John Lennon<\/a>, Mick Jagger o Keith Richards,<\/strong> y sigue con sus incursiones en el mundo del arte, el cine, la m\u00fasica, el deporte y la pol\u00edtica. El recorrido culmina con con una impresionante selecci\u00f3n de su <strong>fotograf\u00eda de moda,<\/strong> gran parte de la cual nunca se ha expuesto al p\u00fablico y que constituye el alma de la exposici\u00f3n.<\/p>\n<p>La fot\u00f3grafa estadounidense Annie Leibovitz en la National Portrait Gallery de Londres.Judith Burrows\/Getty Images<\/p>\n<p>Un mundo maravilloso<\/p>\n<p>Wonderland\u00a0se organiza en <strong>cuatro secciones.<\/strong> Comienza con una instalaci\u00f3n inmersiva del trabajo de Annie Leibovitz con los <strong>Rolling Stones.<\/strong> En 1975, <strong>Mick Jagger le pidi\u00f3 a Annie que fuera la fot\u00f3grafa de la gira de la banda<\/strong> y durante dos intensos meses, Annie dispar\u00f3 cientos de carretes.<\/p>\n<p>Le siguen <strong>Early Years y Stream of Consciousness,<\/strong> que recorren la evoluci\u00f3n de Annie Leibovitz, desvelando c\u00f3mo fue forjando sus <strong>c\u00f3digos visuales<\/strong> y consolidando una voz narrativa \u00fanica. En ellas conviven famosos retratos de escritores, int\u00e9rpretes y artistas visuales junto con im\u00e1genes de paisajes, interiores y objetos que revelan la amplitud de su mirada.<\/p>\n","protected":false},"excerpt":{"rendered":"\u201cLas cosas suceden delante de ti. Ese es, quiz\u00e1, el aspecto m\u00e1s maravilloso y misterioso de la fotograf\u00eda\u201d.&hellip;\n","protected":false},"author":2,"featured_media":118713,"comment_status":"","ping_status":"","sticky":false,"template":"","format":"standard","meta":{"footnotes":""},"categories":[173],"tags":[5843,517,229,233,231,230,232,234,146,147,25,24,244,1023,23],"class_list":{"0":"post-118712","1":"post","2":"type-post","3":"status-publish","4":"format-standard","5":"has-post-thumbnail","7":"category-arte-y-diseno","8":"tag-a-coruna","9":"tag-actualidad","10":"tag-arte","11":"tag-arte-y-diseno","12":"tag-arts","13":"tag-arts-and-design","14":"tag-design","15":"tag-diseno","16":"tag-entertainment","17":"tag-entretenimiento","18":"tag-es","19":"tag-espana","20":"tag-fotografia","21":"tag-moda","22":"tag-spain"},"share_on_mastodon":{"url":"","error":""},"_links":{"self":[{"href":"https:\/\/www.europesays.com\/es\/wp-json\/wp\/v2\/posts\/118712","targetHints":{"allow":["GET"]}}],"collection":[{"href":"https:\/\/www.europesays.com\/es\/wp-json\/wp\/v2\/posts"}],"about":[{"href":"https:\/\/www.europesays.com\/es\/wp-json\/wp\/v2\/types\/post"}],"author":[{"embeddable":true,"href":"https:\/\/www.europesays.com\/es\/wp-json\/wp\/v2\/users\/2"}],"replies":[{"embeddable":true,"href":"https:\/\/www.europesays.com\/es\/wp-json\/wp\/v2\/comments?post=118712"}],"version-history":[{"count":0,"href":"https:\/\/www.europesays.com\/es\/wp-json\/wp\/v2\/posts\/118712\/revisions"}],"wp:featuredmedia":[{"embeddable":true,"href":"https:\/\/www.europesays.com\/es\/wp-json\/wp\/v2\/media\/118713"}],"wp:attachment":[{"href":"https:\/\/www.europesays.com\/es\/wp-json\/wp\/v2\/media?parent=118712"}],"wp:term":[{"taxonomy":"category","embeddable":true,"href":"https:\/\/www.europesays.com\/es\/wp-json\/wp\/v2\/categories?post=118712"},{"taxonomy":"post_tag","embeddable":true,"href":"https:\/\/www.europesays.com\/es\/wp-json\/wp\/v2\/tags?post=118712"}],"curies":[{"name":"wp","href":"https:\/\/api.w.org\/{rel}","templated":true}]}}