{"id":118714,"date":"2025-09-16T12:21:09","date_gmt":"2025-09-16T12:21:09","guid":{"rendered":"https:\/\/www.europesays.com\/es\/118714\/"},"modified":"2025-09-16T12:21:09","modified_gmt":"2025-09-16T12:21:09","slug":"contar-la-vida-zenda","status":"publish","type":"post","link":"https:\/\/www.europesays.com\/es\/118714\/","title":{"rendered":"Contar la vida &#8211; Zenda"},"content":{"rendered":"<p>Imagen de portada: Retrato de Sophie Crouzet (Louis Hersent, The Cleveland Museum of Art)<\/p>\n<p><p>Nos aferramos a lo conocido, a la seguridad que nos ofrece la rutina y lo a\u00f1ejo. \u00bfPor qu\u00e9 ser\u00e1? <strong>Supongo que la creatividad constante puede resultar abrumadora<\/strong>. No tienen m\u00e1s que echar un vistazo a programas de televisi\u00f3n de m\u00e1xima audiencia, como <strong>El hormiguero<\/strong>: lleva tantos a\u00f1os con el mismo formato que su guion resulta completamente previsible, pero ni siquiera el hecho de que casi todos sus invitados sean repetidos le resta espectadores. En los \u00faltimos tiempos,<strong> La revuelta<\/strong> tambi\u00e9n mantiene id\u00e9ntico formato al que ten\u00eda a\u00f1os atr\u00e1s, cuando se vest\u00eda con otro nombre; en esta nueva temporada no se han molestado ni en limpiar la mesa de los regalos y cachivaches de la anterior, y el equipo de cara al p\u00fablico sigue mostr\u00e1ndose como una pandilla con chistes y humor propio a la que no le da la gana de madurar, pero ah, qu\u00e9 delicia que al menos en sus entrevistas den voz a quienes casi siempre guardan obligado silencio. Creatividad, frescura.<\/p>\n<\/p>\n<p><p>\u00abDicen que en esta vida, en este mundo, ya est\u00e1 todo escrito, que resulta imposible innovar\u00bb<\/p>\n<\/p>\n<p>\u00bfY los libros, que nos espera esta temporada? Desvelar terribles secretos familiares del pasado parec\u00eda m\u00e1s atractivo hace una d\u00e9cada, pero ahora la idea corre el peligro de generar bostezos ante un \u00abm\u00e1s de lo mismo\u00bb. Dicen que en esta vida, en este mundo, ya est\u00e1 todo escrito, que resulta imposible innovar. Me resulta insufrible este pesimismo: es muy probable que tengan raz\u00f3n pero, aunque vayamos a quemarnos, juguemos antes un poco con el fuego. Las formas lo son todo; no se trata de describir sin m\u00e1s la posible escena de una novela, sino de c\u00f3mo presentarla, y existen tantas formas como cerebros en el mundo. <strong>No me digan que no puede ser interesant\u00edsimo el hecho de que diferentes autores utilicen mismos escenarios<\/strong> y tramas de arranque para construir universos tan diferentes. A nivel particular, a m\u00ed no me disgusta la idea de que otros compa\u00f1eros emplacen sus historias donde yo he construido las m\u00edas: \u00bfqu\u00e9 mundos nuevos crear\u00e1n, qu\u00e9 senderos?<\/p>\n<p>Visualicemos el asunto con un ejemplo. Esta ma\u00f1ana, sentada en un banco de Madrid, vi pasar a un treinta\u00f1ero con un perro; iba seguido de una mujer de su edad, que cada poco rato y siguiendo sus indicaciones lo grababa en v\u00eddeo con su tel\u00e9fono m\u00f3vil. <strong>Verlos tan de cerca fue como asistir al teatro<\/strong>. \u00abEsta perrita, amigos \u2014dec\u00eda \u00e9l, se\u00f1alando su perra de aguas\u2014 es lo m\u00e1s amigable y cari\u00f1oso que existe; f\u00edjense en la nobleza de su mirada, en la elegancia de la curvatura del lomo\u00bb. Al instante, y al cruzarse un paseador de perros con ocho canes diminutos, la dulce perrita se transform\u00f3 en un drag\u00f3n de ocho cabezas, una para cada uno de los cong\u00e9neres que quer\u00eda desmembrar. \u00abCorta, corta\u00bb, orden\u00f3 el chico a su amiga, aunque en cuanto vio que la calle volv\u00eda a estar despejada continu\u00f3 alabando la dulzura de la que yo ya sab\u00eda que era una mezcla entre Belceb\u00fa y un lobo salvaje de las monta\u00f1as.<\/p>\n<p><p>\u00abLos mismos hechos pueden ser contados de forma tan diversa y personal que, por fortuna, hasta ah\u00ed no llegar\u00e1 jam\u00e1s la Inteligencia Artificial\u00bb<\/p>\n<\/p>\n<p>Cualquiera que quisiera novelar esta escena podr\u00eda hacerlo desde el lado c\u00f3mico, y el arranque podr\u00eda ser desde el punto de vista del muchacho, de la chica, de la perra, del paseador, de cualquiera de los ocho indefensos perritos o de un tercero; y podr\u00eda empezar por el final, por la mitad o por el arranque temporal lineal. <strong>\u00bfQu\u00e9 nos lleva a una elecci\u00f3n u otra? Ah, ah\u00ed est\u00e1 la gracia, nadie lo sabe<\/strong>. Cada loco con su tema. Pero es que esta historia tambi\u00e9n podr\u00eda enfocarse desde el punto de vista dram\u00e1tico y tr\u00e1gico (una pobre perrita maltratada y sin hogar a la que le buscan refugio) o el rom\u00e1ntico (la joven sabe que el chico es completamente idiota, pero lo mira embobada mientras \u00e9l miente con descaro a la c\u00e1mara) o el narrativo simple: hechos encadenados, sin m\u00e1s.<\/p>\n<p>Despu\u00e9s estar\u00eda el estilo, el lenguaje, el contexto (\u00bfqui\u00e9n era el muchacho? \u00bfPor qu\u00e9 y para qui\u00e9n grababa los v\u00eddeos? \u00bfY qui\u00e9n era ella, a la que no escuch\u00e9 ni una palabra?). En definitiva, los mismos hechos pueden ser contados de forma tan diversa y personal que, por fortuna, <strong>hasta ah\u00ed no llegar\u00e1 jam\u00e1s la Inteligencia Artificial<\/strong>. \u00bfPor qu\u00e9 lo s\u00e9? Porque al final cada cual cuenta las cosas seg\u00fan sus vivencias personal\u00edsimas y \u00fanicas, y por eso contar la vida de los otros y escribir es tan especial: porque al final nos desvelamos a nosotros mismos.<\/p>\n<p>\t\t\t\t\t\t\t4.7\/5\t\t\t\t\t\t\t<\/p>\n<p>\t\t\t\t\t\t\t(35 Puntuaciones. Valora este art\u00edculo, por favor)\n\t\t\t\t\t\t<\/p>\n","protected":false},"excerpt":{"rendered":"Imagen de portada: Retrato de Sophie Crouzet (Louis Hersent, The Cleveland Museum of Art) Nos aferramos a lo&hellip;\n","protected":false},"author":2,"featured_media":118715,"comment_status":"","ping_status":"","sticky":false,"template":"","format":"standard","meta":{"footnotes":""},"categories":[172],"tags":[224,146,147,25,24,225,23],"class_list":{"0":"post-118714","1":"post","2":"type-post","3":"status-publish","4":"format-standard","5":"has-post-thumbnail","7":"category-libros","8":"tag-books","9":"tag-entertainment","10":"tag-entretenimiento","11":"tag-es","12":"tag-espana","13":"tag-libros","14":"tag-spain"},"share_on_mastodon":{"url":"","error":""},"_links":{"self":[{"href":"https:\/\/www.europesays.com\/es\/wp-json\/wp\/v2\/posts\/118714","targetHints":{"allow":["GET"]}}],"collection":[{"href":"https:\/\/www.europesays.com\/es\/wp-json\/wp\/v2\/posts"}],"about":[{"href":"https:\/\/www.europesays.com\/es\/wp-json\/wp\/v2\/types\/post"}],"author":[{"embeddable":true,"href":"https:\/\/www.europesays.com\/es\/wp-json\/wp\/v2\/users\/2"}],"replies":[{"embeddable":true,"href":"https:\/\/www.europesays.com\/es\/wp-json\/wp\/v2\/comments?post=118714"}],"version-history":[{"count":0,"href":"https:\/\/www.europesays.com\/es\/wp-json\/wp\/v2\/posts\/118714\/revisions"}],"wp:featuredmedia":[{"embeddable":true,"href":"https:\/\/www.europesays.com\/es\/wp-json\/wp\/v2\/media\/118715"}],"wp:attachment":[{"href":"https:\/\/www.europesays.com\/es\/wp-json\/wp\/v2\/media?parent=118714"}],"wp:term":[{"taxonomy":"category","embeddable":true,"href":"https:\/\/www.europesays.com\/es\/wp-json\/wp\/v2\/categories?post=118714"},{"taxonomy":"post_tag","embeddable":true,"href":"https:\/\/www.europesays.com\/es\/wp-json\/wp\/v2\/tags?post=118714"}],"curies":[{"name":"wp","href":"https:\/\/api.w.org\/{rel}","templated":true}]}}