{"id":118716,"date":"2025-09-16T12:22:06","date_gmt":"2025-09-16T12:22:06","guid":{"rendered":"https:\/\/www.europesays.com\/es\/118716\/"},"modified":"2025-09-16T12:22:06","modified_gmt":"2025-09-16T12:22:06","slug":"todo-lo-que-no-grabaron-las-camaras-de-la-gala-0-de-ot-2025","status":"publish","type":"post","link":"https:\/\/www.europesays.com\/es\/118716\/","title":{"rendered":"todo lo que no grabaron las c\u00e1maras de la Gala 0 de &#8216;OT 2025&#8217;"},"content":{"rendered":"<p class=\"c-paragraph\">Tras dos a\u00f1os de espera \u2014perfectos para dejar descansar al formato\u2014, este lunes regresaron a <a href=\"https:\/\/www.20minutos.es\/tags\/temas\/amazon-prime-video.html\" title=\"Amazon Prime Video\" rel=\"nofollow noopener\" target=\"_blank\">Prime Video<\/a> los triunfitos, o los \u00abOTitos\u00bb, como se ha o\u00eddo decir en esta edici\u00f3n. Pero el nombre da igual, lo importante es que ha vuelto el talent que levanta pasiones, entre espectadores de televisi\u00f3n y usuarios de redes: <a href=\"https:\/\/www.20minutos.es\/tags\/instituciones-empresas\/operacion-triunfo.html\" title=\"Operaci\u00f3n Triunfo\" rel=\"nofollow noopener\" target=\"_blank\">OT 2025<\/a>. Y lo ha hecho con una Gala 0 en la que <b>no solo brillaron la mayor\u00eda de concursantes<\/b>, especialmente las mujeres, <b>sino tambi\u00e9n <a href=\"https:\/\/www.20minutos.es\/tags\/personas\/chenoa.html\" title=\"Chenoa\" rel=\"nofollow noopener\" target=\"_blank\">Chenoa<\/a><\/b>.\u00a0<\/p>\n<p class=\"c-paragraph\">Ya lo hizo muchas veces en 2001, pero la presentadora volver\u00eda a cruzar, indudablemente, la pasarela. Y sin cantar, simplemente por <b>la empat\u00eda que derroch\u00f3 y que se apreci\u00f3 especialmente detr\u00e1s de las c\u00e1maras<\/b>. Porque, desde la grada del p\u00fablico, donde <b>20minutos<\/b> estaba, justo detr\u00e1s del jurado, se pudo comprobar que la mallorquina disfrutaba y sufr\u00eda m\u00e1s que los propios concursantes.<\/p>\n<p class=\"c-paragraph\">Chenoa es la maestra de ceremonias perfecta para OT, porque no solo es presentadora: <b>es conocedora de la industria, tiene experiencia como jurado y, sobre todo, es exconcursante<\/b> del programa. Y eso hace que entienda por lo que pasan los participantes y quiera ofrecerles el mejor apoyo posible.<\/p>\n<p class=\"c-paragraph\">Porque s\u00ed, <a href=\"https:\/\/www.20minutos.es\/tags\/temas\/noemi-galera.html\" title=\"Noem\u00ed Galera\" rel=\"nofollow noopener\" target=\"_blank\">Noem\u00ed Galera<\/a> ser\u00e1 su madre adoptiva durante tres meses en la Academia, pero la int\u00e9rprete de Cuando t\u00fa vas, en parte, tambi\u00e9n lo ser\u00e1, especialmente en las galas. Y eso es algo que ya demostr\u00f3 en <a href=\"https:\/\/www.20minutos.es\/tags\/temas\/ot-2023.html\" title=\"OT 2023\" rel=\"nofollow noopener\" target=\"_blank\">OT 2023<\/a>, cuando <b>un c\u00e1lido abrazo suyo recib\u00eda a los concursantes al terminar cada actuaci\u00f3n<\/b>, algo que repiti\u00f3 en el estreno de esta nueva edici\u00f3n. Pero eso es solo lo que se vio en Prime Video.<\/p>\n<p class=\"c-paragraph\">Hay mucho m\u00e1s detr\u00e1s de las c\u00e1maras. <b>En la Gala 0 hubo un quinto jurado, aunque los espectadores desde sus casas no lo pudieron ver<\/b>: Chenoa fue una jueza muda, pero no inexpresiva, de todas las canciones. Mientras todos los focos estaban puestos en el triunfito que hab\u00eda sobre el escenario, la presentadora estaba al otro lado de la pasarela bailando y saltando cuando el tema lo requer\u00eda y cuando el participante lo estaba haciendo bien.<\/p>\n<p class=\"c-paragraph\">Lo cierto es que lo que menos hac\u00eda era ver la actuaci\u00f3n, quiz\u00e1 para centrarse m\u00e1s en la voz, y <b>lo que m\u00e1s hac\u00eda era dar vueltas sobre s\u00ed misma mirando al suelo<\/b> o revisando sus tarjetas. Pero, desde luego, no las estaba leyendo, sus caras demostraban que estaba m\u00e1s que atenta a lo que ocurr\u00eda: <b>arrugaba la frente y apretaba los dientes cuando alguno desafinaba<\/b>; y soplaba y abr\u00eda la boca cuando lo clavaban, como si quisiera exclamar \u00abese talento no se puede aguantar\u00bb, algo que no dej\u00f3 de repetir con Mar\u00eda Cruz y su Euphoria\u00a0y con Laura Mu\u00f1oz y su Des\u00e1tame, entre otras.<\/p>\n<p class=\"c-paragraph\">Por ello, y por la experiencia de haber estado en su posici\u00f3n hace m\u00e1s de dos d\u00e9cadas, <b>se la ve\u00eda disfrutar m\u00e1s que los participantes<\/b> de sus logros, casi como una madre orgullosa, <b>pero tambi\u00e9n sufrir<\/b> con sus errores. Aun as\u00ed, sucediera lo que sucediera sobre el escenario, Chenoa reseteaba al acabar la canci\u00f3n y volver a ser enfocada y, tras un tierno abrazo para que los nuevos triunfitos pudieran expulsar los nervios del directo, dejaba de lado su papel de exconcursante para ponerse la chaqueta de presentadora.<\/p>\n<p class=\"c-paragraph\">Todo ello hace que la artista mallorquina sea <b>la conductora perfecta de OT<\/b>, una que muestra frente a la pantalla profesionalidad y naturalidad \u2014mucho m\u00e1s que cuando empez\u00f3 en OT 2023\u2014\u00a0y cercan\u00eda y empat\u00eda detr\u00e1s de las c\u00e1maras. Es como ese gui\u00f1o c\u00f3mplice que te hacen cuando nadie mira y que puede cambiarlo todo.<\/p>\n<p>Un jurado que no se corta<\/p>\n<p class=\"c-paragraph\">Si hay otro detalle que no pasa desapercibido desde la perspectiva del p\u00fablico de la grada es las reacciones del jurado. <b><a href=\"https:\/\/www.20minutos.es\/tags\/personas\/leire-martinez.html\" title=\"Leire Mart\u00ednez\" rel=\"nofollow noopener\" target=\"_blank\">Leire Mart\u00ednez<\/a>, Guille Milkyway y <a href=\"https:\/\/www.20minutos.es\/tags\/personas\/abraham-mateo.html\" title=\"Abraham Mateo\" rel=\"nofollow noopener\" target=\"_blank\">Abraham Mateo<\/a> se unen a Cris Regatero<\/b>, quien repite en su silla por segundo a\u00f1o, para juzgar las interpretaciones de los participantes. Y da igual lo grandes que sean las gafas del vocalista y fundador de la banda La Casa Azul, que fue profesor en OT 2017, su cuerpo no pod\u00eda ocultar cuando alg\u00fan concursante lo clavaba.<\/p>\n<p class=\"c-paragraph\">Las valoraciones eran necesarias para hacer la criba obligatoria de esta Gala 0, que dej\u00f3 fuera del programa a <b>Sam y Quique<\/b>, quienes <b>se fundieron en un abrazo de consolaci\u00f3n tras salir del plat\u00f3<\/b> y dejar de ser enfocados por las c\u00e1maras. Pero, detr\u00e1s de estos discursos de los cuatro profesionales de la industria estaba la opini\u00f3n de cuatro amantes de la m\u00fasica que se not\u00f3 que disfrutaron con la mayor\u00eda de actuaciones. No en vano, describieron su labor como \u00abmuy ingrata\u00bb, pues sab\u00edan que estaban eligiendo entre lo bueno y lo menos bueno, y eso que era simplemente el estreno.<\/p>\n<p class=\"c-paragraph\">Pero, lejos de intentar poner &#8216;cara de P\u00f3ker&#8217; para mantener el misterio, la expresividad de todos ellos era frecuente, especialmente en el caso de Guille Milkyway: desde <b>encoger los hombros cuando el triunfito no le estaba conquistando<\/b> hasta levantar los brazos para demostrar que estaba maravillado con las capacidades vocales (Luc\u00eda Casani y Max parece que son de los que m\u00e1s se ganaron su favor).<\/p>\n<p class=\"c-paragraph\">No obstante, \u00e9l no fue el \u00fanico. \u00ab<b>Es impresionante<\/b>\u00bb se pudo leer en los labios de Abraham Mateo en alguna ocasi\u00f3n. Y los bailes de Leire Mart\u00ednez, y del resto de sus compa\u00f1eros de mesa, as\u00ed como <b>cuchicheos con cara de aprobaci\u00f3n<\/b>, hac\u00edan ver que el talento de este OT 2025 podr\u00eda desbordar la Academia.<\/p>\n<p class=\"c-paragraph\">Esto se not\u00f3 en la Gala 0, ya que, comparado a la emisi\u00f3n en Prime Video, en el plat\u00f3 la voz de los concursantes se o\u00eda m\u00e1s alta y el sonido era significativamente mejor, lo cual hizo que los all\u00ed presentes comprob\u00e1ramos no solo lo bien preparados que llegan algunos de los participantes, sino, como dijo Noem\u00ed Galera al final, que \u00ab<b>es la edici\u00f3n de las mujeres<\/b>\u00ab.<\/p>\n","protected":false},"excerpt":{"rendered":"Tras dos a\u00f1os de espera \u2014perfectos para dejar descansar al formato\u2014, este lunes regresaron a Prime Video los&hellip;\n","protected":false},"author":2,"featured_media":118717,"comment_status":"","ping_status":"","sticky":false,"template":"","format":"standard","meta":{"footnotes":""},"categories":[171],"tags":[7622,33737,146,147,25,24,4207,4417,21407,23,214],"class_list":{"0":"post-118716","1":"post","2":"type-post","3":"status-publish","4":"format-standard","5":"has-post-thumbnail","7":"category-tv","8":"tag-abrazos","9":"tag-consolacion","10":"tag-entertainment","11":"tag-entretenimiento","12":"tag-es","13":"tag-espana","14":"tag-las","15":"tag-los","16":"tag-reacciones","17":"tag-spain","18":"tag-tv"},"share_on_mastodon":{"url":"","error":""},"_links":{"self":[{"href":"https:\/\/www.europesays.com\/es\/wp-json\/wp\/v2\/posts\/118716","targetHints":{"allow":["GET"]}}],"collection":[{"href":"https:\/\/www.europesays.com\/es\/wp-json\/wp\/v2\/posts"}],"about":[{"href":"https:\/\/www.europesays.com\/es\/wp-json\/wp\/v2\/types\/post"}],"author":[{"embeddable":true,"href":"https:\/\/www.europesays.com\/es\/wp-json\/wp\/v2\/users\/2"}],"replies":[{"embeddable":true,"href":"https:\/\/www.europesays.com\/es\/wp-json\/wp\/v2\/comments?post=118716"}],"version-history":[{"count":0,"href":"https:\/\/www.europesays.com\/es\/wp-json\/wp\/v2\/posts\/118716\/revisions"}],"wp:featuredmedia":[{"embeddable":true,"href":"https:\/\/www.europesays.com\/es\/wp-json\/wp\/v2\/media\/118717"}],"wp:attachment":[{"href":"https:\/\/www.europesays.com\/es\/wp-json\/wp\/v2\/media?parent=118716"}],"wp:term":[{"taxonomy":"category","embeddable":true,"href":"https:\/\/www.europesays.com\/es\/wp-json\/wp\/v2\/categories?post=118716"},{"taxonomy":"post_tag","embeddable":true,"href":"https:\/\/www.europesays.com\/es\/wp-json\/wp\/v2\/tags?post=118716"}],"curies":[{"name":"wp","href":"https:\/\/api.w.org\/{rel}","templated":true}]}}