{"id":118718,"date":"2025-09-16T12:23:11","date_gmt":"2025-09-16T12:23:11","guid":{"rendered":"https:\/\/www.europesays.com\/es\/118718\/"},"modified":"2025-09-16T12:23:11","modified_gmt":"2025-09-16T12:23:11","slug":"local-de-ensayo-europa-fm-vuelve-a-abrir-sus-puertas-con-amaral","status":"publish","type":"post","link":"https:\/\/www.europesays.com\/es\/118718\/","title":{"rendered":"Local de Ensayo Europa FM vuelve a abrir sus puertas con Amaral"},"content":{"rendered":"<p>Jueves, 25 de septiembre<\/p>\n<p>\u00a1Vuelve lo bueno! \u00a1Vuelve <b>Local de Ensayo Europa FM<\/b>! Tras una primera temporada de grandes citas, con artistas de la talla de Dani Fern\u00e1ndez, Franz Ferdinand o Marlena, <b>el jueves 25 de septiembre<\/b> arrancamos la segunda temporada con <b>Amaral<\/b>. Apunta los detalles y qu\u00e9 d\u00eda arranca el concurso para conseguir invitaciones.<\/p>\n<p>\u00a1Ya podemos anunciarlo! <a title=\"Local de Ensayo Europa FM\" href=\"https:\/\/www.europafm.com\/temas\/local_de_ensayo_europa_fm-1\" target=\"_blank\" rel=\"nofollow noopener\"><b>Local de Ensayo Europa FM<\/b><\/a> vuelve a abrir sus puertas <b>el jueves 25 de septiembre<\/b> y lo hace de la mano de <a title=\"Amaral\" href=\"https:\/\/www.europafm.com\/temas\/amaral-1\" target=\"_blank\" rel=\"nofollow noopener\"><b>Amaral<\/b><\/a>.<\/p>\n<p><b>Eva Amaral<\/b> y <b>Juan Aguirre<\/b> hacen un alto en su gira <a title=\"Dolce Vita Tour\" href=\"https:\/\/www.europafm.com\/noticias\/musica\/amaral-saca-venta-entradas-primeros-16-conciertos-gira-dolce-vita-tour-2025_20241213675c726a6495a1000158007f.html\" target=\"_blank\" rel=\"nofollow noopener\">Dolce Vita Tour<\/a> para pasarse por nuestra sala y ensayar ante un privilegiado <b>grupo de oyentes de Europa FM,<\/b> al que seguro sorprender\u00e1 con confesiones, canciones improvisadas y momentos de complicidad.<\/p>\n<p>Aqu\u00ed todo puede pasar y as\u00ed lo vivimos en <a title=\"la primera temporada de Local de Ensayo Europa FM\" href=\"https:\/\/www.instagram.com\/p\/DOeM9SBCHPT\/?hl=es\" target=\"_blank\" rel=\"nofollow noopener\">la primera temporada de Local de Ensayo Europa FM<\/a>. <a title=\"Dani Fern\u00e1ndez\" href=\"https:\/\/www.europafm.com\/temas\/dani_fernandez-1\" target=\"_blank\" rel=\"nofollow noopener\"><b>Dani Fern\u00e1ndez<\/b><\/a>, por ejemplo, cant\u00f3 en ac\u00fastico <a title=\"Supersubmarina\" href=\"https:\/\/www.europafm.com\/noticias\/musica\/dani-fernandez-inaugura-local-ensayo-europa-cantando-primera-vez-acustico-supersubmarina_202501236792c936691a460001ea9a54.html\" target=\"_blank\" rel=\"nofollow noopener\"><b>Supersubmarina<\/b><\/a>, <a title=\"\u00c1lvaro de Luna\" href=\"https:\/\/www.europafm.com\/temas\/alvaro_de_luna-1\" target=\"_blank\" rel=\"nofollow noopener\"><b>\u00c1lvaro de Luna<\/b><\/a> nos ense\u00f1\u00f3 la primera versi\u00f3n de <a title=\"Todo contigo\" href=\"https:\/\/www.europafm.com\/concursos\/alvaro-luna-toca-costado-primera-vez-directo-local-ensayo-europa_2025031367d35f5fde9a6f0001aa4a06.html\" target=\"_blank\" rel=\"nofollow noopener\"><b>Todo contigo<\/b><\/a> y <a title=\"Marlena\" href=\"https:\/\/www.europafm.com\/temas\/marlena-1\" target=\"_blank\" rel=\"nofollow noopener\"><b>Marlena<\/b><\/a> se anim\u00f3 a jugar con el p\u00fablico pidiendo ayuda para dibujar el setlist de esta particular cita musical.<\/p>\n<p>Ahora es el momento de Amaral, que <b>el jueves 25 de septiembre a las 20:30 horas<\/b> estar\u00e1 nuestro local, situado en la sala La Movida Madrile\u00f1a, en el coraz\u00f3n de Madrid, para hablarnos de todos los secretos de la gira que arranc\u00f3 el 10 de mayo en Bilbao y que todav\u00eda no est\u00e1 cerrada. \u00a1Muy pronto saldr\u00e1n nuevas fechas!<\/p>\n<p>Ser\u00e1 la ocasi\u00f3n perfecta para descubrir c\u00f3mo se planea un tour abierto como este, conocer las an\u00e9cdotas vividas sobre el escenario y, qui\u00e9n sabe, saber de primera mano c\u00f3mo <a title=\"se gest\u00f3 su colaboraci\u00f3n con Aitana\" href=\"https:\/\/www.europafm.com\/noticias\/musica\/aitana-corona-segunda-noche-madrid-amaral-ela-taubert-sorpresa-final_20250801688bf7c81cc51203b5adb552.html\" target=\"_blank\" rel=\"nofollow noopener\">se gest\u00f3 su colaboraci\u00f3n con Aitana<\/a> en la segunda noche del Metropolitano de su Metamorfosis Tour.<\/p>\n<p>Un plan perfecto para arrancar la temporada y al que te vas a poder unir. <b>El jueves 18 de septiembre arrancamos en la web de Europa FM el concurso para conseguir invitaciones. <\/b>\u00a1Estate atento! Podr\u00e1s vivir una noche \u00fanica.<\/p>\n<p><script async src=\"\/\/www.instagram.com\/embed.js\"><\/script><\/p>\n","protected":false},"excerpt":{"rendered":"Jueves, 25 de septiembre \u00a1Vuelve lo bueno! \u00a1Vuelve Local de Ensayo Europa FM! Tras una primera temporada de&hellip;\n","protected":false},"author":2,"featured_media":118719,"comment_status":"","ping_status":"","sticky":false,"template":"","format":"standard","meta":{"footnotes":""},"categories":[170],"tags":[146,147,25,24,184,185,23],"class_list":{"0":"post-118718","1":"post","2":"type-post","3":"status-publish","4":"format-standard","5":"has-post-thumbnail","7":"category-musica","8":"tag-entertainment","9":"tag-entretenimiento","10":"tag-es","11":"tag-espana","12":"tag-music","13":"tag-musica","14":"tag-spain"},"share_on_mastodon":{"url":"","error":""},"_links":{"self":[{"href":"https:\/\/www.europesays.com\/es\/wp-json\/wp\/v2\/posts\/118718","targetHints":{"allow":["GET"]}}],"collection":[{"href":"https:\/\/www.europesays.com\/es\/wp-json\/wp\/v2\/posts"}],"about":[{"href":"https:\/\/www.europesays.com\/es\/wp-json\/wp\/v2\/types\/post"}],"author":[{"embeddable":true,"href":"https:\/\/www.europesays.com\/es\/wp-json\/wp\/v2\/users\/2"}],"replies":[{"embeddable":true,"href":"https:\/\/www.europesays.com\/es\/wp-json\/wp\/v2\/comments?post=118718"}],"version-history":[{"count":0,"href":"https:\/\/www.europesays.com\/es\/wp-json\/wp\/v2\/posts\/118718\/revisions"}],"wp:featuredmedia":[{"embeddable":true,"href":"https:\/\/www.europesays.com\/es\/wp-json\/wp\/v2\/media\/118719"}],"wp:attachment":[{"href":"https:\/\/www.europesays.com\/es\/wp-json\/wp\/v2\/media?parent=118718"}],"wp:term":[{"taxonomy":"category","embeddable":true,"href":"https:\/\/www.europesays.com\/es\/wp-json\/wp\/v2\/categories?post=118718"},{"taxonomy":"post_tag","embeddable":true,"href":"https:\/\/www.europesays.com\/es\/wp-json\/wp\/v2\/tags?post=118718"}],"curies":[{"name":"wp","href":"https:\/\/api.w.org\/{rel}","templated":true}]}}