{"id":118720,"date":"2025-09-16T12:24:09","date_gmt":"2025-09-16T12:24:09","guid":{"rendered":"https:\/\/www.europesays.com\/es\/118720\/"},"modified":"2025-09-16T12:24:09","modified_gmt":"2025-09-16T12:24:09","slug":"amy-adams-batman-v-superman-confiesa-su-rodaje-mas-duro-ese-director-me-hizo-llorar-y-me-destrozo","status":"publish","type":"post","link":"https:\/\/www.europesays.com\/es\/118720\/","title":{"rendered":"Amy Adams (\u2018Batman v Superman\u2019) confiesa su rodaje m\u00e1s duro: \u201cEse director me hizo llorar y me destroz\u00f3\u201d"},"content":{"rendered":"<p class=\"\"><b>Amy Adams<\/b> es una de las actrices m\u00e1s <a href=\"https:\/\/as.com\/meristation\/cine\/amy-adams-elige-estas-cuatro-como-sus-peliculas-favoritas-de-la-historia-del-cine-n\/\" target=\"_blank\" rel=\"noreferrer nofollow noopener\" title=\"https:\/\/as.com\/meristation\/cine\/amy-adams-elige-estas-cuatro-como-sus-peliculas-favoritas-de-la-historia-del-cine-n\/\">consolidadas<\/a> y respetadas de los <a href=\"https:\/\/as.com\/meristation\/cine\/es-una-de-las-mejores-peliculas-de-ciencia-ficcion-del-siglo-xxi-y-esta-en-prime-video-max-y-movistar-plus-n\/\" target=\"_blank\" rel=\"noreferrer nofollow noopener\" title=\"https:\/\/as.com\/meristation\/cine\/es-una-de-las-mejores-peliculas-de-ciencia-ficcion-del-siglo-xxi-y-esta-en-prime-video-max-y-movistar-plus-n\/\">\u00faltimos tiempos<\/a> en Hollywood, una int\u00e9rprete que si bien no suena entre los nombres m\u00e1s populares y rimbombantes, acumula ya a sus 50 a\u00f1os hasta <b>seis nominaciones a los Oscar<\/b>, con papeles tan recordados en pel\u00edculas como \u2018<b>Doubt<\/b>\u2019, \u2018<b>The Fighter<\/b>\u2019, \u2018<b>The Master<\/b>\u2019, \u2018<b>American Hustle<\/b>\u2019 o \u2018<b>Vice<\/b>\u2019, adem\u00e1s de ser <b>Lois Lane<\/b> en el ya <a href=\"https:\/\/as.com\/meristation\/series\/adios-para-siempre-al-dceu-la-t2-de-el-pacificador-reescribe-su-historia-y-james-gunn-elimina-por-completo-a-la-liga-de-la-justicia-n\/\" target=\"_blank\" rel=\"noreferrer nofollow noopener\" title=\"https:\/\/as.com\/meristation\/series\/adios-para-siempre-al-dceu-la-t2-de-el-pacificador-reescribe-su-historia-y-james-gunn-elimina-por-completo-a-la-liga-de-la-justicia-n\/\">extinto<\/a> <b>DCEU<\/b> en pel\u00edculas como \u2018<b>Man of Steel<\/b>\u2019 o \u2018<b>Batman v Superman<\/b>\u2019. Sin embargo, la carrera de <a href=\"https:\/\/as.com\/meristation\/cine\/este-infravalorado-drama-con-toques-de-suspense-es-fantastico-y-lo-puedes-ver-en-apple-tv-n\/\" target=\"_blank\" rel=\"noreferrer nofollow noopener\" title=\"https:\/\/as.com\/meristation\/cine\/este-infravalorado-drama-con-toques-de-suspense-es-fantastico-y-lo-puedes-ver-en-apple-tv-n\/\">Adams<\/a> no ha sido f\u00e1cil, puesto que ha pasado por episodios de lo m\u00e1s controvertidos, especialmente por el rodaje de una pel\u00edcula en concreto: \u2018<b>American Hustle<\/b>\u2019 o \u2018<b>La gran estafa americana<\/b>\u2019 en Espa\u00f1a.<\/p>\n<p><b>Amy Adams se\u00f1ala al director David O. Russell<\/b><\/p>\n<p class=\"\">Y es que a pesar de la intachable filmograf\u00eda de <b>Amy Adams<\/b>, la famosa actriz ha vivido experiencias de lo m\u00e1s traum\u00e1ticas en ciertos rodajes, se\u00f1alando uno en concreto como la <b>peor experiencia de su vida en lo profesional<\/b>. Y el responsable, seg\u00fan Adams, es el director <b>David O. Russell<\/b> \u2013con quien ha trabajado en dos ocasiones\u2013, el cual incluso la hizo llorar en pleno rodaje.<\/p>\n<p class=\"\">As\u00ed, la primera vez que Amy Adams se puso a las \u00f3rdenes de <b>David O. Russell<\/b> fue en \u2018<b>The Fighter<\/b>\u2019 de 2010, pel\u00edcula que le vali\u00f3 a la actriz su tercera nominaci\u00f3n a los Oscar; en ese momento no pareci\u00f3 que hab\u00eda problema alguno entre ambos. Sin embargo, todo cambi\u00f3 con su segunda colaboraci\u00f3n, \u2018<b>American Hustle<\/b>\u2019 de 2013, un rodaje que la propia Amy Adams recuerda como <b>una aut\u00e9ntica pesadilla<\/b>.<\/p>\n<p class=\"\">La propia Amy Adams as\u00ed lo explic\u00f3 en una entrevista con <a href=\"https:\/\/www.gq-magazine.co.uk\/article\/amy-adams-arrival-nocturnal-animals-tom-ford\" target=\"_blank\" rel=\"noreferrer nofollow noopener\" title=\"https:\/\/www.gq-magazine.co.uk\/article\/amy-adams-arrival-nocturnal-animals-tom-ford\">GQ<\/a>: \u201c<b>Me hizo llorar, fue muy duro conmigo<\/b>. Demasiado. La mayor\u00eda de los d\u00edas <b>estaba devastada en el rodaje<\/b>\u201d. Eso s\u00ed, parece ser que el resto del reparto sobrellevaba como pod\u00eda la situaci\u00f3n con mejor suerte, como fue el caso de la actriz Jennifer Lawrence, que lidiaba con el trato del cineasta de otra manera: \u201cJennifer no se deja intimidar, es de tefl\u00f3n. Yo no. <b>Y tampoco me gusta ver que traten mal a los dem\u00e1s<\/b>\u201d.<\/p>\n<p><img decoding=\"async\" src=\"https:\/\/www.europesays.com\/es\/wp-content\/uploads\/2025\/09\/ASAWESQKXFA3FELDQIC4P64HYI.jpg\" alt=\"American Hustle Amy Adams\" class=\"mm__img\"   width=\"1200\" height=\"675\" loading=\"lazy\"\/><\/p>\n<p>Ampliar<\/p>\n<p class=\"\">Y es que el car\u00e1cter complicado de <b>David O. Russell<\/b> no es ninguna sorpresa a estas alturas, con varios int\u00e9rpretes quej\u00e1ndose de unas formas en las distancias cortas muy mejorables. En el pasado, otros actores famosos como <b>George Clooney<\/b> ya reconocieron las malas formas de Russell durante los rodajes, a pesar de considerarlo como un cineasta brillante. Sin embargo, para Amy Adams \u201c<b>la vida es m\u00e1s importante que las pel\u00edculas<\/b>\u201d, por lo que prefiere ser feliz con su vida personal que pasarlo mal a nivel profesional.<\/p>\n<p class=\"\">Y es que la producci\u00f3n de \u2018<b>American Hustle<\/b>\u2019 estuvo tambi\u00e9n manchada por otra pol\u00e9mica en relaci\u00f3n a las <b>diferencias salariales entre hombres y mujeres<\/b>, algo que tanto Amy Adams como Jennifer Lawrence ya denunciaron en su momento: \u201c<b>Era eso o no hacerlo<\/b>\u201d, reconoci\u00f3 Adams, no sin remarcar que <b>Christian Bale, Bradley Cooper y Jeremy Renner cobraron notablemente m\u00e1s que ella y Jennifer Lawrence<\/b>, con esta \u00faltima alzando la voz contra el machismo en Hollywood y remarcando la posici\u00f3n de \u201c<b>la afortunada gente con polla<\/b>\u201d, tal y como <a href=\"https:\/\/www.vanityfair.com\/hollywood\/2015\/10\/jennifer-lawrence-wage-gap-essay-response\" target=\"_blank\" rel=\"noreferrer nofollow noopener\" title=\"https:\/\/www.vanityfair.com\/hollywood\/2015\/10\/jennifer-lawrence-wage-gap-essay-response\">afirm\u00f3<\/a> la propia actriz. \u201c<b>Estoy muy orgullosa de Jennifer<\/b>\u201d, remarc\u00f3 Adams tras sacar a la luz dicha controversia.<\/p>\n<p><img decoding=\"async\" src=\"https:\/\/www.europesays.com\/es\/wp-content\/uploads\/2025\/09\/JBNV7LSNBJGWTBCWFZAXDZOK6M.jpg\" alt=\"American Hustle Amy Adams\" class=\"mm__img\"   width=\"1200\" height=\"675\" loading=\"lazy\"\/><\/p>\n<p>Ampliar<\/p>\n<p class=\"\">\u2018<b>American Hustle<\/b>\u2019 o \u2018<b>La gran estafa americana<\/b>\u2019 puede verse en <b>Espa\u00f1a<\/b> a trav\u00e9s de plataformas como <a href=\"https:\/\/www.primevideo.com\/detail?gti=amzn1.dv.gti.a2b78a47-a91a-4e0b-1522-ece7a0d3baba&amp;linkCode=xm2&amp;tag=amazon-es-ro-win-oth-21\" target=\"_blank\" rel=\"noreferrer nofollow noopener\" title=\"https:\/\/www.primevideo.com\/detail?gti=amzn1.dv.gti.a2b78a47-a91a-4e0b-1522-ece7a0d3baba&amp;linkCode=xm2&amp;tag=amazon-es-ro-win-oth-21\">Prime Video<\/a> o <a href=\"https:\/\/tv.apple.com\/es\/movie\/la-gran-estafa-americana\/umc.cmc.3tyc5zjamj769wybyabz90ln?playableId=tvs.sbd.9001%3A858121879\" target=\"_blank\" rel=\"noreferrer nofollow noopener\" title=\"https:\/\/tv.apple.com\/es\/movie\/la-gran-estafa-americana\/umc.cmc.3tyc5zjamj769wybyabz90ln?playableId=tvs.sbd.9001%3A858121879\">Apple TV+<\/a>.<\/p>\n<p>Noticias relacionadas<\/p>\n<p class=\"\">Suscr\u00edbete al <a href=\"https:\/\/www.youtube.com\/@meristation\" target=\"_self\" rel=\"nofollow noopener\" title=\"https:\/\/www.youtube.com\/@meristation\">canal de MeriStation en YouTube<\/a>, tu web de videojuegos y entretenimiento para conocer todas las noticias y novedades sobre el mundo del videojuego, cine, series, manga y anime. An\u00e1lisis, entrevistas, tr\u00e1ileres, gameplays, p\u00f3dcast y mucho m\u00e1s. Tambi\u00e9n te animamos a seguir <a href=\"https:\/\/www.tiktok.com\/@meristation\" rel=\"nofollow noopener\" title=\"https:\/\/www.tiktok.com\/@meristation\" target=\"_blank\">nuestra cuenta de TikTok<\/a>. <\/p>\n<p class=\"\">\u00a1S\u00edguenos en ambas y, si est\u00e1s interesado en licenciar este contenido, pincha <a href=\"https:\/\/profesional.elpais.com\/soluciones-sindicacion?utm_medium=interno&amp;utm_source=crosslinking&amp;utm_campaign=sindicacion_as_pie_articulos\" target=\"_blank\" rel=\"nofollow noopener\" title=\"https:\/\/profesional.elpais.com\/soluciones-sindicacion?utm_medium=interno&amp;utm_source=crosslinking&amp;utm_campaign=sindicacion_as_pie_articulos\">aqu\u00ed<\/a>!<\/p>\n<p><script async src=\"\/\/www.tiktok.com\/embed.js\"><\/script><\/p>\n","protected":false},"excerpt":{"rendered":"Amy Adams es una de las actrices m\u00e1s consolidadas y respetadas de los \u00faltimos tiempos en Hollywood, una&hellip;\n","protected":false},"author":2,"featured_media":118721,"comment_status":"","ping_status":"","sticky":false,"template":"","format":"standard","meta":{"footnotes":""},"categories":[169],"tags":[177,146,147,25,24,176,175,23],"class_list":{"0":"post-118720","1":"post","2":"type-post","3":"status-publish","4":"format-standard","5":"has-post-thumbnail","7":"category-cine","8":"tag-cine","9":"tag-entertainment","10":"tag-entretenimiento","11":"tag-es","12":"tag-espana","13":"tag-film","14":"tag-movies","15":"tag-spain"},"share_on_mastodon":{"url":"","error":""},"_links":{"self":[{"href":"https:\/\/www.europesays.com\/es\/wp-json\/wp\/v2\/posts\/118720","targetHints":{"allow":["GET"]}}],"collection":[{"href":"https:\/\/www.europesays.com\/es\/wp-json\/wp\/v2\/posts"}],"about":[{"href":"https:\/\/www.europesays.com\/es\/wp-json\/wp\/v2\/types\/post"}],"author":[{"embeddable":true,"href":"https:\/\/www.europesays.com\/es\/wp-json\/wp\/v2\/users\/2"}],"replies":[{"embeddable":true,"href":"https:\/\/www.europesays.com\/es\/wp-json\/wp\/v2\/comments?post=118720"}],"version-history":[{"count":0,"href":"https:\/\/www.europesays.com\/es\/wp-json\/wp\/v2\/posts\/118720\/revisions"}],"wp:featuredmedia":[{"embeddable":true,"href":"https:\/\/www.europesays.com\/es\/wp-json\/wp\/v2\/media\/118721"}],"wp:attachment":[{"href":"https:\/\/www.europesays.com\/es\/wp-json\/wp\/v2\/media?parent=118720"}],"wp:term":[{"taxonomy":"category","embeddable":true,"href":"https:\/\/www.europesays.com\/es\/wp-json\/wp\/v2\/categories?post=118720"},{"taxonomy":"post_tag","embeddable":true,"href":"https:\/\/www.europesays.com\/es\/wp-json\/wp\/v2\/tags?post=118720"}],"curies":[{"name":"wp","href":"https:\/\/api.w.org\/{rel}","templated":true}]}}