{"id":118738,"date":"2025-09-16T12:37:10","date_gmt":"2025-09-16T12:37:10","guid":{"rendered":"https:\/\/www.europesays.com\/es\/118738\/"},"modified":"2025-09-16T12:37:10","modified_gmt":"2025-09-16T12:37:10","slug":"granollers-recibe-el-reconocimiento-de-la-aficion-del-espanyol","status":"publish","type":"post","link":"https:\/\/www.europesays.com\/es\/118738\/","title":{"rendered":"Granollers recibe el reconocimiento de la afici\u00f3n del Espanyol"},"content":{"rendered":"<p><strong>Marcel Granollers<\/strong> recibi\u00f3 este pasado lunes un merecido homenaje del <strong>Espanyol<\/strong>. El tenista salt\u00f3 al c\u00e9sped para recibir el aplauso de la afici\u00f3n blanquiazul, como homenaje y reconocimiento a sus recientes \u00e9xitos deportivos. <strong>Granollers<\/strong> siempre ha hecho gala de su espanyolismo, jam\u00e1s lo ha escondido.\u00a0<\/p>\n<p>El tenista est\u00e1 llevando a cabo una gran temporada, en la cual ha logrado dos Grand Slam: <strong>Roland Garros<\/strong> y <strong>US Open,<\/strong> en la modalidad de dobles, formando pareja con el argentino <strong>Horacio Zeballos<\/strong>. En la previa del choque contra el <strong>Mallorca<\/strong>, <strong>Granollers<\/strong> salt\u00f3 al c\u00e9sped con una camiseta del <strong>Espanyol<\/strong> y el dorsal \u201821\u2019 a la espalda, como no pod\u00eda ser de otra manera. Reconocimiento merecido.<\/p>\n<p><a href=\"https:\/\/whatsapp.com\/channel\/0029Va7D0Eq4dTnGOrEmZ82c\" rel=\"nofollow noopener\" target=\"_blank\"><\/p>\n<p><img fetchpriority=\"high\" decoding=\"async\" width=\"724\" height=\"1024\" src=\"https:\/\/www.europesays.com\/es\/wp-content\/uploads\/2025\/09\/Whatsapp-724x1024.png\" alt=\"\"  \/><\/p>\n<p><\/a><\/p>\n","protected":false},"excerpt":{"rendered":"Marcel Granollers recibi\u00f3 este pasado lunes un merecido homenaje del Espanyol. El tenista salt\u00f3 al c\u00e9sped para recibir&hellip;\n","protected":false},"author":2,"featured_media":118739,"comment_status":"","ping_status":"","sticky":false,"template":"","format":"standard","meta":{"footnotes":""},"categories":[274],"tags":[168,25,24,23,167,327,326],"class_list":{"0":"post-118738","1":"post","2":"type-post","3":"status-publish","4":"format-standard","5":"has-post-thumbnail","7":"category-tenis","8":"tag-deportes","9":"tag-es","10":"tag-espana","11":"tag-spain","12":"tag-sports","13":"tag-tenis","14":"tag-tennis"},"share_on_mastodon":{"url":"","error":""},"_links":{"self":[{"href":"https:\/\/www.europesays.com\/es\/wp-json\/wp\/v2\/posts\/118738","targetHints":{"allow":["GET"]}}],"collection":[{"href":"https:\/\/www.europesays.com\/es\/wp-json\/wp\/v2\/posts"}],"about":[{"href":"https:\/\/www.europesays.com\/es\/wp-json\/wp\/v2\/types\/post"}],"author":[{"embeddable":true,"href":"https:\/\/www.europesays.com\/es\/wp-json\/wp\/v2\/users\/2"}],"replies":[{"embeddable":true,"href":"https:\/\/www.europesays.com\/es\/wp-json\/wp\/v2\/comments?post=118738"}],"version-history":[{"count":0,"href":"https:\/\/www.europesays.com\/es\/wp-json\/wp\/v2\/posts\/118738\/revisions"}],"wp:featuredmedia":[{"embeddable":true,"href":"https:\/\/www.europesays.com\/es\/wp-json\/wp\/v2\/media\/118739"}],"wp:attachment":[{"href":"https:\/\/www.europesays.com\/es\/wp-json\/wp\/v2\/media?parent=118738"}],"wp:term":[{"taxonomy":"category","embeddable":true,"href":"https:\/\/www.europesays.com\/es\/wp-json\/wp\/v2\/categories?post=118738"},{"taxonomy":"post_tag","embeddable":true,"href":"https:\/\/www.europesays.com\/es\/wp-json\/wp\/v2\/tags?post=118738"}],"curies":[{"name":"wp","href":"https:\/\/api.w.org\/{rel}","templated":true}]}}