{"id":118756,"date":"2025-09-16T12:50:10","date_gmt":"2025-09-16T12:50:10","guid":{"rendered":"https:\/\/www.europesays.com\/es\/118756\/"},"modified":"2025-09-16T12:50:10","modified_gmt":"2025-09-16T12:50:10","slug":"muere-el-legendario-actor-robert-redford","status":"publish","type":"post","link":"https:\/\/www.europesays.com\/es\/118756\/","title":{"rendered":"Muere el legendario actor Robert Redford"},"content":{"rendered":"<p>Ganador de dos premios Oscar y un Globo de Oro, el tambi\u00e9n director ha fallecido a los 89 a\u00f1os\n<\/p>\n<p><img fetchpriority=\"high\" class=\"voc-img\" src=\"https:\/\/www.europesays.com\/es\/wp-content\/uploads\/2025\/09\/redford-kC3H-U701556355789YDD-1200x840@diario_abc.jpg\" loading=\"eager\" decoding=\"async\" alt=\"Muere el legendario actor Robert Redford\" width=\"1200\" height=\"840\"\/><\/p>\n<p>16\/09\/2025<br \/>\n<br \/><strong><br \/>\nActualizado a las 14:41h.<br \/>\n<\/strong><\/p>\n<p class=\"voc-p\" style=\"\">Robert Redford, leyenda de Hollywood, ha muerto. El actor y director, ganador de dos premios Oscar y un Globo de Oro, ha fallecido a los 89 a\u00f1os, seg\u00fan ha confirmado &#8216;The New York Times&#8217;. <\/p>\n<p class=\"voc-p\" style=\"\">El int\u00e9rprete, tal y como le defini\u00f3 Oti Rodr\u00edguez Marchante, ha sido h\u00e9roe, aventurero, presidiario, canalla, jugador o ladr\u00f3n de bancos en una filmograf\u00eda repleta de grandes t\u00edtulos. Solo de un vistazo se cuentan varias obras maestras: &#8216;El gran Gatsby&#8217;, &#8216;Descalzos por el parque&#8217;, &#8216;Gente corriente&#8217;. <\/p>\n<p class=\"voc-p\" style=\"\">Le dio \u00abel mejor beso\u00bb de la carrera de Meryl Streep, a quien enamor\u00f3 en esa gran aventura que fue &#8216;Memorias de \u00c1frica&#8217;. Y menci\u00f3n aparte merece su alianza con Paul Newman, amigo y compa\u00f1ero dentro y fuera de plano. <\/p>\n<p class=\"voc-p\" style=\"\">Con el actor de los ojos m\u00e1s azules del s\u00e9ptimo arte, Robert Redford trabaj\u00f3 en &#8216;Dos hombres y un destino&#8217; y en &#8216;El golpe&#8217;, que le vali\u00f3 al actor su primera nominaci\u00f3n al Oscar. Lograr\u00eda otras cinco y dos estatuillas, una por &#8216;Gente corriente&#8217; y un Oscar honor\u00edfico en 2002. <\/p>\n<p class=\"voc-p\" style=\"\">El reconocido gal\u00e1n del cine se retir\u00f3 del cine con una oda a esas pel\u00edculas en el filme &#8216;The old man and the guy&#8217;, su \u00faltimo papel como protagonista, aunque regres\u00f3 para hacer una aparici\u00f3n de despedida en &#8216;Los Vengadores: Endgame&#8217;. <\/p>\n<p class=\"voc-p\" style=\"\">[Habr\u00e1 ampliaci\u00f3n]<\/p>\n<p>Reportar un error<\/p>\n","protected":false},"excerpt":{"rendered":"Ganador de dos premios Oscar y un Globo de Oro, el tambi\u00e9n director ha fallecido a los 89&hellip;\n","protected":false},"author":2,"featured_media":118757,"comment_status":"","ping_status":"","sticky":false,"template":"","format":"standard","meta":{"footnotes":""},"categories":[91],"tags":[1339,146,147,25,24,29280,8938,39459,12027,23],"class_list":{"0":"post-118756","1":"post","2":"type-post","3":"status-publish","4":"format-standard","5":"has-post-thumbnail","7":"category-entretenimiento","8":"tag-actor","9":"tag-entertainment","10":"tag-entretenimiento","11":"tag-es","12":"tag-espana","13":"tag-legendario","14":"tag-muere","15":"tag-redford","16":"tag-robert","17":"tag-spain"},"share_on_mastodon":{"url":"","error":""},"_links":{"self":[{"href":"https:\/\/www.europesays.com\/es\/wp-json\/wp\/v2\/posts\/118756","targetHints":{"allow":["GET"]}}],"collection":[{"href":"https:\/\/www.europesays.com\/es\/wp-json\/wp\/v2\/posts"}],"about":[{"href":"https:\/\/www.europesays.com\/es\/wp-json\/wp\/v2\/types\/post"}],"author":[{"embeddable":true,"href":"https:\/\/www.europesays.com\/es\/wp-json\/wp\/v2\/users\/2"}],"replies":[{"embeddable":true,"href":"https:\/\/www.europesays.com\/es\/wp-json\/wp\/v2\/comments?post=118756"}],"version-history":[{"count":0,"href":"https:\/\/www.europesays.com\/es\/wp-json\/wp\/v2\/posts\/118756\/revisions"}],"wp:featuredmedia":[{"embeddable":true,"href":"https:\/\/www.europesays.com\/es\/wp-json\/wp\/v2\/media\/118757"}],"wp:attachment":[{"href":"https:\/\/www.europesays.com\/es\/wp-json\/wp\/v2\/media?parent=118756"}],"wp:term":[{"taxonomy":"category","embeddable":true,"href":"https:\/\/www.europesays.com\/es\/wp-json\/wp\/v2\/categories?post=118756"},{"taxonomy":"post_tag","embeddable":true,"href":"https:\/\/www.europesays.com\/es\/wp-json\/wp\/v2\/tags?post=118756"}],"curies":[{"name":"wp","href":"https:\/\/api.w.org\/{rel}","templated":true}]}}