{"id":118762,"date":"2025-09-16T12:53:07","date_gmt":"2025-09-16T12:53:07","guid":{"rendered":"https:\/\/www.europesays.com\/es\/118762\/"},"modified":"2025-09-16T12:53:07","modified_gmt":"2025-09-16T12:53:07","slug":"trump-demanda-por-difamacion-y-calumnia-al-new-york-times-dw-16-09-2025","status":"publish","type":"post","link":"https:\/\/www.europesays.com\/es\/118762\/","title":{"rendered":"Trump demanda por difamaci\u00f3n y calumnia al \u00abNew York Times\u00bb \u2013 DW \u2013 16\/09\/2025"},"content":{"rendered":"<p>El diario neoyorquino <a class=\"internal-link\" href=\"https:\/\/www.dw.com\/es\/new-york-times\/t-45870689\" rel=\"nofollow noopener\" target=\"_blank\">The New\u00a0 York Times<\/a> ya avanz\u00f3 la semana pasada que <a class=\"internal-link\" href=\"https:\/\/www.dw.com\/es\/trump-donald\/t-19445010\" rel=\"nofollow noopener\" target=\"_blank\">Trump<\/a> hab\u00eda amenazado con tomar acciones legales por la publicaci\u00f3n de art\u00edculos sobre una carta de cumplea\u00f1os presuntamente enviada por el actual presidente de <a class=\"internal-link\" href=\"https:\/\/www.dw.com\/es\/estados-unidos\/t-17411942\" rel=\"nofollow noopener\" target=\"_blank\">EE. UU.<\/a> al financiero y delincuente sexual ya fallecido Jeffrey Epstein.<\/p>\n<p>La carta contiene un mensaje mecanografiado insertado en la silueta\u00a0dibujada\u00a0de una mujer desnuda y el presidente estadounidense <a class=\"internal-link\" href=\"https:\/\/www.dw.com\/es\/no-es-mi-firma-responde-trump-sobre-supuesta-carta-a-epstein\/a-73941550\" rel=\"nofollow noopener\" target=\"_blank\">niega que la firma<\/a> que la acompa\u00f1a sea la suya.\u00a0<\/p>\n<p>\u00abDifamaci\u00f3n y calumnia\u00bb<\/p>\n<p>\u00abSe ha permitido a The New York Times mentir, difamar y calumniarme libremente durante demasiado tiempo, \u00a1y eso se acaba, YA!\u00bb, escribi\u00f3 el mandatario en su red Truth Social.<\/p>\n<p>\u00abHoy tengo el gran honor de presentar una demanda por difamaci\u00f3n y calumnia por 15 000 millones de d\u00f3lares contra The New York Times\u00bb, afirm\u00f3 el presidente estadounidense.\u00a0<\/p>\n<p>Fue el\u00a0lunes 15 de septiembre de 2025 cuando Trump present\u00f3 la demanda, que\u00a0tambi\u00e9n est\u00e1 dirigida a cuatro reporteros del diario y a la editorial Penguin Random House, seg\u00fan la querella de 85 p\u00e1ginas presentada en un tribunal de distrito de Florida.<\/p>\n<p>MS (ap\/afp)<\/p>\n<p>\u00a0<\/p>\n<p>\u00a0\u00a0\u00a0\u00a0\u00a0<\/p>\n<p>\u00a0\u00a0\u00a0\u00a0\u00a0<\/p>\n","protected":false},"excerpt":{"rendered":"El diario neoyorquino The New\u00a0 York Times ya avanz\u00f3 la semana pasada que Trump hab\u00eda amenazado con tomar&hellip;\n","protected":false},"author":2,"featured_media":118763,"comment_status":"","ping_status":"","sticky":false,"template":"","format":"standard","meta":{"footnotes":""},"categories":[42],"tags":[17,18,13,14,11,61,62,63,64,19,20,9,10,15,16,12,21,22,65,66,67],"class_list":{"0":"post-118762","1":"post","2":"type-post","3":"status-publish","4":"format-standard","5":"has-post-thumbnail","7":"category-internacional","8":"tag-breaking-news","9":"tag-breakingnews","10":"tag-featured-news","11":"tag-featurednews","12":"tag-headlines","13":"tag-internacional","14":"tag-international","15":"tag-international-news","16":"tag-internationalnews","17":"tag-latest-news","18":"tag-latestnews","19":"tag-news","20":"tag-noticias","21":"tag-noticias-destacadas","22":"tag-noticiasdestacadas","23":"tag-titulares","24":"tag-ultimas-noticias","25":"tag-ultimasnoticias","26":"tag-world","27":"tag-world-news","28":"tag-worldnews"},"share_on_mastodon":{"url":"","error":""},"_links":{"self":[{"href":"https:\/\/www.europesays.com\/es\/wp-json\/wp\/v2\/posts\/118762","targetHints":{"allow":["GET"]}}],"collection":[{"href":"https:\/\/www.europesays.com\/es\/wp-json\/wp\/v2\/posts"}],"about":[{"href":"https:\/\/www.europesays.com\/es\/wp-json\/wp\/v2\/types\/post"}],"author":[{"embeddable":true,"href":"https:\/\/www.europesays.com\/es\/wp-json\/wp\/v2\/users\/2"}],"replies":[{"embeddable":true,"href":"https:\/\/www.europesays.com\/es\/wp-json\/wp\/v2\/comments?post=118762"}],"version-history":[{"count":0,"href":"https:\/\/www.europesays.com\/es\/wp-json\/wp\/v2\/posts\/118762\/revisions"}],"wp:featuredmedia":[{"embeddable":true,"href":"https:\/\/www.europesays.com\/es\/wp-json\/wp\/v2\/media\/118763"}],"wp:attachment":[{"href":"https:\/\/www.europesays.com\/es\/wp-json\/wp\/v2\/media?parent=118762"}],"wp:term":[{"taxonomy":"category","embeddable":true,"href":"https:\/\/www.europesays.com\/es\/wp-json\/wp\/v2\/categories?post=118762"},{"taxonomy":"post_tag","embeddable":true,"href":"https:\/\/www.europesays.com\/es\/wp-json\/wp\/v2\/tags?post=118762"}],"curies":[{"name":"wp","href":"https:\/\/api.w.org\/{rel}","templated":true}]}}