{"id":118770,"date":"2025-09-16T12:57:11","date_gmt":"2025-09-16T12:57:11","guid":{"rendered":"https:\/\/www.europesays.com\/es\/118770\/"},"modified":"2025-09-16T12:57:11","modified_gmt":"2025-09-16T12:57:11","slug":"los-toros-en-francia-mesa-redonda-en-la-real-maestranza-el-25-de-septiembre","status":"publish","type":"post","link":"https:\/\/www.europesays.com\/es\/118770\/","title":{"rendered":"\u2018Los toros en Francia\u2019, mesa redonda en la Real Maestranza el 25 de septiembre\u00a0"},"content":{"rendered":"<p>            <a href=\"https:\/\/www.lascosasdeltoro.com\/wp-content\/uploads\/2025\/09\/Los-toros-en-Francia-mesa-redonda-en-la-Real-Maestranza-el-25-de-septiembre-scaled.jpg\" data-caption=\"\" rel=\"nofollow noopener\" target=\"_blank\"><img loading=\"lazy\" decoding=\"async\" width=\"696\" height=\"974\" class=\"entry-thumb td-modal-image\" src=\"https:\/\/www.europesays.com\/es\/wp-content\/uploads\/2025\/09\/Los-toros-en-Francia-mesa-redonda-en-la-Real-Maestranza-el-25-de-septiembre-696x974.jpg\"   alt=\"\" title=\"'Los toros en Francia', mesa redonda en la Real Maestranza el 25 de septiembre\"\/><\/a><\/p>\n<p><strong>Organiza la Fundaci\u00f3n de Estudios Taurinos con el patrocinio de la Real Maestranza de Caballer\u00eda de Sevilla<\/strong><br \/>La importancia de los toros en Francia, su repercusi\u00f3n medi\u00e1tica y los avances jur\u00eddicos que han conseguido dentro de la sociedad francesa ha motivado que el Patronato de la Fundaci\u00f3n de Estudios Taurinos fije su atenci\u00f3n en estos hechos.<\/p>\n<p>Con este motivo ha organizado una Mesa Redonda dirigida por el profesor Francis Wolff con el fin de que algunos representantes del mundo taurino franc\u00e9s puedan ofrecer a la afici\u00f3n sevillana y al p\u00fablico en general su visi\u00f3n al respecto.<\/p>\n<p>Este acto se celebrar\u00e1 el pr\u00f3ximo 25 de septiembre en el Sal\u00f3n de Carteles de la Real Maestranza de Caballer\u00eda de Sevilla, patrocinadora del evento, con el siguiente programa:<\/p>\n<p>19:00\u00a0<strong>Francis Wolff<\/strong>. Fil\u00f3sofo y escritor taurino.<br \/>Presentaci\u00f3n general:\u00a0\u2018De la tauromaquia como producto importado (hecho en Espa\u00f1a) al supuesto \u201cmodelo franc\u00e9s\u2019.<\/p>\n<p>19:15\u00a0<strong>Fanny Jourdan-Gal\u00a0<\/strong>en colaboraci\u00f3n con\u00a0<strong>Antoine Capdeville<\/strong>. Licenciada en ciencias pol\u00edticas. Autora de un libro para defender los toros en la tradici\u00f3n del Sudeste franc\u00e9s:\u00a0\u2018El estatuto jur\u00eddico y la geograf\u00eda de los toros en Francia\u2019.<\/p>\n<p>19:30\u00a0<strong>Thierry Vignal<\/strong>. Profesor de derecho. Presidente del Club taurino de Par\u00eds.\u00a0\u2018Los toros bravos y los toros de Camarga\u2019.<\/p>\n<p>19:45\u00a0<strong>Elvire Oliu<\/strong>. Periodista. Jefa de la comunicaci\u00f3n de la U.V.T.F. (Uni\u00f3n de las ciudades taurinas francesas) y del Observatorio de las culturas taurinas de Francia.\u00a0\u2018El sistema y la regulaci\u00f3n de los espect\u00e1culos taurinos en Francia\u2019.<\/p>\n<p>20:00\u00a0<strong>Marc Lavie<\/strong>. Universitario. Director de la revista semanal taurina francesa \u201cSemana Grande\u201d.<br \/>\u2018Historia de los toreros franceses: de Nime\u00f1o I y Simon Casas a Clemente\u2019.<\/p>\n<p>20:15 Mesa redonda y discusi\u00f3n general.<br \/><strong>Francis Wolff.\u00a0<\/strong>Conclusiones<\/p>\n<p>(Entrada libre hasta completar el aforo)<\/p>\n<p><strong>Argumento<\/strong><\/p>\n<p>Como es sabido, los toros en Francia est\u00e1n prohibidos salvo en aquellas regiones o ciudades donde se hayan celebrado ininterrumpidamente a lo largo del tiempo. Por ello, la particular idiosincrasia de las fiestas taurinas francesas ha motivado que las autoridades de ciertas regiones o ciudades defiendan ese patrimonio que consideran \u00fanico, con independencia de sus propias opciones pol\u00edticas.<\/p>\n<p>El inter\u00e9s por el conocimiento de la defensa del mundo taurino en suelo franc\u00e9s es lo que ha motivado esta Mesa Redonda con el fin de tener un conocimiento m\u00e1s amplio de estas cuestiones y poder contrastar opiniones con personalidades relevantes dentro de este sector.<\/p>\n<p><a href=\"#\"><img decoding=\"async\" src=\"https:\/\/www.lascosasdeltoro.com\/wp-content\/uploads\/2016\/10\/rec728.jpg\"\/><\/a>        <\/p>\n","protected":false},"excerpt":{"rendered":"Organiza la Fundaci\u00f3n de Estudios Taurinos con el patrocinio de la Real Maestranza de Caballer\u00eda de SevillaLa importancia&hellip;\n","protected":false},"author":2,"featured_media":118771,"comment_status":"","ping_status":"","sticky":false,"template":"","format":"standard","meta":{"footnotes":""},"categories":[277],"tags":[373,168,25,24,23,167,374],"class_list":{"0":"post-118770","1":"post","2":"type-post","3":"status-publish","4":"format-standard","5":"has-post-thumbnail","7":"category-toreo","8":"tag-bullfighting","9":"tag-deportes","10":"tag-es","11":"tag-espana","12":"tag-spain","13":"tag-sports","14":"tag-toreo"},"share_on_mastodon":{"url":"","error":""},"_links":{"self":[{"href":"https:\/\/www.europesays.com\/es\/wp-json\/wp\/v2\/posts\/118770","targetHints":{"allow":["GET"]}}],"collection":[{"href":"https:\/\/www.europesays.com\/es\/wp-json\/wp\/v2\/posts"}],"about":[{"href":"https:\/\/www.europesays.com\/es\/wp-json\/wp\/v2\/types\/post"}],"author":[{"embeddable":true,"href":"https:\/\/www.europesays.com\/es\/wp-json\/wp\/v2\/users\/2"}],"replies":[{"embeddable":true,"href":"https:\/\/www.europesays.com\/es\/wp-json\/wp\/v2\/comments?post=118770"}],"version-history":[{"count":0,"href":"https:\/\/www.europesays.com\/es\/wp-json\/wp\/v2\/posts\/118770\/revisions"}],"wp:featuredmedia":[{"embeddable":true,"href":"https:\/\/www.europesays.com\/es\/wp-json\/wp\/v2\/media\/118771"}],"wp:attachment":[{"href":"https:\/\/www.europesays.com\/es\/wp-json\/wp\/v2\/media?parent=118770"}],"wp:term":[{"taxonomy":"category","embeddable":true,"href":"https:\/\/www.europesays.com\/es\/wp-json\/wp\/v2\/categories?post=118770"},{"taxonomy":"post_tag","embeddable":true,"href":"https:\/\/www.europesays.com\/es\/wp-json\/wp\/v2\/tags?post=118770"}],"curies":[{"name":"wp","href":"https:\/\/api.w.org\/{rel}","templated":true}]}}