{"id":118774,"date":"2025-09-16T13:00:09","date_gmt":"2025-09-16T13:00:09","guid":{"rendered":"https:\/\/www.europesays.com\/es\/118774\/"},"modified":"2025-09-16T13:00:09","modified_gmt":"2025-09-16T13:00:09","slug":"el-tenista-llamado-a-luchar-con-sinner-y-alcaraz-carga-contra-la-aficion-espanola-tras-perder-en-copa-davis","status":"publish","type":"post","link":"https:\/\/www.europesays.com\/es\/118774\/","title":{"rendered":"El tenista llamado a luchar con Sinner y Alcaraz carga contra la afici\u00f3n espa\u00f1ola tras perder en Copa Davis"},"content":{"rendered":"<p class=\"paragraph\">el pasado domingo, el <b>Club Puente Romano de Marbella<\/b> vivi\u00f3 en primera persona la \u00e9pica remontada de Espa\u00f1a ante Dinamarca en la segunda eliminatoria de la Copa Davis, en la que el equipo capitaneado por <b>David Ferrer<\/b> levant\u00f3 un 0-2 adverso (algo que nunca hab\u00eda hecho) ante la selecci\u00f3n n\u00f3rdica para sellar su billete para las Finales que se disputar\u00e1n en <b>Bolonia <\/b>(Italia) del 19 al 23 de noviembre.<\/p>\n<p class=\"paragraph\"><b>Pablo Carre\u00f1o <\/b>fue el encargado de completar la remontada y el p\u00fablico espa\u00f1ol se volvi\u00f3 absolutamente loco cuando vio c\u00f3mo el tenista asturiano le gan\u00f3 el partido definitivo a <b>Elmer Moller,<\/b> n\u00famero dos dan\u00e9s, por 6-2 y 6-3.<\/p>\n<p>            <a href=\"#\" title=\"\"><br \/>\n                <img decoding=\"async\" loading=\"lazy\" width=\"120px\" height=\"90px\" alt=\"Pedro Mart\u00ednez celebra su victoria sobre el dan\u00e9s Holger Rune\" src=\"https:\/\/imagenes.eldebate.com\/files\/related_image\/files\/fp\/uploads\/2025\/09\/14\/68c70e0d34603.r_d.1064-490.jpeg\" data-full-src=\"https:\/\/www.europesays.com\/es\/wp-content\/uploads\/2025\/09\/68c70e0d34603.jpeg\"\/><br \/>\n            <\/a><\/p>\n<p class=\"paragraph\">El ambiente vivido el domingo en el complejo ten\u00edstico marbell\u00ed fue inmejorable y <b>Holger Rune<\/b> acab\u00f3 muy molesto con el comportamiento de la afici\u00f3n espa\u00f1ola, tal y como ha reconocido el n\u00famero 11 del mundo tan solo unos d\u00edas despu\u00e9s del final de la eliminatoria y en una entrevista con el diario dan\u00e9s Ekstra Bladet.<\/p>\n<p class=\"paragraph\">\u00abTodav\u00eda no he revisado los v\u00eddeos, pero estoy bastante seguro. <b>No he pensado mucho en ese punto, pero s\u00ed, me qued\u00e9 bastante frustrado. <\/b>Fue un partido loco. Algunas cosas m\u00e1s pasaron, pero bueno, eso puede suceder. La semana pasada en el US Open tuvimos la posibilidad de usar las revisiones de v\u00eddeo para ver si el \u00e1rbitro hab\u00eda cometido un error o no\u00bb, empez\u00f3 comentando Rune.<\/p>\n<p class=\"paragraph\">Y tras esa breve introducci\u00f3n, el dan\u00e9s se\u00f1al\u00f3 directamente a la afici\u00f3n espa\u00f1ola. <b>\u00abSimplemente, creo que hay diferencias entre los modales daneses y espa\u00f1oles<\/b>. Hay algunas diferencias en la educaci\u00f3n. Pero eso es parte del juego, y he vivido situaciones peores. Hay algunas cosas que, por supuesto, son un poco antideportivas. <b>Pero, de nuevo, he vivido situaciones peores\u00bb.<\/b><\/p>\n<p class=\"paragraph\">La reflexi\u00f3n de Rune no ha pasado desapercibida. El dan\u00e9s se ha caracterizado por ser un tenista de sangre caliente y eso le ha llevado a protagonizar alg\u00fan episodio poco deportivo en el pasado. De ah\u00ed que algunos se hayan tomado el ataque de Rune como algo poco serio si se tiene en cuenta la forma en la que se comporta en algunas ocasiones.<\/p>\n","protected":false},"excerpt":{"rendered":"el pasado domingo, el Club Puente Romano de Marbella vivi\u00f3 en primera persona la \u00e9pica remontada de Espa\u00f1a&hellip;\n","protected":false},"author":2,"featured_media":118775,"comment_status":"","ping_status":"","sticky":false,"template":"","format":"standard","meta":{"footnotes":""},"categories":[274],"tags":[168,25,24,23,167,327,326],"class_list":{"0":"post-118774","1":"post","2":"type-post","3":"status-publish","4":"format-standard","5":"has-post-thumbnail","7":"category-tenis","8":"tag-deportes","9":"tag-es","10":"tag-espana","11":"tag-spain","12":"tag-sports","13":"tag-tenis","14":"tag-tennis"},"share_on_mastodon":{"url":"","error":""},"_links":{"self":[{"href":"https:\/\/www.europesays.com\/es\/wp-json\/wp\/v2\/posts\/118774","targetHints":{"allow":["GET"]}}],"collection":[{"href":"https:\/\/www.europesays.com\/es\/wp-json\/wp\/v2\/posts"}],"about":[{"href":"https:\/\/www.europesays.com\/es\/wp-json\/wp\/v2\/types\/post"}],"author":[{"embeddable":true,"href":"https:\/\/www.europesays.com\/es\/wp-json\/wp\/v2\/users\/2"}],"replies":[{"embeddable":true,"href":"https:\/\/www.europesays.com\/es\/wp-json\/wp\/v2\/comments?post=118774"}],"version-history":[{"count":0,"href":"https:\/\/www.europesays.com\/es\/wp-json\/wp\/v2\/posts\/118774\/revisions"}],"wp:featuredmedia":[{"embeddable":true,"href":"https:\/\/www.europesays.com\/es\/wp-json\/wp\/v2\/media\/118775"}],"wp:attachment":[{"href":"https:\/\/www.europesays.com\/es\/wp-json\/wp\/v2\/media?parent=118774"}],"wp:term":[{"taxonomy":"category","embeddable":true,"href":"https:\/\/www.europesays.com\/es\/wp-json\/wp\/v2\/categories?post=118774"},{"taxonomy":"post_tag","embeddable":true,"href":"https:\/\/www.europesays.com\/es\/wp-json\/wp\/v2\/tags?post=118774"}],"curies":[{"name":"wp","href":"https:\/\/api.w.org\/{rel}","templated":true}]}}