{"id":118781,"date":"2025-09-16T13:04:15","date_gmt":"2025-09-16T13:04:15","guid":{"rendered":"https:\/\/www.europesays.com\/es\/118781\/"},"modified":"2025-09-16T13:04:15","modified_gmt":"2025-09-16T13:04:15","slug":"el-sevilla-sigue-preparando-la-visita-al-alaves-con-joan-jordan-entrenando-al-margen","status":"publish","type":"post","link":"https:\/\/www.europesays.com\/es\/118781\/","title":{"rendered":"El Sevilla sigue preparando la visita al Alav\u00e9s con Joan Jord\u00e1n entrenando al margen"},"content":{"rendered":"<p>El centrocampista catal\u00e1n es el \u00fanico futbolista que todav\u00eda no tiene el alta competitiva<\/p>\n<p>Alexis S\u00e1nchez trabaja con Kike Salas        Manuel G\u00f3mez      <\/p>\n<p><img decoding=\"async\" class=\"voc-author__img\" src=\"https:\/\/www.europesays.com\/es\/wp-content\/uploads\/2025\/09\/autor-6269-foto-5.jpeg\" alt=\"Nacho P\u00e9rez\"\/><\/p>\n<p>16\/09\/2025<br \/>\n<br \/><strong><br \/>\nActualizado a las 11:29h.<br \/>\n<\/strong><\/p>\n<p class=\"voc-p\" style=\"\">La plantilla del <strong>Sevilla<\/strong> se ejercit\u00f3 este martes en la ciudad deportiva <strong>Jos\u00e9 Ram\u00f3n Cisneros Palacios<\/strong> para continuar preparando el duelo del pr\u00f3ximo s\u00e1bado (18.30 horas) ante el <strong>Deportivo Alav\u00e9s<\/strong> en Mendizorroza. Mat\u00edas Almeyda depura con sus jugadores los aspectos a mejorar y busca potenciar los puntos fuertes del equipo. <\/p>\n<p class=\"voc-p\" style=\"\">De cara al partido ante el cuadro babazorro el Sevilla podr\u00eda tener la \u00fanica baja de <strong>Joan Jord\u00e1n<\/strong>. El centrocampista catal\u00e1n, <a href=\"https:\/\/www.abc.es\/deportes\/orgullodenervion\/noticias-sevilla-fc\/jordan-pasa-quirofano-alarga-negro-tunel-sevilla-20250715105946-nts.html\" target=\"_self\" data-voc-vtm-id=\"in-text-traffic\" title=\"operado durante el mes de julio de una hernia de disco\" data-mrf-link=\"www.abc.es\" rel=\"nofollow noopener\">operado durante el mes de julio de una hernia de disco<\/a>, est\u00e1 cerca de volver a poder estar disponible, ya que de hecho este martes estuvo incluso haciendo ejercicios al margen del resto de sus compa\u00f1eros sobre el c\u00e9sped del campo de entrenamiento. <\/p>\n<p class=\"voc-p\" style=\"\">El Sevilla suma cuatro puntos tras la disputa de las primeras cuatro jornadas y Mat\u00edas Almeyda busca poder regresar a la senda de las victorias el pr\u00f3ximo domingo ante un Alav\u00e9s que llegar\u00e1 a la cita tras haber derrotado al Athletic Club el pasado fin de semana. <\/p>\n<p>Reportar un error<\/p>\n","protected":false},"excerpt":{"rendered":"El centrocampista catal\u00e1n es el \u00fanico futbolista que todav\u00eda no tiene el alta competitiva Alexis S\u00e1nchez trabaja con&hellip;\n","protected":false},"author":2,"featured_media":118782,"comment_status":"","ping_status":"","sticky":false,"template":"","format":"standard","meta":{"footnotes":""},"categories":[268],"tags":[1334,168,11010,25,24,280,282,5170,16415,29401,39461,1171,1262,281,23,167,938],"class_list":{"0":"post-118781","1":"post","2":"type-post","3":"status-publish","4":"format-standard","5":"has-post-thumbnail","7":"category-futbol","8":"tag-alaves","9":"tag-deportes","10":"tag-entrenando","11":"tag-es","12":"tag-espana","13":"tag-football","14":"tag-futbol","15":"tag-joan","16":"tag-jordan","17":"tag-margen","18":"tag-preparando","19":"tag-sevilla","20":"tag-sigue","21":"tag-soccer","22":"tag-spain","23":"tag-sports","24":"tag-visita"},"share_on_mastodon":{"url":"","error":""},"_links":{"self":[{"href":"https:\/\/www.europesays.com\/es\/wp-json\/wp\/v2\/posts\/118781","targetHints":{"allow":["GET"]}}],"collection":[{"href":"https:\/\/www.europesays.com\/es\/wp-json\/wp\/v2\/posts"}],"about":[{"href":"https:\/\/www.europesays.com\/es\/wp-json\/wp\/v2\/types\/post"}],"author":[{"embeddable":true,"href":"https:\/\/www.europesays.com\/es\/wp-json\/wp\/v2\/users\/2"}],"replies":[{"embeddable":true,"href":"https:\/\/www.europesays.com\/es\/wp-json\/wp\/v2\/comments?post=118781"}],"version-history":[{"count":0,"href":"https:\/\/www.europesays.com\/es\/wp-json\/wp\/v2\/posts\/118781\/revisions"}],"wp:featuredmedia":[{"embeddable":true,"href":"https:\/\/www.europesays.com\/es\/wp-json\/wp\/v2\/media\/118782"}],"wp:attachment":[{"href":"https:\/\/www.europesays.com\/es\/wp-json\/wp\/v2\/media?parent=118781"}],"wp:term":[{"taxonomy":"category","embeddable":true,"href":"https:\/\/www.europesays.com\/es\/wp-json\/wp\/v2\/categories?post=118781"},{"taxonomy":"post_tag","embeddable":true,"href":"https:\/\/www.europesays.com\/es\/wp-json\/wp\/v2\/tags?post=118781"}],"curies":[{"name":"wp","href":"https:\/\/api.w.org\/{rel}","templated":true}]}}