{"id":118783,"date":"2025-09-16T13:05:10","date_gmt":"2025-09-16T13:05:10","guid":{"rendered":"https:\/\/www.europesays.com\/es\/118783\/"},"modified":"2025-09-16T13:05:10","modified_gmt":"2025-09-16T13:05:10","slug":"muere-robert-redford-a-los-89-anos","status":"publish","type":"post","link":"https:\/\/www.europesays.com\/es\/118783\/","title":{"rendered":"Muere Robert Redford a los 89 a\u00f1os"},"content":{"rendered":"<p><img fetchpriority=\"high\" class=\"v-a-img\" src=\"https:\/\/www.europesays.com\/es\/wp-content\/uploads\/2025\/09\/robert2-U23075309795WsB-U23029458132999SH-1200x840@El Correo.JPG\" loading=\"eager\" decoding=\"async\" alt=\"Robert Redford, padre del Festival de Sundance que consagr\u00f3 el cine independiente en EE UU y activista.\"  width=\"1200\" height=\"840\"\/><\/p>\n<p>Robert Redford, padre del Festival de Sundance que consagr\u00f3 el cine independiente en EE UU y activista.                  <\/p>\n<p>El legendario protagonista de &#8216;El golpe&#8217; y &#8216;Dos hombres y un destino&#8217;, ganador de un Oscar como director de &#8216;Gente corriente&#8217;, ha fallecido en su casa de Utah<\/p>\n<p><a class=\"v-mdl-ath__fig-a\" href=\"https:\/\/www.elcorreo.com\/autor\/oskar-belategui-102.html\" title=\"Oskar Belategui\" rel=\"nofollow noopener\" target=\"_blank\"><br \/>\n<img decoding=\"async\" class=\"v-mdl-ath__img\" src=\"https:\/\/www.europesays.com\/es\/wp-content\/uploads\/2025\/08\/autor-102-foto-2.jpeg\" alt=\"Oskar Belategui\"\/><br \/>\n<\/a><\/p>\n<p class=\"v-mdl-ath__p v-mdl-ath__p--6\">\nMartes, 16 de septiembre 2025, 14:15<\/p>\n<p>| Actualizado 14:56h.<\/p>\n<p class=\"v-p\">Nunca fue un h\u00e9roe de acci\u00f3n, lo suyo era m\u00e1s bien encarnar al americano \u00edntegro enfrentado al sistema. Al igual que en &#8216;Las aventuras de Jeremiah Johnson&#8217; -su pel\u00edcula m\u00e1s querida-, donde era un trampero que se perd\u00eda en las Rocosas, Robert Redford parec\u00eda un poco fuera de lugar en el Hollywood de las \u00faltimas d\u00e9cadas, que solo obedece a la tiran\u00eda de la taquilla. Sin embargo, su leyenda se mantuvo intacta hasta su muerte este martes. Seg\u00fan revela el &#8216;New York Times&#8217;, el protagonista de &#8216;Todos los hombres del presidente&#8217;, &#8216;Dos hombres y un destino&#8217; o &#8216;El golpe&#8217; ha fallecido a los 89 a\u00f1os en su casa de Utah.<\/p>\n<p class=\"v-p\">Cuenta Peter Biskind en su ensayo sobre el cine independiente &#8216;Sexo, mentiras y Hollywood&#8217; (Ed. Anagrama) que Redford siempre se vio a s\u00ed mismo como un intruso en el glamour de Hollywood. Demasiado liberal para unirse al viejo grupo dirigente, a lo largo de su carrera se dedic\u00f3 a desplegar el poder que confiere la fama con vistas a articular un cambio social de signo progresista, mostrando particular afinidad por el medio ambiente y los derechos de los nativos norteamericanos.<\/p>\n<p class=\"v-p\">Izquierdista en el laxo sentido estadounidense, s\u00ed, pero no tonto. A mediados de los 60, el actor compr\u00f3 tierras semisalvajes a dos mil metros de altura en las monta\u00f1as Wasatch de Utah. Tras ganar mucho dinero con &#8216;Dos hombres y un destino&#8217;, adquiri\u00f3 junto a unos socios una estaci\u00f3n de esqu\u00ed que se revel\u00f3 un fracaso por la carencia de nieve. Concibi\u00f3 entonces una colonia para artistas, el Instituto Sundance, bautizado en honor al atracador de bancos que hab\u00eda encarnado junto a Paul Newman. Con el tiempo, el festival Sundance ser\u00eda la meca del cine independiente y el actor continuar\u00eda su cruzada ecologista hasta ser propietario de 2.000 hect\u00e1reas de bosques v\u00edrgenes.<\/p>\n<p class=\"v-p\">La suya fue una toma de conciencia tard\u00eda, porque en la \u00e9poca en que Jane Fonda se manifestaba contra la Guerra de Vietnam, la estrella rubia parec\u00eda m\u00e1s ocupada en consolidar su carrera con filmes como &#8216;Tal como \u00e9ramos&#8217; y &#8216;El golpe&#8217;. Sin embargo, su estatus de mito de Hollywood resulta indisociable de su condici\u00f3n de activista. En realidad, el sino del californiano ha sido encontrar el reconocimiento en tareas distintas a la actuaci\u00f3n y a su primera vocaci\u00f3n de ser pintor. Su \u00fanico Oscar lo obtuvo por dirigir en 1980 &#8216;Gente corriente&#8217;, arrebat\u00e1ndoselo nada menos que al Martin Scorsese de la magna &#8216;Toro salvaje&#8217;.<\/p>\n<p><img decoding=\"async\" loading=\"lazy\" src=\"https:\/\/www.europesays.com\/es\/wp-content\/uploads\/2025\/09\/redford-fonda-U23075309795HGH--650x455@El Correo.jpg\" class=\"v-a-img\" width=\"650\" height=\"455\" alt=\"Robert Redford y Jane Fonda en el Festival de Venecia de 2017.\" data-voc-vtm-id=\"in-text-traffic\"\/><\/p>\n<p>Robert Redford y Jane Fonda en el Festival de Venecia de 2017.<\/p>\n<p>AFP<\/p>\n<p><img loading=\"lazy\" decoding=\"async\" src=\"https:\/\/www.europesays.com\/es\/wp-content\/uploads\/2025\/09\/redford-fonda-U23075309795HGH--650x455@El Correo.jpg\" class=\"v-mdl__img-z\" width=\"650\" height=\"455\" alt=\"\"\/><\/p>\n<p class=\"v-p\">\nLa redacci\u00f3n de EL CORREO trabaja en estos momentos para actualizar y completar esta informaci\u00f3n.\n<\/p>\n<p class=\"v-p\">\nEL CORREO+ Disfruta de una experiencia \u00fanica y navega sin l\u00edmites por nuestra web. Suscr\u00edbete<br \/>\n<a href=\"https:\/\/areapersonal.elcorreo.com\/suscripcion\/\" rel=\"nofollow noopener\" target=\"_blank\"><br \/>\naqu\u00ed<br \/>\n<\/a><br \/>\n.\n<\/p>\n<p>Comenta<\/p>\n<p>Reporta un error<\/p>\n","protected":false},"excerpt":{"rendered":"Robert Redford, padre del Festival de Sundance que consagr\u00f3 el cine independiente en EE UU y activista. El&hellip;\n","protected":false},"author":2,"featured_media":118784,"comment_status":"","ping_status":"","sticky":false,"template":"","format":"standard","meta":{"footnotes":""},"categories":[174],"tags":[988,255,146,147,25,24,256,8938,39459,12027,23],"class_list":{"0":"post-118783","1":"post","2":"type-post","3":"status-publish","4":"format-standard","5":"has-post-thumbnail","7":"category-famosos","8":"tag-anos","9":"tag-celebrities","10":"tag-entertainment","11":"tag-entretenimiento","12":"tag-es","13":"tag-espana","14":"tag-famosos","15":"tag-muere","16":"tag-redford","17":"tag-robert","18":"tag-spain"},"share_on_mastodon":{"url":"","error":""},"_links":{"self":[{"href":"https:\/\/www.europesays.com\/es\/wp-json\/wp\/v2\/posts\/118783","targetHints":{"allow":["GET"]}}],"collection":[{"href":"https:\/\/www.europesays.com\/es\/wp-json\/wp\/v2\/posts"}],"about":[{"href":"https:\/\/www.europesays.com\/es\/wp-json\/wp\/v2\/types\/post"}],"author":[{"embeddable":true,"href":"https:\/\/www.europesays.com\/es\/wp-json\/wp\/v2\/users\/2"}],"replies":[{"embeddable":true,"href":"https:\/\/www.europesays.com\/es\/wp-json\/wp\/v2\/comments?post=118783"}],"version-history":[{"count":0,"href":"https:\/\/www.europesays.com\/es\/wp-json\/wp\/v2\/posts\/118783\/revisions"}],"wp:featuredmedia":[{"embeddable":true,"href":"https:\/\/www.europesays.com\/es\/wp-json\/wp\/v2\/media\/118784"}],"wp:attachment":[{"href":"https:\/\/www.europesays.com\/es\/wp-json\/wp\/v2\/media?parent=118783"}],"wp:term":[{"taxonomy":"category","embeddable":true,"href":"https:\/\/www.europesays.com\/es\/wp-json\/wp\/v2\/categories?post=118783"},{"taxonomy":"post_tag","embeddable":true,"href":"https:\/\/www.europesays.com\/es\/wp-json\/wp\/v2\/tags?post=118783"}],"curies":[{"name":"wp","href":"https:\/\/api.w.org\/{rel}","templated":true}]}}