{"id":118804,"date":"2025-09-16T13:16:04","date_gmt":"2025-09-16T13:16:04","guid":{"rendered":"https:\/\/www.europesays.com\/es\/118804\/"},"modified":"2025-09-16T13:16:04","modified_gmt":"2025-09-16T13:16:04","slug":"intento-suicidarse-arrojandose-de-un-4-piso-cayo-sobre-su-vecina-la-mato-y-ahora-esta-acusado-de-homicidio","status":"publish","type":"post","link":"https:\/\/www.europesays.com\/es\/118804\/","title":{"rendered":"Intent\u00f3 suicidarse arroj\u00e1ndose de un 4\u00b0 piso, cay\u00f3 sobre su vecina, la mat\u00f3 y ahora est\u00e1 acusado de homicidio"},"content":{"rendered":"<p><img alt=\"La polic\u00eda forense de Milan\" class=\"global-image\" decoding=\"async\" fetchpriority=\"high\" height=\"1080\" loading=\"eager\" src=\"https:\/\/www.europesays.com\/es\/wp-content\/uploads\/2025\/09\/MCVBBEMGQ5HLZFDFIATHKX5ES4.jpg\" width=\"1920\"\/>La polic\u00eda forense de Milan investigando los detalles del hecho. La mujer falleci\u00f3 en el acto, mientras que el hombre permanece hospitalizado (foto: EFE)<\/p>\n<p class=\"paragraph\">Una conmoci\u00f3n sacudi\u00f3 el barrio de Baggio, en <a href=\"https:\/\/www.infobae.com\/espana\/2025\/08\/20\/un-hombre-incendia-el-mostrador-de-facturacion-del-aeropuerto-de-milan-el-martes-habia-sido-denunciado-por-romper-el-escaparate-de-una-tienda-con-un-martillo\/\" target=\"_blank\" rel=\"noreferrer nofollow noopener\" title=\"https:\/\/www.infobae.com\/espana\/2025\/08\/20\/un-hombre-incendia-el-mostrador-de-facturacion-del-aeropuerto-de-milan-el-martes-habia-sido-denunciado-por-romper-el-escaparate-de-una-tienda-con-un-martillo\/\"><b>Mil\u00e1n<\/b><\/a>, luego de que un intento de suicidio se transformara en un caso de homicidio involuntario. Un hombre de 70 a\u00f1os intent\u00f3 quitarse la vida al saltar desde un cuarto piso, sin embargo, aterriz\u00f3 sobre <b>Francesca Manno<\/b>, su vecina, a quien <b>mat\u00f3 en el acto<\/b>.<\/p>\n<p class=\"paragraph\">Ahora, tras el fallecimiento de la mujer de 83 a\u00f1os, el hombre<b> \u2014cuya identidad no ha trascendido\u2014<\/b> qued\u00f3 imputado por <a href=\"https:\/\/www.infobae.com\/sociedad\/policiales\/2025\/09\/16\/estaba-profugo-por-un-homicidio-cometido-en-2021-y-lo-atraparon-tras-una-denuncia-por-robo\/\" target=\"_blank\" rel=\"noreferrer nofollow noopener\" title=\"https:\/\/www.infobae.com\/sociedad\/policiales\/2025\/09\/16\/estaba-profugo-por-un-homicidio-cometido-en-2021-y-lo-atraparon-tras-una-denuncia-por-robo\/\">homicidio<\/a>.<\/p>\n<p class=\"paragraph\">El incidente ocurri\u00f3 la noche del domingo 14 de septiembre, en un edificio ubicado en <b>v\u00eda Fratelli di Dio<\/b>. De acuerdo con la informaci\u00f3n emitida por cadenas como EFE, el hombre se arroj\u00f3 desde el balc\u00f3n de su vivienda situada en el 4\u00b0 piso, desde una altura de aproximadamente 20 metros. El impacto, al llegar al suelo, coincidi\u00f3 precisamente con el paso de Francesca Manno, quien en ese momento <b>regresaba a su casa tras haber salido a tirar la basura<\/b>.<\/p>\n<p class=\"paragraph\">La colisi\u00f3n fue inmediata y fulminante: la mujer <b>qued\u00f3 tendida en el patio interno del edificio<\/b>, y los m\u00e9dicos solo pudieron constatar su fallecimiento. Los equipos de emergencia intentaron maniobras de reanimaci\u00f3n, pero todos los esfuerzos fueron infructuosos ante la violencia del golpe, informaron fuentes citadas por ABC.<\/p>\n<p class=\"paragraph\">A pesar de la gravedad de la ca\u00edda, el hombre sobrevivi\u00f3. Los servicios de emergencia lo evacuaron al hospital <b>Niguarda<\/b> con diversas fracturas, <b>sobre todo en las extremidades inferiores<\/b>. Seg\u00fan reportaron las autoridades, se encontraba en estado cr\u00edtico, pero fuera de peligro de muerte, permaneciendo consciente durante el traslado, apunt\u00f3 La Vanguardia.<\/p>\n<p class=\"paragraph\">Actualmente, el hombre se encuentra hospitalizado, en libertad provisional pero <b>sometido a investigaci\u00f3n<\/b>. La polic\u00eda y los carabineros italianos confirmaron que se trat\u00f3 de <b>un intento de suicidio que termin\u00f3 con su vecina muerta<\/b>. <\/p>\n<p class=\"paragraph\">Inicialmente, surgieron rumores acerca de un posible <b>doble suicidio o v\u00ednculo sentimental entre los protagonistas<\/b>, pero los agentes del N\u00facleo Radiomobile y de la estaci\u00f3n San Cristoforo descartaron r\u00e1pidamente cualquier relaci\u00f3n entre ambos. \u201cEl hombre hab\u00eda intentado quitarse la vida, impactando accidentalmente con la mujer al caer\u201d, confirmaron las autoridades al medio espa\u00f1ol.<\/p>\n<p><img alt=\"Imagen de la V\u00eda Fratelli\" class=\"global-image\" decoding=\"async\" fetchpriority=\"low\" height=\"781\" loading=\"lazy\" src=\"https:\/\/www.europesays.com\/es\/wp-content\/uploads\/2025\/09\/EBBUEZB7DBCHHAKJJKC2W6KONQ.png\" width=\"1145\"\/>Imagen de la V\u00eda Fratelli di, lugar del fat\u00eddico hecho (foto: Captura de Google Maps)<\/p>\n<p class=\"paragraph\">La reacci\u00f3n judicial no se hizo esperar. El responsable sobreviviente fue <b>denunciado formalmente por homicidio involuntario<\/b>. La polic\u00eda contin\u00faa trabajando para <b>reconstruir con exactitud la secuencia de los hechos<\/b>, aclarando cualquier aspecto dudoso en torno a la ca\u00edda y las circunstancias que la rodearon, se\u00f1alaron voceros a EFE.<\/p>\n<p class=\"paragraph\">Seg\u00fan la agencia AdnKronos, citada por ABC, la acusaci\u00f3n corresponde a <b>homicidio involuntario<\/b>, dado que, aunque el principal objetivo era el suicidio, su acci\u00f3n deriv\u00f3 en la muerte de otra persona. De acuerdo con la legislaci\u00f3n italiana, este tipo de incidentes pueden derivar en penas de <b>prisi\u00f3n si se comprueba la negligencia o responsabilidad indirecta del autor.<\/b><\/p>\n<p class=\"paragraph\">La tragedia dej\u00f3 <b>at\u00f3nitos a los residentes del barrio Baggio<\/b>, quienes se mostraron profundamente afectados por la fatalidad del suceso. Muchos vecinos destacaron que Francesca Manno era una persona conocida, y se mostraron conmocionados ante la brutal coincidencia que termin\u00f3 con su vida.<\/p>\n<p class=\"paragraph\">Testigos relataron que la v\u00edctima solo sali\u00f3 a tirar la basura antes de ser alcanzada por el cuerpo de su vecino. <b>\u201cEl golpe fue inmediato y fatal, sin que la mujer tuviera ninguna opci\u00f3n de sobrevivir\u201d<\/b>, se\u00f1alaron fuentes policiales. La zona permaneci\u00f3 acordonada por varias horas, mientras los agentes forenses recogieron testimonios y llevaron a cabo las tareas de reconstrucci\u00f3n para terminar de esclarecer los detalles de un hecho m\u00e1s que curioso. <\/p>\n","protected":false},"excerpt":{"rendered":"La polic\u00eda forense de Milan investigando los detalles del hecho. La mujer falleci\u00f3 en el acto, mientras que&hellip;\n","protected":false},"author":2,"featured_media":118805,"comment_status":"","ping_status":"","sticky":false,"template":"","format":"standard","meta":{"footnotes":""},"categories":[42],"tags":[17,18,13,14,11,61,62,63,64,19,20,9,10,15,16,12,21,22,65,66,67],"class_list":{"0":"post-118804","1":"post","2":"type-post","3":"status-publish","4":"format-standard","5":"has-post-thumbnail","7":"category-internacional","8":"tag-breaking-news","9":"tag-breakingnews","10":"tag-featured-news","11":"tag-featurednews","12":"tag-headlines","13":"tag-internacional","14":"tag-international","15":"tag-international-news","16":"tag-internationalnews","17":"tag-latest-news","18":"tag-latestnews","19":"tag-news","20":"tag-noticias","21":"tag-noticias-destacadas","22":"tag-noticiasdestacadas","23":"tag-titulares","24":"tag-ultimas-noticias","25":"tag-ultimasnoticias","26":"tag-world","27":"tag-world-news","28":"tag-worldnews"},"share_on_mastodon":{"url":"","error":""},"_links":{"self":[{"href":"https:\/\/www.europesays.com\/es\/wp-json\/wp\/v2\/posts\/118804","targetHints":{"allow":["GET"]}}],"collection":[{"href":"https:\/\/www.europesays.com\/es\/wp-json\/wp\/v2\/posts"}],"about":[{"href":"https:\/\/www.europesays.com\/es\/wp-json\/wp\/v2\/types\/post"}],"author":[{"embeddable":true,"href":"https:\/\/www.europesays.com\/es\/wp-json\/wp\/v2\/users\/2"}],"replies":[{"embeddable":true,"href":"https:\/\/www.europesays.com\/es\/wp-json\/wp\/v2\/comments?post=118804"}],"version-history":[{"count":0,"href":"https:\/\/www.europesays.com\/es\/wp-json\/wp\/v2\/posts\/118804\/revisions"}],"wp:featuredmedia":[{"embeddable":true,"href":"https:\/\/www.europesays.com\/es\/wp-json\/wp\/v2\/media\/118805"}],"wp:attachment":[{"href":"https:\/\/www.europesays.com\/es\/wp-json\/wp\/v2\/media?parent=118804"}],"wp:term":[{"taxonomy":"category","embeddable":true,"href":"https:\/\/www.europesays.com\/es\/wp-json\/wp\/v2\/categories?post=118804"},{"taxonomy":"post_tag","embeddable":true,"href":"https:\/\/www.europesays.com\/es\/wp-json\/wp\/v2\/tags?post=118804"}],"curies":[{"name":"wp","href":"https:\/\/api.w.org\/{rel}","templated":true}]}}