{"id":118806,"date":"2025-09-16T13:17:10","date_gmt":"2025-09-16T13:17:10","guid":{"rendered":"https:\/\/www.europesays.com\/es\/118806\/"},"modified":"2025-09-16T13:17:10","modified_gmt":"2025-09-16T13:17:10","slug":"la-portada-de-la-feria-de-abril-de-sevilla-2026-fusiona-el-pabellon-de-portugal-y-el-cenador-de-carlos-v-del-alcazar","status":"publish","type":"post","link":"https:\/\/www.europesays.com\/es\/118806\/","title":{"rendered":"La portada de la Feria de Abril de Sevilla 2026 fusiona el Pabell\u00f3n de Portugal y el Cenador de Carlos V del Alc\u00e1zar"},"content":{"rendered":"<p><img decoding=\"async\" class=\"voc-author__img\" src=\"https:\/\/www.europesays.com\/es\/wp-content\/uploads\/2025\/09\/autor-6230-foto-6.jpeg\" alt=\"Pepe Trashorras\"\/><\/p>\n<p>16\/09\/2025<br \/>\n<br \/><strong><br \/>\nActualizado a las 14:38h.<br \/>\n<\/strong><\/p>\n<p class=\"voc-p\" style=\"\">Una fusi\u00f3n entre el Pabell\u00f3n de Portugal y el Cenador de Carlos V del Alc\u00e1zar en un nuevo dise\u00f1o que regresa a los elementos de la Exposici\u00f3n Iberoamericana de 1929. As\u00ed es la portada de la<strong> Feria de Abril de 2026<\/strong>, por la que pasar\u00e1n cientos y miles de sevillanos y for\u00e1neos el pr\u00f3ximo a\u00f1o. El delegado de Fiestas Mayores, Manuel Al\u00e9s, ha presentado este martes en el Sal\u00f3n Col\u00f3n del <strong>Ayuntamiento de Sevilla<\/strong> la obra cuyo dise\u00f1o corresponde al arquitecto italiano Davide Gambini. \u00abFue una dif\u00edcil decisi\u00f3n, porque se presentaron muchos dise\u00f1os\u00bb, se\u00f1al\u00f3 Al\u00e9s.<\/p>\n<p class=\"voc-p\" style=\"\">Gambini, autor de la portada de 2024, dio las gracias y explic\u00f3 que la obra nace de la combinaci\u00f3n del <strong>Pabell\u00f3n de Portugal de la Exposici\u00f3n<\/strong> Iberoamericana del 29 y elementos del <strong>Cenador de Carlos V<\/strong> del Real Alc\u00e1zar, concretamente, de sus azulejos. \u00abQuer\u00eda seguir el hilo conductor del 29, a\u00f1adiendo el Cenador de Carlos V para conmemorar la efem\u00e9ride del quinto centenario de la boda del emperador con Isabel de Portugal, testimonio del papel de Sevilla como cruce de caminos\u00bb. De este modo, la portada \u00abune dos dimensiones de Sevilla, la dimensi\u00f3n moderna e innovadora y la hist\u00f3rica\u00bb.<\/p>\n<p><img decoding=\"async\" loading=\"lazy\" src=\"https:\/\/www.europesays.com\/es\/wp-content\/uploads\/2025\/09\/portada-feria-diseno-U603399993282MGB-U701555287811gGF-760x530@diario_abc.jpg\" class=\"voc-img\" width=\"760\" height=\"530\" alt=\"La portada de la Feria de Abril de Sevilla 2026 fusiona el Pabell\u00f3n de Portugal y el Cenador de Carlos V del Alc\u00e1zar\" data-voc-vtm-id=\"in-text-traffic\"\/><\/p>\n<p class=\"voc-p\" style=\"\">En Sevilla se piensa en la primavera todo el a\u00f1o. Por ello, con el verano a\u00fan dando sus \u00faltimos coletazos, con un paso de misterio esperando para salir en procesi\u00f3n extraordinaria el viernes y el plazo para solicitar salir en la Cabalgata ya abierto, la presentaci\u00f3n de uno de los elementos m\u00e1s ic\u00f3nicos de la Feria de Abril supone el pistoletazo de salida para los <strong>preparativos de la pr\u00f3xima edici\u00f3n<\/strong> de esta fiesta mayor de la ciudad, como apunt\u00f3 Al\u00e9s: \u00abDesde ya, <strong>se pone a trabajar el equipo de Fiestas Mayores<\/strong> para adecuar este dise\u00f1o a la realidad en una magn\u00edfica portada\u00bb.<\/p>\n<p class=\"voc-p\" style=\"\">El delegado de Fiestas Mayores, que aludi\u00f3 a que Gambini es el segundo dise\u00f1ador de la portada de la Feria que repite, se centr\u00f3 en sus \u00abdos elementos centrales\u00bb. Comenz\u00f3 por el Pabell\u00f3n de Portugal, dise\u00f1ado por los hermanos Carlos y Guilherme Rebelo de Andrade, quienes proyectaron un edificio de <strong>marcado car\u00e1cter neobarroco e historicista <\/strong>inspirado en el estilo Jo\u00e3o V, recuperando elementos de la suntuosa arquitectura de ese reinado de la primera mitad del siglo XVIII, y que fue construido en su d\u00eda con materiales portugueses y decorado por artistas lusos: \u00abDamos la bienvenida a la <strong>c\u00f3nsul de Portugal<\/strong>, que nos acompa\u00f1a aqu\u00ed. Es una inmensa alegr\u00eda que el pa\u00eds vecino presida a trav\u00e9s de su pabell\u00f3n la Feria de Abril de 2026, algo que <strong>unir\u00e1 a\u00fan m\u00e1s los lazos<\/strong> entre la ciudad de Sevilla y tan hermoso pa\u00eds\u00bb. Destac\u00f3 la \u00abgran b\u00f3veda central\u00bb de la portada, as\u00ed como el homenaje a la boda real de la que se cumplen cinco siglos, que contribuir\u00e1 a que \u00abque la presencia que durante todo el a\u00f1o va a tener esa efem\u00e9ride sea a\u00fan m\u00e1s grande\u00bb.<\/p>\n<p class=\"voc-p\" style=\"\">Desde que el Ayuntamiento <strong>eliminara el requisito regionalista<\/strong> para el concurso de dise\u00f1os del pasado a\u00f1o \u2014cuando sali\u00f3 elegida una innovadora portada inspirada en el Pabell\u00f3n de Chile que combinaba los estilos precolombino y art dec\u00f3\u2014, el abanico de posibilidades se ha abierto de forma sensible. Hasta el pasado 11 de julio pod\u00edan presentarse las propuestas, entre las que ha resultado vencedora la de Gambini, que ha decidido volver al regionalismo y hacer otra marcada referencia al centenario del 29 que se cumple en s\u00f3lo tres a\u00f1os, muy reconocible y en consonancia con las portadas de los \u00faltimos a\u00f1os.<\/p>\n<p>\nSobre Davide Gambini\n<\/p>\n<p class=\"voc-p\" style=\"\">Davide Gambini naci\u00f3 un 23 de junio de 1991 en Vigevano, Italia. Ha crecido y vivido en un peque\u00f1o pueblo a unos pocos kil\u00f3metros de Milan. En 2017 se gradu\u00f3 en \u00abIngenieria Edile e Architettura\u00bb (<strong>doble grado en Ingenier\u00eda de la Edificaci\u00f3n y Arquitectura<\/strong>) en la Universit\u00e1 degli Studi di Pavia, en Italia. En el a\u00f1o acad\u00e9mico 2014-2015 estudi\u00f3 en la ETSA de Sevilla como Erasmus. En 2016 empez\u00f3 a dar los primeros pasos en el mundo laboral de la arquitectura haciendo una pr\u00e1ctica en un estudio de Mil\u00e1n (SBG Architetti).<\/p>\n<p class=\"voc-p\" style=\"\">Al terminar los estudios universitarios <strong>en 2017 se mud\u00f3 Sevilla<\/strong>, ciudad actual de residencia. Desde el 2018, despu\u00e9s de una pr\u00e1ctica en el estudio de Sevilla del arquitecto Federico Mangas Rodr\u00edguez, trabaj\u00f3 como arquitecto colaborando con varios estudios. Fue el autor de la <a href=\"https:\/\/www.abc.es\/sevilla\/ciudad\/portada-feria-abril-2024-20230912095223-nts.html\" title=\"www.abc.es\" data-voc-vtm-id=\"in-text-traffic\" data-mrf-link=\"www.abc.es\" rel=\"nofollow noopener\" target=\"_blank\">portada de la Feria de Sevilla de 2024<\/a>, con el <strong>pabell\u00f3n mud\u00e9jar de la Exposici\u00f3n de 1929<\/strong> como protagonista.<\/p>\n<p>Reportar un error<\/p>\n","protected":false},"excerpt":{"rendered":"16\/09\/2025 Actualizado a las 14:38h. Una fusi\u00f3n entre el Pabell\u00f3n de Portugal y el Cenador de Carlos V&hellip;\n","protected":false},"author":2,"featured_media":118807,"comment_status":"","ping_status":"","sticky":false,"template":"","format":"standard","meta":{"footnotes":""},"categories":[8],"tags":[3076,13099,24713,17,18,415,39468,25,24,13,14,599,39467,11,19,20,9,10,15,16,15356,338,1462,1171,23,12,21,22],"class_list":{"0":"post-118806","1":"post","2":"type-post","3":"status-publish","4":"format-standard","5":"has-post-thumbnail","7":"category-espana","8":"tag-3076","9":"tag-abril","10":"tag-alcazar","11":"tag-breaking-news","12":"tag-breakingnews","13":"tag-carlos","14":"tag-cenador","15":"tag-es","16":"tag-espana","17":"tag-featured-news","18":"tag-featurednews","19":"tag-feria","20":"tag-fusiona","21":"tag-headlines","22":"tag-latest-news","23":"tag-latestnews","24":"tag-news","25":"tag-noticias","26":"tag-noticias-destacadas","27":"tag-noticiasdestacadas","28":"tag-pabellon","29":"tag-portada","30":"tag-portugal","31":"tag-sevilla","32":"tag-spain","33":"tag-titulares","34":"tag-ultimas-noticias","35":"tag-ultimasnoticias"},"share_on_mastodon":{"url":"","error":""},"_links":{"self":[{"href":"https:\/\/www.europesays.com\/es\/wp-json\/wp\/v2\/posts\/118806","targetHints":{"allow":["GET"]}}],"collection":[{"href":"https:\/\/www.europesays.com\/es\/wp-json\/wp\/v2\/posts"}],"about":[{"href":"https:\/\/www.europesays.com\/es\/wp-json\/wp\/v2\/types\/post"}],"author":[{"embeddable":true,"href":"https:\/\/www.europesays.com\/es\/wp-json\/wp\/v2\/users\/2"}],"replies":[{"embeddable":true,"href":"https:\/\/www.europesays.com\/es\/wp-json\/wp\/v2\/comments?post=118806"}],"version-history":[{"count":0,"href":"https:\/\/www.europesays.com\/es\/wp-json\/wp\/v2\/posts\/118806\/revisions"}],"wp:featuredmedia":[{"embeddable":true,"href":"https:\/\/www.europesays.com\/es\/wp-json\/wp\/v2\/media\/118807"}],"wp:attachment":[{"href":"https:\/\/www.europesays.com\/es\/wp-json\/wp\/v2\/media?parent=118806"}],"wp:term":[{"taxonomy":"category","embeddable":true,"href":"https:\/\/www.europesays.com\/es\/wp-json\/wp\/v2\/categories?post=118806"},{"taxonomy":"post_tag","embeddable":true,"href":"https:\/\/www.europesays.com\/es\/wp-json\/wp\/v2\/tags?post=118806"}],"curies":[{"name":"wp","href":"https:\/\/api.w.org\/{rel}","templated":true}]}}