{"id":11881,"date":"2025-07-29T15:06:08","date_gmt":"2025-07-29T15:06:08","guid":{"rendered":"https:\/\/www.europesays.com\/es\/11881\/"},"modified":"2025-07-29T15:06:08","modified_gmt":"2025-07-29T15:06:08","slug":"el-fmi-mejora-la-prevision-sobre-la-economia-mundial-por-una-modesta-desescalada-de-las-tensiones-comerciales-economia","status":"publish","type":"post","link":"https:\/\/www.europesays.com\/es\/11881\/","title":{"rendered":"El FMI mejora la previsi\u00f3n sobre la econom\u00eda mundial por una modesta desescalada de las tensiones comerciales | Econom\u00eda"},"content":{"rendered":"<p class=\"\">\u201cTenue resistencia en medio de una incertidumbre persistente\u201d. Los t\u00edtulos de los informes de perspectivas econ\u00f3micas del Fondo Monetario Internacional (FMI), en ocasiones, son elocuentes. Aunque no siempre envejecen bien. En esta ocasi\u00f3n, habr\u00e1 que esperar para esa evaluaci\u00f3n, pero la econom\u00eda mundial parece haber superado, de momento, sin grandes secuelas <a href=\"https:\/\/elpais.com\/internacional\/2025-04-02\/trump-declara-la-guerra-comercial-al-mundo-con-aranceles-minimos-del-10-y-tasas-mayores-a-sus-principales-socios-comerciales.html\" target=\"_self\" rel=\"nofollow noopener\" title=\"https:\/\/elpais.com\/internacional\/2025-04-02\/trump-declara-la-guerra-comercial-al-mundo-con-aranceles-minimos-del-10-y-tasas-mayores-a-sus-principales-socios-comerciales.html\">la tormenta arancelaria desatada el pasado 2 de abril por el presidente estadounidense<\/a>, Donald Trump, cuando cambi\u00f3 las reglas del comercio internacional tal y como las conoc\u00edamos hasta ahora y, con un simple cartel de cart\u00f3n, anunci\u00f3 aranceles indiscriminados a todo el mundo.<\/p>\n<p class=\"\">El FMI proyecta un crecimiento mundial del 3% para este a\u00f1o y del 3,1% para 2026, <a href=\"https:\/\/elpais.com\/economia\/2025-04-22\/trump-echa-el-freno-a-la-economia-mundial.html\" target=\"_self\" rel=\"nofollow noopener\" title=\"https:\/\/elpais.com\/economia\/2025-04-22\/trump-echa-el-freno-a-la-economia-mundial.html\">lo que supone una mejora de dos d\u00e9cimas<\/a> y una d\u00e9cima respectivamente respecto a las \u00faltimas Perspectivas de la Econom\u00eda Mundial publicadas el pasado de abril. \u201cLa mayor\u00eda de las regiones est\u00e1n experimentando mejoras moderadas en su crecimiento este a\u00f1o y el pr\u00f3ximo. Esta resiliencia es bienvenida, pero tambi\u00e9n fr\u00e1gil. Si bien el impacto comercial podr\u00eda resultar menos severo de lo que se tem\u00eda inicialmente, sigue siendo considerable, y cada vez hay m\u00e1s evidencia de que est\u00e1 perjudicando la econom\u00eda mundial\u201d. <\/p>\n<p class=\"\">Los c\u00e1lculos para Espa\u00f1a se mantienen constantes, sin mejoras, pero tampoco revisiones a la baja. De esta forma, Espa\u00f1a se mantiene como el pa\u00eds de entre las econom\u00edas desarrolladas que m\u00e1s crecer\u00e1 este a\u00f1o, <a href=\"https:\/\/elpais.com\/economia\/2025-04-10\/el-fmi-eleva-las-previsiones-de-crecimiento-de-espana-al-25-pese-a-la-guerra-comercial.html\" target=\"_self\" rel=\"nofollow noopener\" title=\"https:\/\/elpais.com\/economia\/2025-04-10\/el-fmi-eleva-las-previsiones-de-crecimiento-de-espana-al-25-pese-a-la-guerra-comercial.html\">con una previsi\u00f3n de avance de la actividad del 2,5%<\/a>. Los economistas del Fondo auguran una p\u00e9rdida de dinamismo y calculan que el PIB avanzar\u00e1 un 1,8% el pr\u00f3ximo ejercicio, solo por detr\u00e1s de Canad\u00e1 y Estados Unidos.<\/p>\n<p class=\"\">La actualizaci\u00f3n de las perspectivas econ\u00f3micas del Fondo (WEO, en sus siglas en ingl\u00e9s) se producen dos d\u00edas despu\u00e9s de que Estados Unidos y la Uni\u00f3n Europea hayan alcanzado un acuerdo sobre los aranceles. El resultado, tras semanas de intensas negociaciones entre los mayores bloques econ\u00f3micos del mundo, consiste en <a href=\"https:\/\/elpais.com\/internacional\/2025-07-27\/trump-preve-un-50-de-posibilidades-de-acuerdo-comercial-con-la-ue-al-inicio-de-la-reunion-con-von-der-leyen.html\" target=\"_self\" rel=\"nofollow noopener\" title=\"https:\/\/elpais.com\/internacional\/2025-07-27\/trump-preve-un-50-de-posibilidades-de-acuerdo-comercial-con-la-ue-al-inicio-de-la-reunion-con-von-der-leyen.html\">una humillante cesi\u00f3n por parte de Bruselas,<\/a> que acepta una tasa general del 15% para sus exportaciones hac\u00eda Washington, con algunas excepciones.<\/p>\n<p class=\"\">\u201cLa evoluci\u00f3n del comercio mundial sigue condicionando las perspectivas. Tras una escalada sin precedentes de los aranceles impuestos al resto del mundo el pasado abril, Estados Unidos revirti\u00f3 parcialmente su postura, <a href=\"https:\/\/elpais.com\/internacional\/2025-07-14\/la-comision-europea-cree-que-el-arancel-del-30-anunciado-por-trump-practicamente-prohibe-el-comercio-transatlantico.html\" target=\"_self\" rel=\"nofollow noopener\" title=\"https:\/\/elpais.com\/internacional\/2025-07-14\/la-comision-europea-cree-que-el-arancel-del-30-anunciado-por-trump-practicamente-prohibe-el-comercio-transatlantico.html\">suspendiendo la aplicaci\u00f3n de tarifas m\u00e1s altas<\/a> a la mayor\u00eda de sus socios comerciales\u201d, ha se\u00f1alado este martes el economista jefe del organismo, Pierre-Olivier Gourinchas. <\/p>\n<p class=\"\">El organismo multilateral, <a href=\"https:\/\/elpais.com\/economia\/2025-04-04\/trump-da-la-puntilla-a-bretton-woods.html\" target=\"_self\" rel=\"nofollow noopener\" title=\"https:\/\/elpais.com\/economia\/2025-04-04\/trump-da-la-puntilla-a-bretton-woods.html\">creado en el marco de Bretton Woods<\/a>, un orden econ\u00f3mico que se ve amenazado por las nuevas reglas que quiere imponer Donald Trump, no esconde su preocupaci\u00f3n por el futuro de la econom\u00eda, pese a que el peor escenario que dibujaban sus economistas hace tres meses no se ha materializado. \u201cA pesar de los avances positivos, los aranceles se mantienen en niveles hist\u00f3ricamente altos y la pol\u00edtica mundial sigue siendo muy incierta, ya que solo unos pocos pa\u00edses han alcanzado acuerdos comerciales plenamente consolidados\u201d, apostilla Gourinchas. <\/p>\n<p class=\"\">El Fondo admite que se ha producido una modesta disminuci\u00f3n de las tensiones comerciales que, aunque es fr\u00e1gil, ha contribuido a que la econom\u00eda mundial haya logrado resistir a los desaf\u00edos que la golpean. Los t\u00e9cnicos de la instituci\u00f3n que preside la b\u00falgara Kristalina Georgieva enumera tres acontecimientos que han contribuido a sostener el ritmo econ\u00f3mico a pesar de los riesgos crecientes. \u201cEsto refleja la concentraci\u00f3n de los aranceles antes de su aplicaci\u00f3n, tasas arancelarias efectivas m\u00e1s bajas, mejores condiciones financieras y expansi\u00f3n fiscal en algunas jurisdicciones importantes\u201d, sostiene el organismo con sede en Washington. <\/p>\n<p class=\"\">En primer lugar, el anuncio realizado por Trump en abril de que impondr\u00eda de aranceles rec\u00edprocos indiscriminados tuvo un inmediato efecto en las exportaciones del segundo trimestre a Estados Unidos <a href=\"https:\/\/elpais.com\/economia\/2025-05-16\/la-ue-duplica-el-superavit-comercial-con-ee-uu-por-el-adelanto-de-ventas-para-evitar-los-aranceles.html\" target=\"_self\" rel=\"nofollow noopener\" title=\"https:\/\/elpais.com\/economia\/2025-05-16\/la-ue-duplica-el-superavit-comercial-con-ee-uu-por-el-adelanto-de-ventas-para-evitar-los-aranceles.html\">como efecto acopio para evitar unas mayores tasas.<\/a> Este fen\u00f3meno supuso un notable incremento de la facturaci\u00f3n de empresas europeas y asi\u00e1ticas y, por tanto, una aceleraci\u00f3n de estas econom\u00edas. Por otra parte, las condiciones financieras mejoraron y los bancos centrales han mantenido una relajaci\u00f3n de su pol\u00edtica monetaria tras lograr controlar la crisis inflacionaria. Y por \u00faltimo, la depreciaci\u00f3n del d\u00f3lar, un 8% desde enero, ha amplificado el impacto del shock arancelario sobre la competitividad de otros pa\u00edses.<\/p>\n","protected":false},"excerpt":{"rendered":"\u201cTenue resistencia en medio de una incertidumbre persistente\u201d. Los t\u00edtulos de los informes de perspectivas econ\u00f3micas del Fondo&hellip;\n","protected":false},"author":2,"featured_media":11882,"comment_status":"","ping_status":"","sticky":false,"template":"","format":"standard","meta":{"footnotes":""},"categories":[42],"tags":[4135,17,18,8353,8065,352,95,8354,629,13,14,8352,5850,11,61,62,63,64,19,20,9,10,15,16,8066,12,21,22,1617,65,66,67],"class_list":{"0":"post-11881","1":"post","2":"type-post","3":"status-publish","4":"format-standard","5":"has-post-thumbnail","7":"category-internacional","8":"tag-aranceles","9":"tag-breaking-news","10":"tag-breakingnews","11":"tag-coyuntura-economica","12":"tag-crecimiento-economico","13":"tag-donald-trump","14":"tag-economia","15":"tag-economia-europea","16":"tag-estados-unidos","17":"tag-featured-news","18":"tag-featurednews","19":"tag-fmi","20":"tag-guerra-comercial","21":"tag-headlines","22":"tag-internacional","23":"tag-international","24":"tag-international-news","25":"tag-internationalnews","26":"tag-latest-news","27":"tag-latestnews","28":"tag-news","29":"tag-noticias","30":"tag-noticias-destacadas","31":"tag-noticiasdestacadas","32":"tag-previsiones-economicas","33":"tag-titulares","34":"tag-ultimas-noticias","35":"tag-ultimasnoticias","36":"tag-union-europea","37":"tag-world","38":"tag-world-news","39":"tag-worldnews"},"share_on_mastodon":{"url":"","error":""},"_links":{"self":[{"href":"https:\/\/www.europesays.com\/es\/wp-json\/wp\/v2\/posts\/11881","targetHints":{"allow":["GET"]}}],"collection":[{"href":"https:\/\/www.europesays.com\/es\/wp-json\/wp\/v2\/posts"}],"about":[{"href":"https:\/\/www.europesays.com\/es\/wp-json\/wp\/v2\/types\/post"}],"author":[{"embeddable":true,"href":"https:\/\/www.europesays.com\/es\/wp-json\/wp\/v2\/users\/2"}],"replies":[{"embeddable":true,"href":"https:\/\/www.europesays.com\/es\/wp-json\/wp\/v2\/comments?post=11881"}],"version-history":[{"count":0,"href":"https:\/\/www.europesays.com\/es\/wp-json\/wp\/v2\/posts\/11881\/revisions"}],"wp:featuredmedia":[{"embeddable":true,"href":"https:\/\/www.europesays.com\/es\/wp-json\/wp\/v2\/media\/11882"}],"wp:attachment":[{"href":"https:\/\/www.europesays.com\/es\/wp-json\/wp\/v2\/media?parent=11881"}],"wp:term":[{"taxonomy":"category","embeddable":true,"href":"https:\/\/www.europesays.com\/es\/wp-json\/wp\/v2\/categories?post=11881"},{"taxonomy":"post_tag","embeddable":true,"href":"https:\/\/www.europesays.com\/es\/wp-json\/wp\/v2\/tags?post=11881"}],"curies":[{"name":"wp","href":"https:\/\/api.w.org\/{rel}","templated":true}]}}