{"id":118810,"date":"2025-09-16T13:20:07","date_gmt":"2025-09-16T13:20:07","guid":{"rendered":"https:\/\/www.europesays.com\/es\/118810\/"},"modified":"2025-09-16T13:20:07","modified_gmt":"2025-09-16T13:20:07","slug":"triunfa-a-lo-grande-isaac-fonseca-en-juriquilla","status":"publish","type":"post","link":"https:\/\/www.europesays.com\/es\/118810\/","title":{"rendered":"Triunfa a lo grande Isaac Fonseca en Juriquilla"},"content":{"rendered":"<p>\u00d3scar Tapia Campos\/Quadrat\u00edn Michoac\u00e1n<\/p>\n<p>MORELIA, Mich., 16 de septiembre de 2025.- Isaac Fonseca se alz\u00f3 como \u00fanico triunfador en Provincia Juriquilla, Quer\u00e9taro, al cortarle 1 y 2 orejas al lote que le toc\u00f3 en suerte esta larga noche de toros, por lo que al final fue paseado a hombros en solitario al centro de la aclamaci\u00f3n generalizada del respetable que pr\u00e1cticamente llen\u00f3 el aforo de tan magn\u00edfico escenario taurino. Un aspecto singular fue que al dar la vuelta al ruedo despu\u00e9s de cada una de sus dos faenas los cientos de ni\u00f1os que estaban en el grader\u00edo le lanzaron dulces en prueba de admiraci\u00f3n.<\/p>\n<p>Antonio Ferrera, quien ven\u00eda de un gran triunfo en Aguascalientes, no tuvo suerte en el sorteo. Lidi\u00f3 con lo peor del encierro de Barralva y de Ordaz y no pudo tocar pelo. Tarik Oth\u00f3n, el rejoneador queretano, realiz\u00f3 buenas faenas, pero no pudo oficiar bien con los aceros y aunque regal\u00f3 un toro, sali\u00f3 a pie y con las manos vac\u00edas. El joven novillero y rejoneador portugu\u00e9s Andr\u00e9 tuvo buenos momentos en sus cabalgaduras, pero tampoco pudo redondear con los metales.<\/p>\n<p>EL HURAC\u00c1N<br \/>La conexi\u00f3n del Hurac\u00e1n de Morelia con la multitud fue desde el inicio. Desde que se abri\u00f3 de capa empez\u00f3 la ebullici\u00f3n en los tendidos y durante el desarrollo de sus faenas son\u00f3 varias veces el grito consagratorio de \u201ctorero, torero, torero\u201d. Y el coletudo moreliano respondi\u00f3 con ese su toreo sin maquillajes: De rodillas pinture\u00f3 largas cambiadas, pincel\u00f3 ver\u00f3nicas, medias y chicuelinas. Con la muleta obsequi\u00f3 derechazos largos, hondos y en redondo, siempre con la mano muy abajo; dibuj\u00f3 naturales, vitolinas, martinetes, molinetes de pie y de rodillas, manoletinas y estuvo acertado con los aceros.<br \/>LARGA NOCHE<br \/>Fue, s\u00ed una larga noche de toros, porque fueron lidiados 9 ejemplares, en virtud de que despu\u00e9s de los 8 del cartel, Tarik Oth\u00f3n insisti\u00f3 en su b\u00fasqueda de trofeos, pero tampoco pudo tocar pelo del que regal\u00f3. Al final el p\u00fablico sali\u00f3 toreando de la plaza y una multitud esper\u00f3 a Isaac Fonseca para mostrarle su contentura, tomarse la foto, pedirle aut\u00f3grafos y establecer que, hoy por hoy, es el torero consentido de la gran afici\u00f3n queretana y, \u00e9l, el Hurac\u00e1n de Morelia, atendi\u00f3 a todos con la propiedad que le es caracter\u00edstica, la sonrisa que siempre lo acompa\u00f1a y la amabilidad que le es propia. As\u00ed sea.<\/p>\n","protected":false},"excerpt":{"rendered":"\u00d3scar Tapia Campos\/Quadrat\u00edn Michoac\u00e1n MORELIA, Mich., 16 de septiembre de 2025.- Isaac Fonseca se alz\u00f3 como \u00fanico triunfador&hellip;\n","protected":false},"author":2,"featured_media":118811,"comment_status":"","ping_status":"","sticky":false,"template":"","format":"standard","meta":{"footnotes":""},"categories":[277],"tags":[373,168,25,24,39469,23,167,374],"class_list":{"0":"post-118810","1":"post","2":"type-post","3":"status-publish","4":"format-standard","5":"has-post-thumbnail","7":"category-toreo","8":"tag-bullfighting","9":"tag-deportes","10":"tag-es","11":"tag-espana","12":"tag-isaac-fonseca","13":"tag-spain","14":"tag-sports","15":"tag-toreo"},"share_on_mastodon":{"url":"","error":""},"_links":{"self":[{"href":"https:\/\/www.europesays.com\/es\/wp-json\/wp\/v2\/posts\/118810","targetHints":{"allow":["GET"]}}],"collection":[{"href":"https:\/\/www.europesays.com\/es\/wp-json\/wp\/v2\/posts"}],"about":[{"href":"https:\/\/www.europesays.com\/es\/wp-json\/wp\/v2\/types\/post"}],"author":[{"embeddable":true,"href":"https:\/\/www.europesays.com\/es\/wp-json\/wp\/v2\/users\/2"}],"replies":[{"embeddable":true,"href":"https:\/\/www.europesays.com\/es\/wp-json\/wp\/v2\/comments?post=118810"}],"version-history":[{"count":0,"href":"https:\/\/www.europesays.com\/es\/wp-json\/wp\/v2\/posts\/118810\/revisions"}],"wp:featuredmedia":[{"embeddable":true,"href":"https:\/\/www.europesays.com\/es\/wp-json\/wp\/v2\/media\/118811"}],"wp:attachment":[{"href":"https:\/\/www.europesays.com\/es\/wp-json\/wp\/v2\/media?parent=118810"}],"wp:term":[{"taxonomy":"category","embeddable":true,"href":"https:\/\/www.europesays.com\/es\/wp-json\/wp\/v2\/categories?post=118810"},{"taxonomy":"post_tag","embeddable":true,"href":"https:\/\/www.europesays.com\/es\/wp-json\/wp\/v2\/tags?post=118810"}],"curies":[{"name":"wp","href":"https:\/\/api.w.org\/{rel}","templated":true}]}}